{"id":2323,"date":"2026-05-26T09:49:29","date_gmt":"2026-05-26T09:49:29","guid":{"rendered":"https:\/\/turkiyemhaber.com\/?p=2323"},"modified":"2026-05-26T09:49:34","modified_gmt":"2026-05-26T09:49:34","slug":"kilicdaroglu-ali-mahir-basaririn-ustunu-cizdi-sadece-onu-affetmem","status":"publish","type":"post","link":"https:\/\/turkiyemhaber.com\/?p=2323","title":{"rendered":"K\u0131l\u0131\u00e7daro\u011flu, Ali Mahir Ba\u015far\u0131r&#8217;\u0131n \u00fcst\u00fcn\u00fc \u00e7izdi: Sadece onu affetmem"},"content":{"rendered":"\n<p class=\"wp-block-paragraph\">CHP\u2019de \u201cmutlak butlan\u201d karar\u0131 sonras\u0131 ba\u015flayan disiplin s\u00fcrecinde g\u00f6zler Ali Mahir Ba\u015far\u0131r\u2019a \u00e7evrildi. Kemal K\u0131l\u0131\u00e7daro\u011flu\u2019nun, CHP Genel Merkezi \u00f6n\u00fcnde kendisine y\u00f6nelik sert ifadeler kullanan Ba\u015far\u0131r i\u00e7in kurmaylar\u0131na \u201cSadece onu affetmem\u201d dedi\u011fi \u00f6\u011frenildi. Ba\u015far\u0131r hakk\u0131nda kesin ihra\u00e7 istemiyle disiplin s\u00fcreci ba\u015flat\u0131lmas\u0131 beklenirken, konunun MYK g\u00fcndemine ta\u015f\u0131naca\u011f\u0131 belirtildi.<\/p>\n\n\n\n<p class=\"wp-block-paragraph\">Ankara B\u00f6lge Adliye Mahkemesi 36. Hukuk Dairesi\u2019nin 21 May\u0131s ak\u015fam\u0131 UYAP sistemine y\u00fckledi\u011fi \u201cmutlak butlan\u201d karar\u0131yla CHP\u2019nin 4-5 Kas\u0131m 2023 tarihli 38. Ola\u011fan Kurultay\u0131 ge\u00e7ersiz say\u0131ld\u0131. Kararla birlikte CHP Genel Ba\u015fkan\u0131 \u00d6zg\u00fcr \u00d6zel ve parti organlar\u0131n\u0131n g\u00f6revine son verilirken, CHP Genel Ba\u015fkanl\u0131\u011f\u0131 g\u00f6revine yeniden&nbsp;<a href=\"https:\/\/www.sondakika.com\/kemal-kilicdaroglu\/\">Kemal K\u0131l\u0131\u00e7daro\u011flu<\/a>&nbsp;getirildi.<\/p>\n\n\n\n<p class=\"wp-block-paragraph\">\u00d6zg\u00fcr \u00d6zel\u2019in karar\u0131 tan\u0131mamas\u0131 ve CHP Genel Merkezi\u2019nde direni\u015f ba\u015flatmas\u0131n\u0131n ard\u0131ndan Ankara\u2019da dikkat \u00e7eken g\u00f6r\u00fcnt\u00fcler ya\u015fand\u0131. K\u0131l\u0131\u00e7daro\u011flu\u2019nun avukat\u0131 Celal \u00c7elik\u2019in Ankara Valili\u011fi\u2019ne verdi\u011fi dilek\u00e7elerin ard\u0131ndan Ankara \u0130l Emniyet M\u00fcd\u00fcrl\u00fc\u011f\u00fc ekipleri CHP Genel Merkezi\u2019ne m\u00fcdahalede bulundu. M\u00fcdahale s\u0131ras\u0131nda biber gaz\u0131 ve plastik mermi kullan\u0131ld\u0131\u011f\u0131 belirtildi.<\/p>\n\n\n\n<p class=\"wp-block-paragraph\">Ya\u015fanan olaylar\u0131n ard\u0131ndan parti binas\u0131nda hasar olu\u015furken, \u00d6zg\u00fcr \u00d6zel binadan ayr\u0131larak kalabal\u0131k grupla birlikte TBMM\u2019ye y\u00fcr\u00fcy\u00fc\u015f ba\u015flatt\u0131. Daha sonra CHP Genel Merkezi\u2019ne Kemal K\u0131l\u0131\u00e7daro\u011flu\u2019nun ekibi giri\u015f yapt\u0131.<\/p>\n\n\n\n<h3 class=\"wp-block-heading\">KILI\u00c7DARO\u011eLU 30 MAYIS\u2019TA GENEL MERKEZDE<\/h3>\n\n\n\n<p class=\"wp-block-paragraph\">CHP Genel Merkezi\u2019nde olu\u015fan hasar\u0131n giderilmesi i\u00e7in \u00e7al\u0131\u015fma ba\u015flat\u0131l\u0131rken, Kemal K\u0131l\u0131\u00e7daro\u011flu\u2019nun 30 May\u0131s\u2019ta parti genel merkezine gelerek partililerle bayramla\u015faca\u011f\u0131 \u00f6\u011frenildi.<\/p>\n\n\n\n<p class=\"wp-block-paragraph\">K\u0131l\u0131\u00e7daro\u011flu\u2019nun, CHP Genel Merkezi bah\u00e7esinde toplanacak kalabal\u0131\u011fa hitap etmesi bekleniyor. Parti i\u00e7indeki as\u0131l mesainin ise 1 Haziran\u2019da ba\u015flayaca\u011f\u0131 belirtildi.<\/p>\n\n\n\n<h3 class=\"wp-block-heading\">\u201cARINACA\u011eIZ\u201d MESAJI<\/h3>\n\n\n\n<p class=\"wp-block-paragraph\">Parti Meclisi toplant\u0131s\u0131n\u0131n ard\u0131ndan CHP MYK\u2019s\u0131na partiden ihra\u00e7 edilmesi planlanan isimlerin sunulaca\u011f\u0131 \u00f6\u011frenildi. K\u0131l\u0131\u00e7daro\u011flu\u2019nun kurmaylar\u0131yla yapt\u0131\u011f\u0131 toplant\u0131da \u201cho\u015fg\u00f6r\u00fc\u201d \u00e7a\u011fr\u0131s\u0131nda bulundu\u011fu belirtildi.<\/p>\n\n\n\n<p class=\"wp-block-paragraph\">CHP \u0130zmir Milletvekili Mahir Polat, \u201cKemal Bey ge\u00e7ti\u011fimiz haftalarda kendisine Ankara\u2019da sald\u0131r\u0131da bulunan ki\u015fiyi bile affetti ve helalle\u015fti. Elbette kendisinden helallik isteyen ve \u00f6z\u00fcr dileyen CHP\u2019li arkada\u015flar\u0131m\u0131z\u0131 affedecektir\u201d ifadelerini kulland\u0131.<\/p>\n\n\n\n<p class=\"wp-block-paragraph\"><img decoding=\"async\" alt=\"CHP Grup Ba\u015fkanvekili Ali Mahir Ba\u015far\u0131r\" src=\"https:\/\/foto.sondakika.com\/haber\/2026\/05\/26\/kilicdaroglu-ali-mahir-basarir-19883513-3112_1_m.jpg\">CHP Grup Ba\u015fkanvekili Ali Mahir Ba\u015far\u0131r<\/p>\n\n\n\n<h3 class=\"wp-block-heading\">AL\u0130 MAH\u0130R BA\u015eARIR \u0130\u00c7\u0130N D\u0130S\u0130PL\u0130N S\u00dcREC\u0130<\/h3>\n\n\n\n<p class=\"wp-block-paragraph\">24 May\u0131s sabah\u0131 K\u0131l\u0131\u00e7daro\u011flu\u2019nu destekleyen kalabal\u0131k grup baz\u0131 CHP\u2019li milletvekilleri ve avukatlarla birlikte CHP Genel Merkezi \u00f6n\u00fcnde topland\u0131. Ya\u015fanan arbedenin ard\u0131ndan CHP Grup Ba\u015fkanvekili Ali Mahir Ba\u015far\u0131r\u2019\u0131n, \u201cY\u0131llarca kendisiyle omuz omuza y\u00fcr\u00fcd\u00fc\u011f\u00fc arkada\u015flar\u0131n\u0131 d\u00f6vd\u00fcrecekse, \u00f6ld\u00fcrtecekse Allah onun belas\u0131n\u0131 versin. Bu millet onu affetmeyecek. Tarih onu affetmeyecek\u201d s\u00f6zleri g\u00fcndem oldu.<\/p>\n\n\n\n<p class=\"wp-block-paragraph\">S\u00f6zc\u00fc&#8217;n\u00fcn haberine g\u00f6re K\u0131l\u0131\u00e7daro\u011flu\u2019nun bu a\u00e7\u0131klamalara b\u00fcy\u00fck tepki g\u00f6sterdi\u011fi \u00f6\u011frenilirken, Ali Mahir Ba\u015far\u0131r\u2019\u0131n kesin ihra\u00e7 istemiyle disipline sevk edilmesi i\u00e7in haz\u0131rl\u0131k ba\u015flat\u0131ld\u0131.<\/p>\n\n\n\n<h3 class=\"wp-block-heading\">\u0130MAMO\u011eLU DAH\u0130L BA\u015eKANLARDAN SAVUNMA \u0130STENECEK<\/h3>\n\n\n\n<p class=\"wp-block-paragraph\">Ba\u015fta tutuklu \u0130BB Ba\u015fkan\u0131 Ekrem \u0130mamo\u011flu olmak \u00fczere haklar\u0131nda \u201cyolsuzluk\u201d, \u201cr\u00fc\u015fvet\u201d ve \u00e7e\u015fitli su\u00e7lamalarla yarg\u0131lama s\u00fcre\u00e7leri devam eden CHP\u2019li belediye ba\u015fkanlar\u0131ndan parti y\u00f6netimine savunma vermeleri istenecek.<\/p>\n\n\n\n<p class=\"wp-block-paragraph\">Savunmalar\u0131n tamamlanmas\u0131n\u0131n ard\u0131ndan MYK\u2019da yap\u0131lacak de\u011ferlendirmenin ard\u0131ndan gerekli g\u00f6r\u00fclen isimler CHP Y\u00fcksek Disiplin Kurulu\u2019na sevk edilecek.<\/p>\n\n\n\n<p class=\"wp-block-paragraph\">Mutlak butlan karar\u0131yla birlikte Kas\u0131m 2023 \u00f6ncesindeki CHP Y\u00fcksek Disiplin Kurulu yap\u0131s\u0131nda \u00e7o\u011funlu\u011fun K\u0131l\u0131\u00e7daro\u011flu\u2019na yak\u0131n isimlerden olu\u015ftu\u011fu belirtilirken, MYK\u2019da ise \u00d6zg\u00fcr \u00d6zel ve K\u0131l\u0131\u00e7daro\u011flu destek\u00e7ileri aras\u0131nda dengeli bir da\u011f\u0131l\u0131m bulundu\u011fu ifade ediliyor.<\/p>\n","protected":false},"excerpt":{"rendered":"<p>CHP\u2019de \u201cmutlak butlan\u201d karar\u0131 sonras\u0131 ba\u015flayan disiplin s\u00fcrecinde g\u00f6zler Ali Mahir Ba\u015far\u0131r\u2019a \u00e7evrildi. Kemal K\u0131l\u0131\u00e7daro\u011flu\u2019nun,<\/p>\n","protected":false},"author":1,"featured_media":2324,"comment_status":"open","ping_status":"open","sticky":false,"template":"","format":"standard","meta":{"_rtcl_gb_attr":"","footnotes":""},"categories":[44],"tags":[],"class_list":["post-2323","post","type-post","status-publish","format-standard","has-post-thumbnail","hentry","category-politika"],"_links":{"self":[{"href":"https:\/\/turkiyemhaber.com\/index.php?rest_route=\/wp\/v2\/posts\/2323","targetHints":{"allow":["GET"]}}],"collection":[{"href":"https:\/\/turkiyemhaber.com\/index.php?rest_route=\/wp\/v2\/posts"}],"about":[{"href":"https:\/\/turkiyemhaber.com\/index.php?rest_route=\/wp\/v2\/types\/post"}],"author":[{"embeddable":true,"href":"https:\/\/turkiyemhaber.com\/index.php?rest_route=\/wp\/v2\/users\/1"}],"replies":[{"embeddable":true,"href":"https:\/\/turkiyemhaber.com\/index.php?rest_route=%2Fwp%2Fv2%2Fcomments&post=2323"}],"version-history":[{"count":1,"href":"https:\/\/turkiyemhaber.com\/index.php?rest_route=\/wp\/v2\/posts\/2323\/revisions"}],"predecessor-version":[{"id":2325,"href":"https:\/\/turkiyemhaber.com\/index.php?rest_route=\/wp\/v2\/posts\/2323\/revisions\/2325"}],"wp:featuredmedia":[{"embeddable":true,"href":"https:\/\/turkiyemhaber.com\/index.php?rest_route=\/wp\/v2\/media\/2324"}],"wp:attachment":[{"href":"https:\/\/turkiyemhaber.com\/index.php?rest_route=%2Fwp%2Fv2%2Fmedia&parent=2323"}],"wp:term":[{"taxonomy":"category","embeddable":true,"href":"https:\/\/turkiyemhaber.com\/index.php?rest_route=%2Fwp%2Fv2%2Fcategories&post=2323"},{"taxonomy":"post_tag","embeddable":true,"href":"https:\/\/turkiyemhaber.com\/index.php?rest_route=%2Fwp%2Fv2%2Ftags&post=2323"}],"curies":[{"name":"wp","href":"https:\/\/api.w.org\/{rel}","templated":true}]}}