{"id":2320,"date":"2026-05-26T09:45:49","date_gmt":"2026-05-26T09:45:49","guid":{"rendered":"https:\/\/turkiyemhaber.com\/?p=2320"},"modified":"2026-05-26T09:45:53","modified_gmt":"2026-05-26T09:45:53","slug":"icisleri-bakani-ciftciden-chp-aciklamasi-polis-mudahalesi-kilicdaroglu-yonetiminin-talebiyle-yapildi","status":"publish","type":"post","link":"https:\/\/turkiyemhaber.com\/?p=2320","title":{"rendered":"\u0130\u00e7i\u015fleri Bakan\u0131 \u00c7ift\u00e7i&#8217;den CHP a\u00e7\u0131klamas\u0131: Polis m\u00fcdahalesi K\u0131l\u0131\u00e7daro\u011flu y\u00f6netiminin talebiyle yap\u0131ld\u0131"},"content":{"rendered":"\n<p class=\"wp-block-paragraph\">\u0130\u00e7i\u015fleri Bakan\u0131 Mustafa \u00c7ift\u00e7i, CHP Genel Merkezi\u2019nin tahliyesine ili\u015fkin ilk kez konu\u015ftu. Bakan \u00c7ift\u00e7i, polis m\u00fcdahalesinin devletin ya da g\u00fcvenlik g\u00fc\u00e7lerinin ba\u015flatt\u0131\u011f\u0131 bir s\u00fcre\u00e7 olmad\u0131\u011f\u0131n\u0131 savunarak, mahkeme karar\u0131n\u0131n \u201cyine CHP y\u00f6netiminin talebiyle\u201d g\u00fcvenlik birimleri taraf\u0131ndan uygulanmak zorunda kald\u0131\u011f\u0131n\u0131 s\u00f6yledi.<\/p>\n\n\n\n<p class=\"wp-block-paragraph\">CHP Genel Merkezi\u2019nin tahliyesine y\u00f6nelik polis m\u00fcdahalesi ve s\u00fcre\u00e7te ortaya \u00e7\u0131kan g\u00f6r\u00fcnt\u00fcler kamuoyunda b\u00fcy\u00fck bir tart\u0131\u015fman\u0131n fitilini ate\u015fledi. Geli\u015fmelerle ilgili h\u00fck\u00fcmet cephesinden dikkat \u00e7eken bir a\u00e7\u0131klama geldi.&nbsp;<\/p>\n\n\n\n<p class=\"wp-block-paragraph\"><a href=\"https:\/\/www.sondakika.com\/icisleri-bakani\/\">\u0130\u00e7i\u015fleri Bakan\u0131<\/a>&nbsp;<a href=\"https:\/\/www.sondakika.com\/mustafa-ciftci\/\">Mustafa \u00c7ift\u00e7i<\/a>, gazeteci Kemal \u00d6zt\u00fcrk\u2019e verdi\u011fi r\u00f6portajda, m\u00fcdahalenin iktidar ya da g\u00fcvenlik g\u00fc\u00e7leri taraf\u0131ndan ba\u015flat\u0131lmad\u0131\u011f\u0131n\u0131, CHP i\u00e7inden gelen hukuki ba\u015fvurular\u0131n sonucu oldu\u011funu savundu.&nbsp;\u00c7ift\u00e7i\u2019nin a\u00e7\u0131klamas\u0131nda en dikkat \u00e7eken b\u00f6l\u00fcm, polis m\u00fcdahalesinin \u201cCHP y\u00f6netiminin talebiyle\u201d yap\u0131ld\u0131\u011f\u0131n\u0131 s\u00f6ylemesi oldu.<\/p>\n\n\n\n<h3 class=\"wp-block-heading\">\u201cMAHKEME KARARI CHP Y\u00d6NET\u0130M\u0130N\u0130N TALEB\u0130YLE UYGULANDI\u201d<\/h3>\n\n\n\n<p class=\"wp-block-paragraph\">Bakan \u00c7ift\u00e7i, CHP Genel Merkezi\u2019ne polislerin girmesine ili\u015fkin soruya, s\u00fcrecin CHP i\u00e7indeki baz\u0131 isimlerin ve delegelerin yarg\u0131ya yapt\u0131\u011f\u0131 ba\u015fvurularla ba\u015flad\u0131\u011f\u0131n\u0131 s\u00f6yledi.<\/p>\n\n\n\n<p class=\"wp-block-paragraph\">\u00c7ift\u00e7i, devam\u0131nda mahkeme kararlar\u0131n\u0131n uygulanmas\u0131na ili\u015fkin taleplerin Ankara Emniyet M\u00fcd\u00fcrl\u00fc\u011f\u00fc\u2019ne iletildi\u011fini belirterek, \u015fu ifadeleri kulland\u0131:&nbsp;\u201cOrtaya \u00e7\u0131kan tablo, g\u00fcvenlik g\u00fc\u00e7lerimizin ya da devlet kurumlar\u0131m\u0131z\u0131n ba\u015flatt\u0131\u011f\u0131 bir s\u00fcrecin \u00fcr\u00fcn\u00fc de\u011fil, yarg\u0131ya ta\u015f\u0131nm\u0131\u015f hukuk\u00ee bir s\u00fcrecin zorunlu sonucudur.\u201d<\/p>\n\n\n\n<p class=\"wp-block-paragraph\">\u00c7ift\u00e7i, CHP i\u00e7indeki taraflar\u0131n kendi aralar\u0131nda anla\u015famad\u0131\u011f\u0131n\u0131 belirterek, \u201cMahkeme karar\u0131 yine CHP y\u00f6netiminin talebiyle g\u00fcvenlik birimlerimiz taraf\u0131ndan uygulanmak durumunda kal\u0131nd\u0131\u201d dedi.<\/p>\n\n\n\n<h3 class=\"wp-block-heading\">KILI\u00c7DARO\u011eLU\u2019NUN AVUKATININ D\u0130LEK\u00c7ES\u0130 YEN\u0130DEN G\u00dcNDEMDE<\/h3>\n\n\n\n<p class=\"wp-block-paragraph\">Bakan \u00c7ift\u00e7i\u2019nin bu a\u00e7\u0131klamas\u0131, Kemal K\u0131l\u0131\u00e7daro\u011flu\u2019nun avukat\u0131 Celal \u00c7elik\u2019in Ankara \u0130l Emniyet M\u00fcd\u00fcrl\u00fc\u011f\u00fc\u2019ne verdi\u011fi dilek\u00e7eyi yeniden g\u00fcndeme ta\u015f\u0131d\u0131.&nbsp;<\/p>\n\n\n\n<p class=\"wp-block-paragraph\">Celal \u00c7elik imzal\u0131 dilek\u00e7ede, Ankara B\u00f6lge Adliye Mahkemesi 36. Hukuk Dairesi\u2019nin karar\u0131 ve Ankara 3. Genel \u0130cra Dairesi dosyas\u0131 gerek\u00e7e g\u00f6sterilerek, CHP Genel Merkezi\u2019nin Kemal K\u0131l\u0131\u00e7daro\u011flu ve y\u00f6netimine teslim edilmesi i\u00e7in gerekli i\u015flemlerin yap\u0131lmas\u0131 talep edilmi\u015fti.<\/p>\n\n\n\n<p class=\"wp-block-paragraph\">Dilek\u00e7ede, CHP\u2019nin temsil yetkisinin Kemal K\u0131l\u0131\u00e7daro\u011flu ve y\u00f6netimine ait oldu\u011fu savunulmu\u015f, Genel Merkez\u2019in bo\u015falt\u0131lmad\u0131\u011f\u0131 belirtilerek emniyetten m\u00fcdahale istenmi\u015fti.<\/p>\n\n\n\n<h3 class=\"wp-block-heading\">\u201cG\u00dcVENL\u0130K G\u00dc\u00c7LER\u0130 PART\u0130 \u0130\u00c7\u0130 TARTI\u015eMANIN TARAFI OLAMAZ\u201d<\/h3>\n\n\n\n<p class=\"wp-block-paragraph\">\u0130\u00e7i\u015fleri Bakan\u0131 \u00c7ift\u00e7i, g\u00fcvenlik birimlerinin siyasi bir tart\u0131\u015fman\u0131n ya da parti i\u00e7i gerilimin taraf\u0131 olamayaca\u011f\u0131n\u0131 s\u00f6yledi.&nbsp;\u00c7ift\u00e7i, \u201cG\u00fcvenlik birimlerimiz siyasi bir tart\u0131\u015fman\u0131n, bir parti i\u00e7i tart\u0131\u015fman\u0131n ya da gerilimin taraf\u0131 olamaz. G\u00fcvenlik g\u00fc\u00e7lerimiz, mahkeme kararlar\u0131n\u0131n uygulanmas\u0131 ve kamu d\u00fczeninin korunmas\u0131 sorumlulu\u011fu \u00e7er\u00e7evesinde g\u00f6rev yapm\u0131\u015ft\u0131r\u201d ifadelerini kulland\u0131.<\/p>\n\n\n\n<h3 class=\"wp-block-heading\">\u201cZOR KULLANMADA SINIR A\u015eIMI YOK\u201d<\/h3>\n\n\n\n<p class=\"wp-block-paragraph\">CHP Genel Merkezi\u2019nde biber gaz\u0131 kullan\u0131lmas\u0131, kap\u0131lar\u0131n k\u0131r\u0131lmas\u0131 ve binaya polis m\u00fcdahalesi yap\u0131lmas\u0131na ili\u015fkin ele\u015ftirilere de yan\u0131t veren \u00c7ift\u00e7i, g\u00fcvenlik g\u00fc\u00e7lerinin orant\u0131l\u0131l\u0131k ilkesi i\u00e7inde hareket etti\u011fini savundu.&nbsp;\u00c7ift\u00e7i, \u201cG\u00fcvenlik g\u00fc\u00e7lerimizin tutumu hukukun \u00e7izdi\u011fi s\u0131n\u0131rlar i\u00e7indedir ve bu s\u0131n\u0131rlar\u0131n a\u015f\u0131ld\u0131\u011f\u0131na dair herhangi bir tespit s\u00f6z konusu de\u011fildir\u201d dedi.<\/p>\n\n\n\n<h3 class=\"wp-block-heading\">\u201cCHP HEYET\u0130YLE G\u00d6R\u00dc\u015e\u00dcLD\u00dc\u201d<\/h3>\n\n\n\n<p class=\"wp-block-paragraph\">Bakan \u00c7ift\u00e7i, CHP Genel Merkezi\u2019nin diyalogla bo\u015falt\u0131l\u0131p bo\u015falt\u0131lamayaca\u011f\u0131 y\u00f6n\u00fcndeki soruya da yan\u0131t verdi.&nbsp;CHP\u2019den gelen bir heyetin randevu talebine olumlu cevap verildi\u011fini ve heyetle g\u00f6r\u00fc\u015ft\u00fc\u011f\u00fcn\u00fc belirten \u00c7ift\u00e7i, parti i\u00e7indeki taraflar\u0131n kendi aralar\u0131nda anla\u015fmalar\u0131 ve Genel Merkez\u2019in kendi iradeleriyle bo\u015falt\u0131lmas\u0131 i\u00e7in zaman tan\u0131nd\u0131\u011f\u0131n\u0131 s\u00f6yledi.<\/p>\n\n\n\n<p class=\"wp-block-paragraph\">\u00c7ift\u00e7i, buna ra\u011fmen CHP i\u00e7indeki daval\u0131 ve davac\u0131 taraflar\u0131n uzla\u015famad\u0131\u011f\u0131n\u0131, bunun \u00fczerine mahkeme karar\u0131n\u0131n g\u00fcvenlik birimleri taraf\u0131ndan uyguland\u0131\u011f\u0131n\u0131 ifade etti.<\/p>\n","protected":false},"excerpt":{"rendered":"<p>\u0130\u00e7i\u015fleri Bakan\u0131 Mustafa \u00c7ift\u00e7i, CHP Genel Merkezi\u2019nin tahliyesine ili\u015fkin ilk kez konu\u015ftu. Bakan \u00c7ift\u00e7i, polis<\/p>\n","protected":false},"author":1,"featured_media":2321,"comment_status":"open","ping_status":"open","sticky":false,"template":"","format":"standard","meta":{"_rtcl_gb_attr":"","footnotes":""},"categories":[43],"tags":[],"class_list":["post-2320","post","type-post","status-publish","format-standard","has-post-thumbnail","hentry","category-son-dakika"],"_links":{"self":[{"href":"https:\/\/turkiyemhaber.com\/index.php?rest_route=\/wp\/v2\/posts\/2320","targetHints":{"allow":["GET"]}}],"collection":[{"href":"https:\/\/turkiyemhaber.com\/index.php?rest_route=\/wp\/v2\/posts"}],"about":[{"href":"https:\/\/turkiyemhaber.com\/index.php?rest_route=\/wp\/v2\/types\/post"}],"author":[{"embeddable":true,"href":"https:\/\/turkiyemhaber.com\/index.php?rest_route=\/wp\/v2\/users\/1"}],"replies":[{"embeddable":true,"href":"https:\/\/turkiyemhaber.com\/index.php?rest_route=%2Fwp%2Fv2%2Fcomments&post=2320"}],"version-history":[{"count":1,"href":"https:\/\/turkiyemhaber.com\/index.php?rest_route=\/wp\/v2\/posts\/2320\/revisions"}],"predecessor-version":[{"id":2322,"href":"https:\/\/turkiyemhaber.com\/index.php?rest_route=\/wp\/v2\/posts\/2320\/revisions\/2322"}],"wp:featuredmedia":[{"embeddable":true,"href":"https:\/\/turkiyemhaber.com\/index.php?rest_route=\/wp\/v2\/media\/2321"}],"wp:attachment":[{"href":"https:\/\/turkiyemhaber.com\/index.php?rest_route=%2Fwp%2Fv2%2Fmedia&parent=2320"}],"wp:term":[{"taxonomy":"category","embeddable":true,"href":"https:\/\/turkiyemhaber.com\/index.php?rest_route=%2Fwp%2Fv2%2Fcategories&post=2320"},{"taxonomy":"post_tag","embeddable":true,"href":"https:\/\/turkiyemhaber.com\/index.php?rest_route=%2Fwp%2Fv2%2Ftags&post=2320"}],"curies":[{"name":"wp","href":"https:\/\/api.w.org\/{rel}","templated":true}]}}