{"id":2318,"date":"2026-05-26T09:42:21","date_gmt":"2026-05-26T09:42:21","guid":{"rendered":"https:\/\/turkiyemhaber.com\/?p=2318"},"modified":"2026-05-26T09:42:25","modified_gmt":"2026-05-26T09:42:25","slug":"kilicdaroglu-dilekce-verdi-chpde-eski-parti-meclisi-goreve-donuyor","status":"publish","type":"post","link":"https:\/\/turkiyemhaber.com\/?p=2318","title":{"rendered":"K\u0131l\u0131\u00e7daro\u011flu dilek\u00e7e verdi, CHP&#8217;de eski Parti Meclisi g\u00f6reve d\u00f6n\u00fcyor"},"content":{"rendered":"\n<p class=\"wp-block-paragraph\">Mutlak butlan karar\u0131yla CHP Genel Ba\u015fkanl\u0131\u011f\u0131 g\u00f6revine yeniden gelen Kemal K\u0131l\u0131\u00e7daro\u011flu\u2019nun ekibinin, eski Parti Meclisi\u2019nin g\u00f6reve d\u00f6nmesi i\u00e7in yapt\u0131\u011f\u0131 ba\u015fvuru kabul edildi. CHP Parti Meclisi ve Y\u00fcksek Disiplin Kurulu \u00fcyeleri mahkeme karar\u0131yla g\u00f6revlerine iade edilirken, ilk toplant\u0131n\u0131n 1 Haziran\u2019da yap\u0131laca\u011f\u0131 \u00f6\u011frenildi. Belediye ba\u015fkan\u0131, milletvekili ve Grup Ba\u015fkanvekili olarak g\u00f6rev yapan baz\u0131 isimlerin ise mevcut g\u00f6revleri nedeniyle Parti Meclisi\u2019nde yer alamayaca\u011f\u0131 belirtildi.<\/p>\n\n\n\n<p class=\"wp-block-paragraph\">Mutlak butlan karar\u0131n\u0131n ard\u0131ndan&nbsp;<a href=\"https:\/\/www.sondakika.com\/kemal-kilicdaroglu\/\">Kemal K\u0131l\u0131\u00e7daro\u011flu<\/a>&nbsp;kendi y\u00f6netimini belirlemeye \u00e7al\u0131\u015f\u0131yor.&nbsp;Ankara 3. Genel \u0130cra Dairesi, kurultay iptali karar\u0131n\u0131n ard\u0131ndan g\u00f6reve iade edilen CHP PM ve YDK \u00fcyelerine resmi tebligat yap\u0131lmas\u0131 y\u00f6n\u00fcndeki talebi kabul etti.<\/p>\n\n\n\n<p class=\"wp-block-paragraph\">Onur Yusuf \u00dcregen&#8217;in avukat\u0131 taraf\u0131ndan Ankara 3. Genel \u0130cra Dairesi M\u00fcd\u00fcrl\u00fc\u011f\u00fc&#8217;ne verilen dilek\u00e7ede, &#8220;Dosya kapsam\u0131nda tedbiren g\u00f6reve iade ve listeleri CHP Genel Merkezi taraf\u0131ndan dosyaya ibraz edilen CHP Parti Meclisi \u00dcyelerinin ve Y\u00fcksek Disiplin Kurulu \u00dcyelerinin g\u00f6reve iade i\u015flemlerinin yap\u0131lmas\u0131n\u0131 ve tebligatlar\u0131n\u0131 elden icra m\u00fcd\u00fcrl\u00fc\u011f\u00fcne m\u00fcracaat ederek tebell\u00fc\u011f etmelerine, bu \u015fekilde tebell\u00fc\u011f etmeyenlerle ilgili daha sonra talebimiz \u00fczerine tebligat \u00e7\u0131kar\u0131lmas\u0131na karar verilmesini talep ederim.&#8221; ifadeleri yer ald\u0131.<\/p>\n\n\n\n<h3 class=\"wp-block-heading\">KILI\u00c7DARO\u011eLU&#8217;NDAN MAA\u015e \u00d6DEME TAL\u0130MATI<\/h3>\n\n\n\n<p class=\"wp-block-paragraph\"><a href=\"https:\/\/www.sondakika.com\/cumhuriyet-halk-partisi\/\">Cumhuriyet Halk Partisi<\/a>&#8216;nde (CHP) \u00e7al\u0131\u015fanlar\u0131n maa\u015flar\u0131 ile bayram ikramiyelerinin yat\u0131r\u0131laca\u011f\u0131 ve hi\u00e7bir personelin ma\u011fdur edilmeyece\u011fi belirtildi.<\/p>\n\n\n\n<p class=\"wp-block-paragraph\">Kamuoyuna yans\u0131yan &#8220;CHP&#8217;de maa\u015f \u00f6demeleri donduruldu&#8221; \u015feklindeki iddialar\u0131n do\u011fru olmad\u0131\u011f\u0131 belirtildi. Hi\u00e7bir personelin bu s\u00fcre\u00e7te ma\u011fdur edilmeyece\u011fi kaydedildi. Kemal K\u0131l\u0131\u00e7daro\u011flu&#8217;nun bas\u0131n dan\u0131\u015fman\u0131 Atakan S\u00f6nmez, &#8220;Partideki i\u015fleyi\u015fte herhangi bir s\u0131k\u0131nt\u0131 yok \u00e7al\u0131\u015fan herkesin maa\u015flar\u0131n\u0131n \u00f6demesinin talimat\u0131 verildi.&#8221; dedi.<\/p>\n\n\n\n<h3 class=\"wp-block-heading\">\u0130LK PM VE YDK TOPLANTILARI 1 HAZ\u0130RAN&#8217;DA YAPILACAK<\/h3>\n\n\n\n<p class=\"wp-block-paragraph\">Kemal K\u0131l\u0131\u00e7daro\u011flu, istinaf\u0131n CHP Kurultay\u0131 hakk\u0131ndaki karar\u0131 sonras\u0131 ilk Parti Meclisi (PM) toplant\u0131s\u0131n\u0131 1 Haziran&#8217;da yapacak. CHP&#8217;de ayn\u0131 g\u00fcn Y\u00fcksek Disiplin Kurulu (YDK) da toplanacak.<\/p>\n\n\n\n<p class=\"wp-block-paragraph\">Parti kaynaklar\u0131ndan edinilen bilgilere g\u00f6re; K\u0131l\u0131\u00e7daro\u011flu&#8217;nun partinin, kurultay\u0131n ard\u0131ndan en yetkili organ\u0131 olan PM&#8217;yi 1 Haziran Pazartesi saat 11.00&#8217;de toplamas\u0131 planlan\u0131yor. Toplant\u0131da, PM \u00fcyeleri i\u00e7erisinden Merkez Y\u00f6netim Kurulu (MYK) \u00fcyeleri belirlenecek ve K\u0131l\u0131\u00e7daro\u011flu&#8217;nun kurmaylar\u0131 aras\u0131nda g\u00f6rev da\u011f\u0131l\u0131m\u0131 yap\u0131lacak.<\/p>\n\n\n\n<h3 class=\"wp-block-heading\">PM VE YDK \u00dcYELER\u0130 G\u00d6REVLER\u0130NE \u0130ADE ED\u0130LD\u0130<\/h3>\n\n\n\n<p class=\"wp-block-paragraph\">CHP&#8217;nin 25-26 Temmuz 2020&#8217;de yap\u0131lan 37. Ola\u011fan Kurultay&#8217;\u0131n\u0131n sonucunda belirlenen PM ve YDK&#8217;nin as\u0131l ve yedek \u00fcyeleri, mahkeme karar\u0131yla g\u00f6revlerine iade edildi.&nbsp;Buna kar\u015f\u0131n, K\u0131l\u0131\u00e7daro\u011flu&#8217;nun son PM&#8217;sinde yer alan baz\u0131 isimler, \u00e7e\u015fitli sebeplerden \u00f6t\u00fcr\u00fc bu PM&#8217;de g\u00f6rev alamayacak.<\/p>\n\n\n\n<h3 class=\"wp-block-heading\">BELED\u0130YE BA\u015eKANI OLANLAR L\u0130STEDE YER ALAMAYACAK<\/h3>\n\n\n\n<p class=\"wp-block-paragraph\">Daha \u00f6nce listede olan Onursal Ad\u0131g\u00fczel, Ahmet Ak\u0131n, Muharrem Erkek, Hasan Baltac\u0131 ve Candan Y\u00fcceer, belediye ba\u015fkan\u0131 olmalar\u0131 sebebiyle 60 ki\u015filik PM&#8217;de yer alamayacak.<\/p>\n\n\n\n<h3 class=\"wp-block-heading\">AL\u0130 MAH\u0130R BA\u015eARIR VE MURAT EM\u0130R DE OLMAYACAK<\/h3>\n\n\n\n<p class=\"wp-block-paragraph\">Ayr\u0131ca Tekin Bing\u00f6l ve G\u00fclizar Bi\u00e7er Karaca TBMM Ba\u015fkanvekilli\u011fi g\u00f6revleri, Ali Mahir Ba\u015far\u0131r, G\u00f6khan G\u00fcnayd\u0131n ve Murat Emir ise CHP Grup Ba\u015fkanvekilli\u011fi g\u00f6revinde bulunmalar\u0131 sebebiyle PM&#8217;de bulunamayacak.&nbsp;Bunlara ek olarak, Eren Erdem partiden istifas\u0131 ve eski CHP Bursa Milletvekili Lale Karab\u0131y\u0131k ise vefat etmesi sebebiyle PM&#8217;de olmayacak.<\/p>\n\n\n\n<p class=\"wp-block-paragraph\">Bu durumda parti t\u00fcz\u00fc\u011f\u00fcne g\u00f6re, PM&#8217;nin yedek \u00fcyeleri, ald\u0131klar\u0131 oy oran\u0131 hesaba kat\u0131larak bo\u015falan sandalyeleri dolduracak. O d\u00f6nem PM yedek \u00fcyelerinden olan ve CHP&#8217;den istifa eden AK Parti \u0130zmir Milletvekili Mehmet Ali \u00c7elebi 15 ki\u015filik yedek \u00fcye listesinde yer almayacak.<\/p>\n\n\n\n<p class=\"wp-block-paragraph\"><strong>CHP&#8217;de 37&#8217;nci Ola\u011fan Kurultay&#8217;da olu\u015fan PM listesinde \u015fu isimler yer al\u0131yordu;<\/strong><\/p>\n\n\n\n<p class=\"wp-block-paragraph\">1- Faik \u00d6ztrak (982)<\/p>\n\n\n\n<p class=\"wp-block-paragraph\">2- B\u00fclent Ku\u015fo\u011flu (862)<\/p>\n\n\n\n<p class=\"wp-block-paragraph\">3- Ali \u00d6ztun\u00e7 (855)<\/p>\n\n\n\n<p class=\"wp-block-paragraph\">4- R\u0131fat Turuntay Nalbanto\u011flu (848)<\/p>\n\n\n\n<p class=\"wp-block-paragraph\">5- O\u011fuz Kaan Sal\u0131c\u0131 (844)<\/p>\n\n\n\n<p class=\"wp-block-paragraph\">6- Onursal Ad\u0131g\u00fczel (836)<\/p>\n\n\n\n<p class=\"wp-block-paragraph\">7- Umut Akdo\u011fan (830)<\/p>\n\n\n\n<p class=\"wp-block-paragraph\">8- Deniz Demir (825)<\/p>\n\n\n\n<p class=\"wp-block-paragraph\">9- G\u00fcrsel Erol (824)<\/p>\n\n\n\n<p class=\"wp-block-paragraph\">10- Erdo\u011fan Toprak (819)<\/p>\n\n\n\n<p class=\"wp-block-paragraph\">11- Selin Sayek B\u00f6ke (794- K)<\/p>\n\n\n\n<p class=\"wp-block-paragraph\">12- Veli A\u011fbaba (791)<\/p>\n\n\n\n<p class=\"wp-block-paragraph\">13- Ahmet Ak\u0131n (791)<\/p>\n\n\n\n<p class=\"wp-block-paragraph\">14- Hakk\u0131 Suha Okay (762)<\/p>\n\n\n\n<p class=\"wp-block-paragraph\">15- Ednan Arslan (743)<\/p>\n\n\n\n<p class=\"wp-block-paragraph\">16- Gamze Akku\u015f \u0130lgezdi (729 &#8211; K)<\/p>\n\n\n\n<p class=\"wp-block-paragraph\">17- Zeynel Emre (723)<\/p>\n\n\n\n<p class=\"wp-block-paragraph\">18- Murat Emir (720)<\/p>\n\n\n\n<p class=\"wp-block-paragraph\">19- Tekin Bing\u00f6l (716)<\/p>\n\n\n\n<p class=\"wp-block-paragraph\">20- Ula\u015f Karasu (688)<\/p>\n\n\n\n<p class=\"wp-block-paragraph\">21- Gamze Ta\u015fc\u0131er (681-K)<\/p>\n\n\n\n<p class=\"wp-block-paragraph\">22- G\u00f6kan Zeybek (679)<\/p>\n\n\n\n<p class=\"wp-block-paragraph\">23- B\u00fclent Tezcan (676)<\/p>\n\n\n\n<p class=\"wp-block-paragraph\">24- Orhan Sar\u0131bal (675)<\/p>\n\n\n\n<p class=\"wp-block-paragraph\">25- Seyit Torun (673)<\/p>\n\n\n\n<p class=\"wp-block-paragraph\">26- Tahsin Tarhan (671)<\/p>\n\n\n\n<p class=\"wp-block-paragraph\">27- \u00d6zg\u00fcr Karabat (668)<\/p>\n\n\n\n<p class=\"wp-block-paragraph\">28- Nurhayat Altaca Kay\u0131\u015fo\u011flu (666 &#8211; K)<\/p>\n\n\n\n<p class=\"wp-block-paragraph\">29- Gaye Usluer (661-K)<\/p>\n\n\n\n<p class=\"wp-block-paragraph\">30- Muharrem Erkek (642)<\/p>\n\n\n\n<p class=\"wp-block-paragraph\">31- G\u00f6khan G\u00fcnayd\u0131n (641)<\/p>\n\n\n\n<p class=\"wp-block-paragraph\">32- Eren Erdem (637)<\/p>\n\n\n\n<p class=\"wp-block-paragraph\">33- Hasan Baltac\u0131 (623)<\/p>\n\n\n\n<p class=\"wp-block-paragraph\">34- Devrim Bar\u0131\u015f \u00c7elik (612)<\/p>\n\n\n\n<p class=\"wp-block-paragraph\">35- G\u00fclizar Bi\u00e7er Karaca (606 &#8211; K)<\/p>\n\n\n\n<p class=\"wp-block-paragraph\">36- Nevaf Bilek (595)<\/p>\n\n\n\n<p class=\"wp-block-paragraph\">37- M\u00fcslim Sar\u0131 (592)<\/p>\n\n\n\n<p class=\"wp-block-paragraph\">38- Ali Mahir Ba\u015far\u0131r (576)<\/p>\n\n\n\n<p class=\"wp-block-paragraph\">39- Aysu Banko\u011flu (542 &#8211; K)<\/p>\n\n\n\n<p class=\"wp-block-paragraph\">40- Ya\u015far Seyman (528 &#8211; K)<\/p>\n\n\n\n<p class=\"wp-block-paragraph\">41- Candan Y\u00fcceer (520 &#8211; K)<\/p>\n\n\n\n<p class=\"wp-block-paragraph\">42- Aylin Nazl\u0131aka (515 &#8211; K)<\/p>\n\n\n\n<p class=\"wp-block-paragraph\">43- P\u0131nar Uzun (476 &#8211; K)<\/p>\n\n\n\n<p class=\"wp-block-paragraph\">44- Ay\u00e7a Ta\u015fkent (431- K)<\/p>\n\n\n\n<p class=\"wp-block-paragraph\">45- Sevgi K\u0131l\u0131\u00e7 (365 &#8211; K)<\/p>\n\n\n\n<p class=\"wp-block-paragraph\">46- Erbil Ayd\u0131nl\u0131k (355 &#8211; K)<\/p>\n\n\n\n<p class=\"wp-block-paragraph\">47- G\u00f6k\u00e7e G\u00f6k\u00e7en (354 &#8211; K)<\/p>\n\n\n\n<p class=\"wp-block-paragraph\">48- Ahmet Hakan Uyan\u0131k (349 -G)<\/p>\n\n\n\n<p class=\"wp-block-paragraph\">49- Neslihan Hanc\u0131o\u011flu (336 &#8211; K)<\/p>\n\n\n\n<p class=\"wp-block-paragraph\">50- Semra Din\u00e7er (295 &#8211; K)<\/p>\n\n\n\n<p class=\"wp-block-paragraph\">51- Gizem \u00d6zcan (293 &#8211; K)<\/p>\n\n\n\n<p class=\"wp-block-paragraph\">52- Hasan Efe Uyar (293 &#8211; G)<\/p>\n","protected":false},"excerpt":{"rendered":"<p>Mutlak butlan karar\u0131yla CHP Genel Ba\u015fkanl\u0131\u011f\u0131 g\u00f6revine yeniden gelen Kemal K\u0131l\u0131\u00e7daro\u011flu\u2019nun ekibinin, eski Parti Meclisi\u2019nin<\/p>\n","protected":false},"author":1,"featured_media":1991,"comment_status":"open","ping_status":"open","sticky":false,"template":"","format":"standard","meta":{"_rtcl_gb_attr":"","footnotes":""},"categories":[44],"tags":[],"class_list":["post-2318","post","type-post","status-publish","format-standard","has-post-thumbnail","hentry","category-politika"],"_links":{"self":[{"href":"https:\/\/turkiyemhaber.com\/index.php?rest_route=\/wp\/v2\/posts\/2318","targetHints":{"allow":["GET"]}}],"collection":[{"href":"https:\/\/turkiyemhaber.com\/index.php?rest_route=\/wp\/v2\/posts"}],"about":[{"href":"https:\/\/turkiyemhaber.com\/index.php?rest_route=\/wp\/v2\/types\/post"}],"author":[{"embeddable":true,"href":"https:\/\/turkiyemhaber.com\/index.php?rest_route=\/wp\/v2\/users\/1"}],"replies":[{"embeddable":true,"href":"https:\/\/turkiyemhaber.com\/index.php?rest_route=%2Fwp%2Fv2%2Fcomments&post=2318"}],"version-history":[{"count":1,"href":"https:\/\/turkiyemhaber.com\/index.php?rest_route=\/wp\/v2\/posts\/2318\/revisions"}],"predecessor-version":[{"id":2319,"href":"https:\/\/turkiyemhaber.com\/index.php?rest_route=\/wp\/v2\/posts\/2318\/revisions\/2319"}],"wp:featuredmedia":[{"embeddable":true,"href":"https:\/\/turkiyemhaber.com\/index.php?rest_route=\/wp\/v2\/media\/1991"}],"wp:attachment":[{"href":"https:\/\/turkiyemhaber.com\/index.php?rest_route=%2Fwp%2Fv2%2Fmedia&parent=2318"}],"wp:term":[{"taxonomy":"category","embeddable":true,"href":"https:\/\/turkiyemhaber.com\/index.php?rest_route=%2Fwp%2Fv2%2Fcategories&post=2318"},{"taxonomy":"post_tag","embeddable":true,"href":"https:\/\/turkiyemhaber.com\/index.php?rest_route=%2Fwp%2Fv2%2Ftags&post=2318"}],"curies":[{"name":"wp","href":"https:\/\/api.w.org\/{rel}","templated":true}]}}