{"id":2308,"date":"2026-05-25T15:34:48","date_gmt":"2026-05-25T15:34:48","guid":{"rendered":"https:\/\/turkiyemhaber.com\/?p=2308"},"modified":"2026-05-25T15:34:52","modified_gmt":"2026-05-25T15:34:52","slug":"kilicdaroglunu-ziyaret-eden-avukati-duyurdu-bazi-chpli-vekillere-ihrac-geliyor","status":"publish","type":"post","link":"https:\/\/turkiyemhaber.com\/?p=2308","title":{"rendered":"K\u0131l\u0131\u00e7daro\u011flu&#8217;nu ziyaret eden avukat\u0131 duyurdu! Baz\u0131 CHP&#8217;li vekillere ihra\u00e7 geliyor"},"content":{"rendered":"\n<p class=\"wp-block-paragraph\">CHP\u2019de \u201cmutlak butlan\u201d karar\u0131n\u0131n ard\u0131ndan gerilim s\u00fcrerken, K\u0131l\u0131\u00e7daro\u011flu\u2019nu ziyaret eden kurultay davas\u0131n\u0131n avukat\u0131 Onur \u00dcregen\u2019den dikkat \u00e7eken a\u00e7\u0131klamalar geldi. \u00dcregen, s\u00fcre\u00e7le ilgili bilgilendirme yapt\u0131\u011f\u0131n\u0131 belirtirken, partide ihra\u00e7lara y\u00f6nelik \u00e7al\u0131\u015fma yap\u0131laca\u011f\u0131n\u0131 s\u00f6yledi. CHP \u0130zmir Milletvekili Mahir Polat da d\u00fcn yapt\u0131\u011f\u0131 a\u00e7\u0131klamada &#8220;Disipline sevk edilecekler var. Kemal Bey&#8217;e hain diyenlerin partiyle ili\u015fi\u011fi kesilir&#8221; ifadelerini kullanm\u0131\u015ft\u0131.<\/p>\n","protected":false},"excerpt":{"rendered":"<p>CHP\u2019de \u201cmutlak butlan\u201d karar\u0131n\u0131n ard\u0131ndan gerilim s\u00fcrerken, K\u0131l\u0131\u00e7daro\u011flu\u2019nu ziyaret eden kurultay davas\u0131n\u0131n avukat\u0131 Onur \u00dcregen\u2019den<\/p>\n","protected":false},"author":1,"featured_media":2309,"comment_status":"open","ping_status":"open","sticky":false,"template":"","format":"standard","meta":{"_rtcl_gb_attr":"","footnotes":""},"categories":[44],"tags":[],"class_list":["post-2308","post","type-post","status-publish","format-standard","has-post-thumbnail","hentry","category-politika"],"_links":{"self":[{"href":"https:\/\/turkiyemhaber.com\/index.php?rest_route=\/wp\/v2\/posts\/2308","targetHints":{"allow":["GET"]}}],"collection":[{"href":"https:\/\/turkiyemhaber.com\/index.php?rest_route=\/wp\/v2\/posts"}],"about":[{"href":"https:\/\/turkiyemhaber.com\/index.php?rest_route=\/wp\/v2\/types\/post"}],"author":[{"embeddable":true,"href":"https:\/\/turkiyemhaber.com\/index.php?rest_route=\/wp\/v2\/users\/1"}],"replies":[{"embeddable":true,"href":"https:\/\/turkiyemhaber.com\/index.php?rest_route=%2Fwp%2Fv2%2Fcomments&post=2308"}],"version-history":[{"count":1,"href":"https:\/\/turkiyemhaber.com\/index.php?rest_route=\/wp\/v2\/posts\/2308\/revisions"}],"predecessor-version":[{"id":2310,"href":"https:\/\/turkiyemhaber.com\/index.php?rest_route=\/wp\/v2\/posts\/2308\/revisions\/2310"}],"wp:featuredmedia":[{"embeddable":true,"href":"https:\/\/turkiyemhaber.com\/index.php?rest_route=\/wp\/v2\/media\/2309"}],"wp:attachment":[{"href":"https:\/\/turkiyemhaber.com\/index.php?rest_route=%2Fwp%2Fv2%2Fmedia&parent=2308"}],"wp:term":[{"taxonomy":"category","embeddable":true,"href":"https:\/\/turkiyemhaber.com\/index.php?rest_route=%2Fwp%2Fv2%2Fcategories&post=2308"},{"taxonomy":"post_tag","embeddable":true,"href":"https:\/\/turkiyemhaber.com\/index.php?rest_route=%2Fwp%2Fv2%2Ftags&post=2308"}],"curies":[{"name":"wp","href":"https:\/\/api.w.org\/{rel}","templated":true}]}}