{"id":2305,"date":"2026-05-25T15:31:55","date_gmt":"2026-05-25T15:31:55","guid":{"rendered":"https:\/\/turkiyemhaber.com\/?p=2305"},"modified":"2026-05-25T15:31:59","modified_gmt":"2026-05-25T15:31:59","slug":"baykalin-a-takimindaki-isimden-chpdeki-krizi-iliskin-dikkat-ceken-mesaj","status":"publish","type":"post","link":"https:\/\/turkiyemhaber.com\/?p=2305","title":{"rendered":"Baykal&#8217;\u0131n A tak\u0131m\u0131ndaki isimden CHP\u2019deki krizi ili\u015fkin dikkat \u00e7eken mesaj"},"content":{"rendered":"\n<p class=\"wp-block-paragraph\">CHP\u2019de ya\u015fanan y\u00f6netim tart\u0131\u015fmalar\u0131 ve genel merkezde ya\u015fanan polis m\u00fcdahalesinin ard\u0131ndan g\u00f6zler parti i\u00e7inden gelen a\u00e7\u0131klamalara \u00e7evrildi. Eski CHP Genel Ba\u015fkan Yard\u0131mc\u0131s\u0131 Y\u0131lmaz Ate\u015f, mahkeme karar\u0131yla tedbiren genel ba\u015fkanl\u0131k g\u00f6revine getirilen Kemal K\u0131l\u0131\u00e7daro\u011flu ile bir araya geldi. Ziyaret sonras\u0131 konu\u015fan Ate\u015f, ya\u015fanan g\u00f6r\u00fcnt\u00fclerden duydu\u011fu rahats\u0131zl\u0131\u011f\u0131 dile getirerek, &#8220;\u0130\u00e7im kanayarak izledim&#8221; dedi ve parti i\u00e7inde birlik ve sa\u011fduyu \u00e7a\u011fr\u0131s\u0131 yapt\u0131.<\/p>\n","protected":false},"excerpt":{"rendered":"<p>CHP\u2019de ya\u015fanan y\u00f6netim tart\u0131\u015fmalar\u0131 ve genel merkezde ya\u015fanan polis m\u00fcdahalesinin ard\u0131ndan g\u00f6zler parti i\u00e7inden gelen<\/p>\n","protected":false},"author":1,"featured_media":2306,"comment_status":"open","ping_status":"open","sticky":false,"template":"","format":"standard","meta":{"_rtcl_gb_attr":"","footnotes":""},"categories":[44],"tags":[],"class_list":["post-2305","post","type-post","status-publish","format-standard","has-post-thumbnail","hentry","category-politika"],"_links":{"self":[{"href":"https:\/\/turkiyemhaber.com\/index.php?rest_route=\/wp\/v2\/posts\/2305","targetHints":{"allow":["GET"]}}],"collection":[{"href":"https:\/\/turkiyemhaber.com\/index.php?rest_route=\/wp\/v2\/posts"}],"about":[{"href":"https:\/\/turkiyemhaber.com\/index.php?rest_route=\/wp\/v2\/types\/post"}],"author":[{"embeddable":true,"href":"https:\/\/turkiyemhaber.com\/index.php?rest_route=\/wp\/v2\/users\/1"}],"replies":[{"embeddable":true,"href":"https:\/\/turkiyemhaber.com\/index.php?rest_route=%2Fwp%2Fv2%2Fcomments&post=2305"}],"version-history":[{"count":1,"href":"https:\/\/turkiyemhaber.com\/index.php?rest_route=\/wp\/v2\/posts\/2305\/revisions"}],"predecessor-version":[{"id":2307,"href":"https:\/\/turkiyemhaber.com\/index.php?rest_route=\/wp\/v2\/posts\/2305\/revisions\/2307"}],"wp:featuredmedia":[{"embeddable":true,"href":"https:\/\/turkiyemhaber.com\/index.php?rest_route=\/wp\/v2\/media\/2306"}],"wp:attachment":[{"href":"https:\/\/turkiyemhaber.com\/index.php?rest_route=%2Fwp%2Fv2%2Fmedia&parent=2305"}],"wp:term":[{"taxonomy":"category","embeddable":true,"href":"https:\/\/turkiyemhaber.com\/index.php?rest_route=%2Fwp%2Fv2%2Fcategories&post=2305"},{"taxonomy":"post_tag","embeddable":true,"href":"https:\/\/turkiyemhaber.com\/index.php?rest_route=%2Fwp%2Fv2%2Ftags&post=2305"}],"curies":[{"name":"wp","href":"https:\/\/api.w.org\/{rel}","templated":true}]}}