{"id":2293,"date":"2026-05-25T11:28:58","date_gmt":"2026-05-25T11:28:58","guid":{"rendered":"https:\/\/turkiyemhaber.com\/?p=2293"},"modified":"2026-05-25T11:29:02","modified_gmt":"2026-05-25T11:29:02","slug":"montella-arda-guler-kararini-verdi","status":"publish","type":"post","link":"https:\/\/turkiyemhaber.com\/?p=2293","title":{"rendered":"Montella, Arda G\u00fcler karar\u0131n\u0131 verdi"},"content":{"rendered":"\n<p class=\"wp-block-paragraph\">A Milli Tak\u0131m\u2019da Kerem Akt\u00fcrko\u011flu ve Kenan Y\u0131ld\u0131z\u2019\u0131n sakatl\u0131klar\u0131 sonras\u0131 teknik heyette endi\u015fe ya\u015fan\u0131rken, Arda G\u00fcler\u2019den gelen haber moralleri y\u00fckseltti. Tedavi s\u00fcrecini sorunsuz tamamlayan milli y\u0131ld\u0131z\u0131n tamamen iyile\u015fti\u011fi ve Vincenzo Montella\u2019n\u0131n haz\u0131rl\u0131k ma\u00e7lar\u0131ndan itibaren Arda\u2019ya ilk 11\u2019de forma verme karar\u0131 ald\u0131\u011f\u0131 belirtildi.<\/p>\n\n\n\n<p class=\"wp-block-paragraph\">2026 D\u00fcnya Kupas\u0131 haz\u0131rl\u0131klar\u0131n\u0131 s\u00fcrd\u00fcren A Milli Tak\u0131m\u2019da sakatl\u0131k geli\u015fmeleri teknik heyeti d\u00fc\u015f\u00fcnd\u00fcr\u00fcrken Arda G\u00fcler\u2019den gelen haber moralleri y\u00fckseltti.<\/p>\n\n\n\n<h3 class=\"wp-block-heading\">MONTELLA \u00dcST \u00dcSTE \u015eOK YA\u015eADI<\/h3>\n\n\n\n<p class=\"wp-block-paragraph\">A Milli Tak\u0131m\u2019da \u00f6nce Kenan Y\u0131ld\u0131z ard\u0131ndan da Kerem Akt\u00fcrko\u011flu\u2019ndan gelen sakatl\u0131k haberleri teknik heyette endi\u015fe yaratt\u0131.&nbsp;Kerem Akt\u00fcrko\u011flu\u2019nun antrenmanda ya\u015fad\u0131\u011f\u0131 sakatl\u0131k sonras\u0131 bir s\u00fcre sahalardan uzak kalaca\u011f\u0131 a\u00e7\u0131kland\u0131.<\/p>\n\n\n\n<h3 class=\"wp-block-heading\">KEREM HAZIRLIK MA\u00c7LARINDA YOK<\/h3>\n\n\n\n<p class=\"wp-block-paragraph\">Sabah\u2019\u0131n haberine g\u00f6re&nbsp;<a href=\"https:\/\/www.sondakika.com\/vincenzo-montella\/\">Vincenzo Montella<\/a>, Kerem Akt\u00fcrko\u011flu\u2019nu haz\u0131rl\u0131k ma\u00e7lar\u0131nda riske atmama karar\u0131 ald\u0131.&nbsp;Milli futbolcunun \u0130stanbul etab\u0131ndaki ma\u00e7larda forma giymesinin beklenmedi\u011fi belirtildi.<\/p>\n\n\n\n<h3 class=\"wp-block-heading\">KENAN YILDIZ\u2019A \u00d6ZEL PROGRAM<\/h3>\n\n\n\n<p class=\"wp-block-paragraph\">Sakatl\u0131\u011f\u0131 bulunan bir di\u011fer isim Kenan Y\u0131ld\u0131z i\u00e7in de \u00f6zel \u00e7al\u0131\u015fma program\u0131 uygulanaca\u011f\u0131 aktar\u0131ld\u0131.&nbsp;Teknik heyetin gen\u00e7 y\u0131ld\u0131z\u0131n durumunu yak\u0131ndan takip etti\u011fi ifade edildi.<\/p>\n\n\n\n<h3 class=\"wp-block-heading\">ARDA G\u00dcLER\u2019DEN \u0130Y\u0130 HABER<\/h3>\n\n\n\n<p class=\"wp-block-paragraph\">A Milli Tak\u0131m\u2019da en sevindirici geli\u015fme ise Arda G\u00fcler cephesinde ya\u015fand\u0131.&nbsp;Tedavi s\u00fcrecinin planland\u0131\u011f\u0131 gibi ilerledi\u011fi ve milli y\u0131ld\u0131z\u0131n tamamen iyile\u015fti\u011fi belirtildi.<\/p>\n\n\n\n<h3 class=\"wp-block-heading\">MONTELLA KARARINI VERD\u0130<\/h3>\n\n\n\n<p class=\"wp-block-paragraph\">Haberde Vincenzo Montella\u2019n\u0131n, haz\u0131rl\u0131k ma\u00e7lar\u0131ndan itibaren Arda G\u00fcler\u2019e ilk 11\u2019de forma vermeyi planlad\u0131\u011f\u0131 ifade edildi.&nbsp;Milli y\u0131ld\u0131z\u0131n kamp \u00e7al\u0131\u015fmalar\u0131na sa\u011fl\u0131kl\u0131 \u015fekilde kat\u0131laca\u011f\u0131 \u00f6\u011frenildi.<\/p>\n\n\n\n<h3 class=\"wp-block-heading\">FUTBOLCULARA \u00d6ZEL UYARI<\/h3>\n\n\n\n<p class=\"wp-block-paragraph\">Ya\u015fanan sakatl\u0131klar\u0131n ard\u0131ndan Montella\u2019n\u0131n oyuncularla \u00f6zel g\u00f6r\u00fc\u015fme yapt\u0131\u011f\u0131 belirtildi.&nbsp;\u0130talyan teknik adam\u0131n futbolculara en ufak a\u011fr\u0131 hissetmeleri halinde kendilerini zorlamadan sa\u011fl\u0131k ekibine ba\u015fvurmalar\u0131n\u0131 s\u00f6yledi\u011fi aktar\u0131ld\u0131.<\/p>\n\n\n\n<h3 class=\"wp-block-heading\">M\u0130LL\u0130LER\u0130N MA\u00c7 TAKV\u0130M\u0130<\/h3>\n\n\n\n<p class=\"wp-block-paragraph\">A Milli Tak\u0131m, 1 Haziran\u2019da \u0130stanbul\u2019da Kuzey Makedonya ile kar\u015f\u0131la\u015facak.&nbsp;Ay-y\u0131ld\u0131zl\u0131 ekip daha sonra ABD\u2019de Venezuela ile haz\u0131rl\u0131k ma\u00e7\u0131na \u00e7\u0131kacak.<\/p>\n","protected":false},"excerpt":{"rendered":"<p>A Milli Tak\u0131m\u2019da Kerem Akt\u00fcrko\u011flu ve Kenan Y\u0131ld\u0131z\u2019\u0131n sakatl\u0131klar\u0131 sonras\u0131 teknik heyette endi\u015fe ya\u015fan\u0131rken, Arda<\/p>\n","protected":false},"author":1,"featured_media":2294,"comment_status":"open","ping_status":"open","sticky":false,"template":"","format":"standard","meta":{"_rtcl_gb_attr":"","footnotes":""},"categories":[3],"tags":[],"class_list":["post-2293","post","type-post","status-publish","format-standard","has-post-thumbnail","hentry","category-spor"],"_links":{"self":[{"href":"https:\/\/turkiyemhaber.com\/index.php?rest_route=\/wp\/v2\/posts\/2293","targetHints":{"allow":["GET"]}}],"collection":[{"href":"https:\/\/turkiyemhaber.com\/index.php?rest_route=\/wp\/v2\/posts"}],"about":[{"href":"https:\/\/turkiyemhaber.com\/index.php?rest_route=\/wp\/v2\/types\/post"}],"author":[{"embeddable":true,"href":"https:\/\/turkiyemhaber.com\/index.php?rest_route=\/wp\/v2\/users\/1"}],"replies":[{"embeddable":true,"href":"https:\/\/turkiyemhaber.com\/index.php?rest_route=%2Fwp%2Fv2%2Fcomments&post=2293"}],"version-history":[{"count":1,"href":"https:\/\/turkiyemhaber.com\/index.php?rest_route=\/wp\/v2\/posts\/2293\/revisions"}],"predecessor-version":[{"id":2295,"href":"https:\/\/turkiyemhaber.com\/index.php?rest_route=\/wp\/v2\/posts\/2293\/revisions\/2295"}],"wp:featuredmedia":[{"embeddable":true,"href":"https:\/\/turkiyemhaber.com\/index.php?rest_route=\/wp\/v2\/media\/2294"}],"wp:attachment":[{"href":"https:\/\/turkiyemhaber.com\/index.php?rest_route=%2Fwp%2Fv2%2Fmedia&parent=2293"}],"wp:term":[{"taxonomy":"category","embeddable":true,"href":"https:\/\/turkiyemhaber.com\/index.php?rest_route=%2Fwp%2Fv2%2Fcategories&post=2293"},{"taxonomy":"post_tag","embeddable":true,"href":"https:\/\/turkiyemhaber.com\/index.php?rest_route=%2Fwp%2Fv2%2Ftags&post=2293"}],"curies":[{"name":"wp","href":"https:\/\/api.w.org\/{rel}","templated":true}]}}