{"id":2287,"date":"2026-05-25T11:22:30","date_gmt":"2026-05-25T11:22:30","guid":{"rendered":"https:\/\/turkiyemhaber.com\/?p=2287"},"modified":"2026-05-25T11:22:35","modified_gmt":"2026-05-25T11:22:35","slug":"tahliye-sirasinda-ozelin-makam-katinda-kaydedilen-goruntuler-ortaya-cikti","status":"publish","type":"post","link":"https:\/\/turkiyemhaber.com\/?p=2287","title":{"rendered":"Tahliye s\u0131ras\u0131nda \u00d6zel&#8217;in makam kat\u0131nda kaydedilen g\u00f6r\u00fcnt\u00fcler ortaya \u00e7\u0131kt\u0131"},"content":{"rendered":"\n<p class=\"wp-block-paragraph\">CHP Genel Merkezi\u2019nde ya\u015fanan polis m\u00fcdahalesine ili\u015fkin yeni g\u00f6r\u00fcnt\u00fcler payla\u015f\u0131ld\u0131. \u00d6zg\u00fcr \u00d6zel\u2019e ait hesaptan yay\u0131mlanan videoda, polisin otopark giri\u015findeki zincirleri ve demir kap\u0131y\u0131 k\u0131rarak binaya girdi\u011fi anlar yer ald\u0131. G\u00f6r\u00fcnt\u00fclerde biber gaz\u0131ndan korunmak i\u00e7in gaz maskesi takan partililer dikkat \u00e7ekerken, \u00d6zg\u00fcr \u00d6zel\u2019in makam kat\u0131 bo\u015falt\u0131l\u0131rken \u201c\u00d6nce kad\u0131nlar\u201d dedi\u011fi duyuldu. \u00c7al\u0131\u015fanlar\u0131n ise \u201cYa hep beraber ya hi\u00e7birimiz\u201d slogan\u0131 att\u0131\u011f\u0131 g\u00f6r\u00fcld\u00fc.<\/p>\n\n\n\n<p class=\"wp-block-paragraph\">CHP Genel Ba\u015fkan\u0131 \u00d6zg\u00fcr \u00d6zel\u2019e ait \u201c\u00d6zg\u00fcr \u00d6zel \u0130leti\u015fim\u201d adl\u0131 X hesab\u0131ndan, d\u00fcn ya\u015fanan polis m\u00fcdahalesi s\u0131ras\u0131nda CHP Genel Merkezi\u2019nde kaydedilen yeni g\u00f6r\u00fcnt\u00fcler payla\u015f\u0131ld\u0131.<\/p>\n\n\n\n<h3 class=\"wp-block-heading\">\u201c\u00d6NCE KADINLAR\u201d S\u00d6ZLER\u0130 D\u0130KKAT \u00c7EKT\u0130<\/h3>\n\n\n\n<p class=\"wp-block-paragraph\">Payla\u015f\u0131lan videoda, \u201cSe\u00e7ilmi\u015f Genel Ba\u015fkan\u0131m\u0131z \u00d6zg\u00fcr \u00d6zel\u2019in 12. kattaki makam\u0131n\u0131n, tahliye edilmesinden saniyeler \u00f6nceki g\u00f6r\u00fcnt\u00fcleri\u2026 \u2018\u00d6nce kad\u0131nlar\u2026\u2019\u201d ifadeleri yer ald\u0131.<\/p>\n\n\n\n<h3 class=\"wp-block-heading\">POL\u0130S\u0130N M\u00dcDAHALES\u0130 G\u00d6R\u00dcNT\u00dcLERE YANSIDI<\/h3>\n\n\n\n<p class=\"wp-block-paragraph\">G\u00f6r\u00fcnt\u00fclerde, polisin CHP Genel Merkezi\u2019ne otoparktaki zincirleri ve demir kap\u0131y\u0131 k\u0131rarak giri\u015f yapt\u0131\u011f\u0131 anlar ile biber gazl\u0131 m\u00fcdahale s\u0131ras\u0131nda ya\u015fananlar yer ald\u0131.<\/p>\n\n\n\n<h3 class=\"wp-block-heading\">\u201cYA HEP BERABER YA H\u0130\u00c7B\u0130R\u0130M\u0130Z\u201d<\/h3>\n\n\n\n<p class=\"wp-block-paragraph\">Biber gaz\u0131ndan etkilenmemek i\u00e7in baz\u0131 partililerin gaz maskesi takt\u0131\u011f\u0131 g\u00f6r\u00fcl\u00fcrken, \u00d6zg\u00fcr \u00d6zel\u2019in makam kat\u0131 bo\u015falt\u0131l\u0131rken \u00f6nce kad\u0131n \u00e7al\u0131\u015fanlar\u0131n asans\u00f6rle indirilmesini istedi\u011fi duyuldu. O s\u0131rada \u00e7al\u0131\u015fanlar\u0131n \u201cYa hep beraber ya hi\u00e7birimiz\u201d sloganlar\u0131 att\u0131\u011f\u0131 g\u00f6r\u00fcld\u00fc.<\/p>\n\n\n\n<h3 class=\"wp-block-heading\">NE OLMU\u015eTU?<\/h3>\n\n\n\n<p class=\"wp-block-paragraph\">Polis ekipleri, Ankara B\u00f6lge Adliye Mahkemesinin CHP kurultay davas\u0131na ili\u015fkin karar\u0131n\u0131 tebli\u011f etmek ve CHP Genel Merkezi&#8217;nin tahliyesini sa\u011flamak \u00fczere parti binas\u0131na girdi.<\/p>\n\n\n\n<p class=\"wp-block-paragraph\">Ankara Valili\u011fince, CHP Genel Merkezi&#8217;nin mahkeme karar\u0131 do\u011frultusunda tahliyesi i\u00e7in Ankara Emniyet M\u00fcd\u00fcrl\u00fc\u011f\u00fcne talimat verilmesi \u00fczerine polis ekipleri, partililerle m\u00fczakere giri\u015fimlerine ba\u015flad\u0131.<\/p>\n\n\n\n<p class=\"wp-block-paragraph\">Genel Merkez&#8217;in bah\u00e7esindeki CHP Milletvekili&nbsp;<a href=\"https:\/\/www.sondakika.com\/murat-emir\/\">Murat Emir<\/a>&nbsp;ve beraberindekilerle g\u00f6r\u00fc\u015fen polis ekipleri, bir s\u00fcre bekledikten sonra Genel Merkez binas\u0131na giri\u015f haz\u0131rl\u0131klar\u0131na ba\u015flad\u0131.<\/p>\n\n\n\n<p class=\"wp-block-paragraph\">Partinin demir bah\u00e7e kap\u0131s\u0131n\u0131 y\u0131karak ge\u00e7en ekiplere Genel Merkez bah\u00e7esindeki partililer, su ve cam \u015fi\u015fe att\u0131. Polis ekipleri, bah\u00e7ede ve binada bulunan partililere biber gaz\u0131yla m\u00fcdahale ederek Genel Merkez&#8217;e girdi.<\/p>\n\n\n\n<p class=\"wp-block-paragraph\">CHP Genel Merkezi&#8217;nin tahliyesinin ard\u0131ndan genel merkezden ayr\u0131lan \u00d6zel, beraberinde baz\u0131 milletvekilleri ve partililerle Meclis&#8217;e do\u011fru hareket etti.<\/p>\n","protected":false},"excerpt":{"rendered":"<p>CHP Genel Merkezi\u2019nde ya\u015fanan polis m\u00fcdahalesine ili\u015fkin yeni g\u00f6r\u00fcnt\u00fcler payla\u015f\u0131ld\u0131. \u00d6zg\u00fcr \u00d6zel\u2019e ait hesaptan yay\u0131mlanan<\/p>\n","protected":false},"author":1,"featured_media":2288,"comment_status":"open","ping_status":"open","sticky":false,"template":"","format":"standard","meta":{"_rtcl_gb_attr":"","footnotes":""},"categories":[44],"tags":[],"class_list":["post-2287","post","type-post","status-publish","format-standard","has-post-thumbnail","hentry","category-politika"],"_links":{"self":[{"href":"https:\/\/turkiyemhaber.com\/index.php?rest_route=\/wp\/v2\/posts\/2287","targetHints":{"allow":["GET"]}}],"collection":[{"href":"https:\/\/turkiyemhaber.com\/index.php?rest_route=\/wp\/v2\/posts"}],"about":[{"href":"https:\/\/turkiyemhaber.com\/index.php?rest_route=\/wp\/v2\/types\/post"}],"author":[{"embeddable":true,"href":"https:\/\/turkiyemhaber.com\/index.php?rest_route=\/wp\/v2\/users\/1"}],"replies":[{"embeddable":true,"href":"https:\/\/turkiyemhaber.com\/index.php?rest_route=%2Fwp%2Fv2%2Fcomments&post=2287"}],"version-history":[{"count":1,"href":"https:\/\/turkiyemhaber.com\/index.php?rest_route=\/wp\/v2\/posts\/2287\/revisions"}],"predecessor-version":[{"id":2289,"href":"https:\/\/turkiyemhaber.com\/index.php?rest_route=\/wp\/v2\/posts\/2287\/revisions\/2289"}],"wp:featuredmedia":[{"embeddable":true,"href":"https:\/\/turkiyemhaber.com\/index.php?rest_route=\/wp\/v2\/media\/2288"}],"wp:attachment":[{"href":"https:\/\/turkiyemhaber.com\/index.php?rest_route=%2Fwp%2Fv2%2Fmedia&parent=2287"}],"wp:term":[{"taxonomy":"category","embeddable":true,"href":"https:\/\/turkiyemhaber.com\/index.php?rest_route=%2Fwp%2Fv2%2Fcategories&post=2287"},{"taxonomy":"post_tag","embeddable":true,"href":"https:\/\/turkiyemhaber.com\/index.php?rest_route=%2Fwp%2Fv2%2Ftags&post=2287"}],"curies":[{"name":"wp","href":"https:\/\/api.w.org\/{rel}","templated":true}]}}