{"id":2281,"date":"2026-05-25T10:42:01","date_gmt":"2026-05-25T10:42:01","guid":{"rendered":"https:\/\/turkiyemhaber.com\/?p=2281"},"modified":"2026-05-25T10:42:06","modified_gmt":"2026-05-25T10:42:06","slug":"icardi-icin-yolun-sonu-okan-burukun-raporu-ortaya-cikti","status":"publish","type":"post","link":"https:\/\/turkiyemhaber.com\/?p=2281","title":{"rendered":"Icardi i\u00e7in yolun sonu! Okan Buruk&#8217;un raporu ortaya \u00e7\u0131kt\u0131"},"content":{"rendered":"\n<p class=\"wp-block-paragraph\">Galatasaray\u2019da Mauro Icardi ile s\u00f6zle\u015fme g\u00f6r\u00fc\u015fmeleri s\u00fcrerken, Okan Buruk\u2019un Arjantinli y\u0131ld\u0131z i\u00e7in y\u00f6netime \u201cKalmal\u0131\u201d \u015feklinde net bir rapor vermedi\u011fi \u00f6ne s\u00fcr\u00fcld\u00fc. Sar\u0131-k\u0131rm\u0131z\u0131l\u0131lar\u0131n teklif art\u0131rmaya s\u0131cak bakmad\u0131\u011f\u0131 iddia edildi. Sar\u0131-k\u0131rm\u0131z\u0131l\u0131lardan ayr\u0131lmay\u0131 kafas\u0131na koyan Icardi&#8217;nin de bu geli\u015fmler sonras\u0131 tak\u0131mda kalmas\u0131 beklenmiyor.<\/p>\n\n\n\n<p class=\"wp-block-paragraph\">Galatasaray\u2019da&nbsp;<a href=\"https:\/\/www.sondakika.com\/mauro-icardi\/\">Mauro Icardi<\/a>&nbsp;ile yeni s\u00f6zle\u015fme g\u00f6r\u00fc\u015fmeleri s\u00fcrerken Arjantinli y\u0131ld\u0131zla ilgili dikkat \u00e7eken bir geli\u015fme ya\u015fand\u0131. Teknik Direkt\u00f6r Okan Buruk\u2019un y\u00f6netime sundu\u011fu raporun detaylar\u0131 ortaya \u00e7\u0131kt\u0131.<\/p>\n\n\n\n<h3 class=\"wp-block-heading\">YABANCI KURALI SONRASI FREN<\/h3>\n\n\n\n<p class=\"wp-block-paragraph\">TFF\u2019nin yabanc\u0131 kural\u0131n\u0131 10+4 olarak a\u00e7\u0131klamas\u0131n\u0131n ard\u0131ndan Galatasaray\u2019\u0131n Mauro Icardi konusunda geri ad\u0131m att\u0131\u011f\u0131 \u00f6ne s\u00fcr\u00fcld\u00fc.&nbsp;Sar\u0131-k\u0131rm\u0131z\u0131l\u0131 y\u00f6netimin y\u00fcksek maliyet nedeniyle transfer planlamas\u0131n\u0131 yeniden g\u00f6zden ge\u00e7irdi\u011fi belirtildi.<\/p>\n\n\n\n<h3 class=\"wp-block-heading\">GALATASARAY\u2019IN TEKL\u0130F\u0130 ORTAYA \u00c7IKTI<\/h3>\n\n\n\n<p class=\"wp-block-paragraph\">\u0130ddiaya g\u00f6re Galatasaray, y\u0131ll\u0131k yakla\u015f\u0131k 10 milyon euro kazanan Mauro Icardi i\u00e7in 4 milyon euroluk b\u00fct\u00e7e ay\u0131rd\u0131.&nbsp;Arjantinli golc\u00fcye resmi teklifin iletildi\u011fi ve cevap beklendi\u011fi aktar\u0131ld\u0131.<\/p>\n\n\n\n<h3 class=\"wp-block-heading\">ICARDI\u2019N\u0130N TALEB\u0130 7 M\u0130LYON EURO<\/h3>\n\n\n\n<p class=\"wp-block-paragraph\">Mauro Icardi cephesinin ise y\u0131ll\u0131k 7 milyon euro maa\u015f ve 2 y\u0131ll\u0131k s\u00f6zle\u015fme istedi\u011fi konu\u015fuluyor.&nbsp;Y\u0131ld\u0131z futbolcunun menajerinin de Galatasaray\u2019\u0131n teklif etti\u011fi rakam\u0131 d\u00fc\u015f\u00fck buldu\u011fu ifade edildi.<\/p>\n\n\n\n<h3 class=\"wp-block-heading\">OKAN BURUK\u2019TAN D\u0130KKAT \u00c7EKEN RAPOR<\/h3>\n\n\n\n<p class=\"wp-block-paragraph\">Sabah\u2019\u0131n haberine g\u00f6re Teknik Direkt\u00f6r Okan Buruk\u2019un Mauro Icardi i\u00e7in y\u00f6netime \u201cKalmal\u0131\u201d \u015feklinde net bir rapor vermedi\u011fi belirtildi.&nbsp;Bu geli\u015fmenin ard\u0131ndan y\u00f6netimin teklif art\u0131rma konusunda geri planda kald\u0131\u011f\u0131 \u00f6ne s\u00fcr\u00fcld\u00fc.<\/p>\n\n\n\n<h3 class=\"wp-block-heading\">DURSUN \u00d6ZBEK TEKL\u0130F\u0130 REV\u0130ZE ETMEYECEK<\/h3>\n\n\n\n<p class=\"wp-block-paragraph\">Haberde Ba\u015fkan Dursun \u00d6zbek\u2019in mevcut \u015fartlar alt\u0131nda Mauro Icardi\u2019ye yap\u0131lan teklifin y\u00fckseltilmesini d\u00fc\u015f\u00fcnmedi\u011fi aktar\u0131ld\u0131.&nbsp;Taraflar aras\u0131ndaki g\u00f6r\u00fc\u015fmelerin devam etti\u011fi belirtildi.<\/p>\n\n\n\n<h3 class=\"wp-block-heading\">G\u00d6ZLER ICARDI\u2019DEN GELECEK KARARDA<\/h3>\n\n\n\n<p class=\"wp-block-paragraph\">Galatasaray taraftarlar\u0131 Mauro Icardi\u2019nin gelece\u011fiyle ilgili geli\u015fmeleri yak\u0131ndan takip ediyor.&nbsp;Arjantinli y\u0131ld\u0131z\u0131n \u00f6n\u00fcm\u00fczdeki g\u00fcnlerde karar\u0131n\u0131 netle\u015ftirmesi bekleniyor.&nbsp;<\/p>\n","protected":false},"excerpt":{"rendered":"<p>Galatasaray\u2019da Mauro Icardi ile s\u00f6zle\u015fme g\u00f6r\u00fc\u015fmeleri s\u00fcrerken, Okan Buruk\u2019un Arjantinli y\u0131ld\u0131z i\u00e7in y\u00f6netime \u201cKalmal\u0131\u201d \u015feklinde<\/p>\n","protected":false},"author":1,"featured_media":2282,"comment_status":"open","ping_status":"open","sticky":false,"template":"","format":"standard","meta":{"_rtcl_gb_attr":"","footnotes":""},"categories":[3],"tags":[],"class_list":["post-2281","post","type-post","status-publish","format-standard","has-post-thumbnail","hentry","category-spor"],"_links":{"self":[{"href":"https:\/\/turkiyemhaber.com\/index.php?rest_route=\/wp\/v2\/posts\/2281","targetHints":{"allow":["GET"]}}],"collection":[{"href":"https:\/\/turkiyemhaber.com\/index.php?rest_route=\/wp\/v2\/posts"}],"about":[{"href":"https:\/\/turkiyemhaber.com\/index.php?rest_route=\/wp\/v2\/types\/post"}],"author":[{"embeddable":true,"href":"https:\/\/turkiyemhaber.com\/index.php?rest_route=\/wp\/v2\/users\/1"}],"replies":[{"embeddable":true,"href":"https:\/\/turkiyemhaber.com\/index.php?rest_route=%2Fwp%2Fv2%2Fcomments&post=2281"}],"version-history":[{"count":1,"href":"https:\/\/turkiyemhaber.com\/index.php?rest_route=\/wp\/v2\/posts\/2281\/revisions"}],"predecessor-version":[{"id":2283,"href":"https:\/\/turkiyemhaber.com\/index.php?rest_route=\/wp\/v2\/posts\/2281\/revisions\/2283"}],"wp:featuredmedia":[{"embeddable":true,"href":"https:\/\/turkiyemhaber.com\/index.php?rest_route=\/wp\/v2\/media\/2282"}],"wp:attachment":[{"href":"https:\/\/turkiyemhaber.com\/index.php?rest_route=%2Fwp%2Fv2%2Fmedia&parent=2281"}],"wp:term":[{"taxonomy":"category","embeddable":true,"href":"https:\/\/turkiyemhaber.com\/index.php?rest_route=%2Fwp%2Fv2%2Fcategories&post=2281"},{"taxonomy":"post_tag","embeddable":true,"href":"https:\/\/turkiyemhaber.com\/index.php?rest_route=%2Fwp%2Fv2%2Ftags&post=2281"}],"curies":[{"name":"wp","href":"https:\/\/api.w.org\/{rel}","templated":true}]}}