{"id":2278,"date":"2026-05-25T10:23:05","date_gmt":"2026-05-25T10:23:05","guid":{"rendered":"https:\/\/turkiyemhaber.com\/?p=2278"},"modified":"2026-05-25T10:23:11","modified_gmt":"2026-05-25T10:23:11","slug":"ozelden-kurultay-ilan-edilmezse-ne-yapilacak-sorusuna-net-yanit","status":"publish","type":"post","link":"https:\/\/turkiyemhaber.com\/?p=2278","title":{"rendered":"\u00d6zel&#8217;den &#8220;Kurultay ilan edilmezse ne yap\u0131lacak?&#8221; sorusuna net yan\u0131t"},"content":{"rendered":"\n<p class=\"wp-block-paragraph\">CHP\u2019de Kemal K\u0131l\u0131\u00e7daro\u011flu\u2019nun yak\u0131n zamanda kurultay yapmayaca\u011f\u0131 ve partiyi se\u00e7imlere kendi liderli\u011finde g\u00f6t\u00fcrmek istedi\u011fi iddialar\u0131 g\u00fcndemdeki yerini korurken, \u201cKurultay ilan edilmezse ne yap\u0131lacak?\u201d sorusuna yan\u0131t veren \u00d6zg\u00fcr \u00d6zel dikkat \u00e7eken a\u00e7\u0131klamalarda bulundu. \u00d6zel, \u201cToplumsal bask\u0131y\u0131 art\u0131raca\u011f\u0131z. \u0130mza toplayaca\u011f\u0131z, Parti Meclisi\u2019ni ola\u011fan\u00fcst\u00fc toplant\u0131ya \u00e7a\u011f\u0131raca\u011f\u0131z\u201d dedi. \u201cEsas i\u015fimiz sokakta\u201d s\u00f6zleri de dikkat \u00e7ekti.<\/p>\n\n\n\n<p class=\"wp-block-paragraph\">CHP\u2019de Kemal K\u0131l\u0131\u00e7daro\u011flu\u2019nun yeniden genel ba\u015fkanl\u0131k koltu\u011funa oturmas\u0131n\u0131n ard\u0131ndan ba\u015flayan kurultay tart\u0131\u015fmalar\u0131 giderek sertle\u015fiyor. K\u0131l\u0131\u00e7daro\u011flu\u2019nun yak\u0131n zamanda ola\u011fan\u00fcst\u00fc kurultay yapmay\u0131 d\u00fc\u015f\u00fcnmedi\u011fi ve partiyi se\u00e7imlere kendi liderli\u011finde g\u00f6t\u00fcrmek istedi\u011fi iddialar\u0131 g\u00fcndemdeki yerini korurken, CHP Genel Ba\u015fkan\u0131 \u00d6zg\u00fcr \u00d6zel\u2019den dikkat \u00e7eken a\u00e7\u0131klamalar geldi.<\/p>\n\n\n\n<h3 class=\"wp-block-heading\">\u201cKURULTAY YOK\u201d \u0130DD\u0130ASI G\u00dcNDEM OLDU<\/h3>\n\n\n\n<p class=\"wp-block-paragraph\">Ankara kulislerinde konu\u015fulan iddialara g\u00f6re K\u0131l\u0131\u00e7daro\u011flu\u2019nun k\u0131sa vadede se\u00e7imli ola\u011fan\u00fcst\u00fc kurultay planlamad\u0131\u011f\u0131 \u00f6ne s\u00fcr\u00fcld\u00fc. TGRT Ankara Temsilcisi Fatih Atik de \u201cYak\u0131n zamanda bir kurultay beklenmiyor. CHP\u2019yi se\u00e7imlere K\u0131l\u0131\u00e7daro\u011flu g\u00f6t\u00fcrecek. Cumhurba\u015fkan\u0131 aday\u0131 kendisi olmayacak\u201d ifadelerini kulland\u0131.<\/p>\n\n\n\n<h3 class=\"wp-block-heading\">\u00d6ZG\u00dcR \u00d6ZEL: TOPLUMSAL BASKIYI ARTIRACA\u011eIZ<\/h3>\n\n\n\n<p class=\"wp-block-paragraph\">CHP lideri \u00d6zg\u00fcr \u00d6zel ise \u201cKurultay ilan edilmezse ne yap\u0131lacak?\u201d sorusuna verdi\u011fi yan\u0131tla dikkat \u00e7ekti. \u00d6zel, \u201cToplumsal bask\u0131y\u0131 art\u0131raca\u011f\u0131z. Siyasi Partiler Kanunu\u2019nun, t\u00fcz\u00fc\u011f\u00fcn t\u00fcm yetkilerini kullanaca\u011f\u0131z. \u0130mza toplayaca\u011f\u0131z, Parti Meclisi\u2019ni ola\u011fan\u00fcst\u00fc toplant\u0131ya \u00e7a\u011f\u0131raca\u011f\u0131z\u201d dedi.<\/p>\n\n\n\n<h3 class=\"wp-block-heading\">\u201cSARAY\u2019IN \u0130\u015e\u0130NE GELD\u0130\u011e\u0130 G\u0130B\u0130 OLMAZ\u201d<\/h3>\n\n\n\n<p class=\"wp-block-paragraph\">\u00d6zel a\u00e7\u0131klamas\u0131n\u0131n devam\u0131nda, \u201cCHP y\u00f6netimi kapt\u0131 ka\u00e7t\u0131yla elde tutulacak bir yer de\u011fil. Saray\u2019\u0131n i\u015fine geldi\u011fi gibi olmaz o i\u015fler. Bayramda sahada oluruz. Bundan sonra bir \u00e7at\u0131 gerekti\u011finde o Meclis \u00e7at\u0131s\u0131d\u0131r ama esas i\u015fimiz sokakta\u201d ifadelerini kulland\u0131.<\/p>\n\n\n\n<p class=\"wp-block-paragraph\">CHP\u2019de kurultay tart\u0131\u015fmalar\u0131 s\u00fcrerken, parti i\u00e7indeki gerilimin \u00f6n\u00fcm\u00fczdeki g\u00fcnlerde daha da artabilece\u011fi de\u011ferlendiriliyor.<\/p>\n","protected":false},"excerpt":{"rendered":"<p>CHP\u2019de Kemal K\u0131l\u0131\u00e7daro\u011flu\u2019nun yak\u0131n zamanda kurultay yapmayaca\u011f\u0131 ve partiyi se\u00e7imlere kendi liderli\u011finde g\u00f6t\u00fcrmek istedi\u011fi iddialar\u0131<\/p>\n","protected":false},"author":1,"featured_media":2279,"comment_status":"open","ping_status":"open","sticky":false,"template":"","format":"standard","meta":{"_rtcl_gb_attr":"","footnotes":""},"categories":[44],"tags":[],"class_list":["post-2278","post","type-post","status-publish","format-standard","has-post-thumbnail","hentry","category-politika"],"_links":{"self":[{"href":"https:\/\/turkiyemhaber.com\/index.php?rest_route=\/wp\/v2\/posts\/2278","targetHints":{"allow":["GET"]}}],"collection":[{"href":"https:\/\/turkiyemhaber.com\/index.php?rest_route=\/wp\/v2\/posts"}],"about":[{"href":"https:\/\/turkiyemhaber.com\/index.php?rest_route=\/wp\/v2\/types\/post"}],"author":[{"embeddable":true,"href":"https:\/\/turkiyemhaber.com\/index.php?rest_route=\/wp\/v2\/users\/1"}],"replies":[{"embeddable":true,"href":"https:\/\/turkiyemhaber.com\/index.php?rest_route=%2Fwp%2Fv2%2Fcomments&post=2278"}],"version-history":[{"count":1,"href":"https:\/\/turkiyemhaber.com\/index.php?rest_route=\/wp\/v2\/posts\/2278\/revisions"}],"predecessor-version":[{"id":2280,"href":"https:\/\/turkiyemhaber.com\/index.php?rest_route=\/wp\/v2\/posts\/2278\/revisions\/2280"}],"wp:featuredmedia":[{"embeddable":true,"href":"https:\/\/turkiyemhaber.com\/index.php?rest_route=\/wp\/v2\/media\/2279"}],"wp:attachment":[{"href":"https:\/\/turkiyemhaber.com\/index.php?rest_route=%2Fwp%2Fv2%2Fmedia&parent=2278"}],"wp:term":[{"taxonomy":"category","embeddable":true,"href":"https:\/\/turkiyemhaber.com\/index.php?rest_route=%2Fwp%2Fv2%2Fcategories&post=2278"},{"taxonomy":"post_tag","embeddable":true,"href":"https:\/\/turkiyemhaber.com\/index.php?rest_route=%2Fwp%2Fv2%2Ftags&post=2278"}],"curies":[{"name":"wp","href":"https:\/\/api.w.org\/{rel}","templated":true}]}}