{"id":2268,"date":"2026-05-24T08:44:40","date_gmt":"2026-05-24T08:44:40","guid":{"rendered":"https:\/\/turkiyemhaber.com\/?p=2268"},"modified":"2026-05-24T08:44:44","modified_gmt":"2026-05-24T08:44:44","slug":"aydinda-kacak-100-cep-telefonu-ele-gecirildi","status":"publish","type":"post","link":"https:\/\/turkiyemhaber.com\/?p=2268","title":{"rendered":"Ayd\u0131n&#8217;da Ka\u00e7ak 100 Cep Telefonu Ele Ge\u00e7irildi"},"content":{"rendered":"\n<p class=\"wp-block-paragraph\">Efeler&#8217;de d\u00fczenlenen operasyonda IMEI kayd\u0131 olmayan 100 cep telefonu bulundu, i\u015fyeri sahibi hakk\u0131nda i\u015flem.<\/p>\n\n\n\n<p class=\"wp-block-paragraph\">AYDIN&#8217;\u0131n Efeler il\u00e7esinde, polisin bir i\u015f yerine d\u00fczenledi\u011fi operasyonda IMEI kayd\u0131 bulunmayan 100 cep telefonu ele ge\u00e7irildi.<\/p>\n\n\n\n<p class=\"wp-block-paragraph\">Ayd\u0131n il\u00e7e Emniyet M\u00fcd\u00fcrl\u00fc\u011f\u00fc Ka\u00e7ak\u00e7\u0131l\u0131k ve Organize Su\u00e7larla M\u00fccadele \u015eubesi ekipleri, istihbarat \u00e7al\u0131\u015fmas\u0131yla Efeler il\u00e7esindeki bir i\u015f yerinde \u00e7ok say\u0131da ka\u00e7ak cep telefonu bulundu\u011fu bilgisine ula\u015ft\u0131. D\u00fcn s\u00f6z konusu i\u015f yerine operasyon d\u00fczenlendi. \u0130\u015f yerinde yap\u0131lan aramalarda; 100 adet IMEI kayd\u0131 bulunmayan cep telefonu ele ge\u00e7irildi.<\/p>\n\n\n\n<p class=\"wp-block-paragraph\">\u0130\u015fyeri sahibi A.T. hakk\u0131nda tutanak tulup, Ka\u00e7ak\u00e7\u0131l\u0131kla M\u00fccadele Kanununa Muhalefet su\u00e7undan adli i\u015flem ba\u015flat\u0131l\u0131rken, ele ge\u00e7irilen telefonlara ise el konuldu.<\/p>\n","protected":false},"excerpt":{"rendered":"<p>Efeler&#8217;de d\u00fczenlenen operasyonda IMEI kayd\u0131 olmayan 100 cep telefonu bulundu, i\u015fyeri sahibi hakk\u0131nda i\u015flem. AYDIN&#8217;\u0131n<\/p>\n","protected":false},"author":1,"featured_media":2269,"comment_status":"open","ping_status":"open","sticky":false,"template":"","format":"standard","meta":{"_rtcl_gb_attr":"","footnotes":""},"categories":[43],"tags":[],"class_list":["post-2268","post","type-post","status-publish","format-standard","has-post-thumbnail","hentry","category-son-dakika"],"_links":{"self":[{"href":"https:\/\/turkiyemhaber.com\/index.php?rest_route=\/wp\/v2\/posts\/2268","targetHints":{"allow":["GET"]}}],"collection":[{"href":"https:\/\/turkiyemhaber.com\/index.php?rest_route=\/wp\/v2\/posts"}],"about":[{"href":"https:\/\/turkiyemhaber.com\/index.php?rest_route=\/wp\/v2\/types\/post"}],"author":[{"embeddable":true,"href":"https:\/\/turkiyemhaber.com\/index.php?rest_route=\/wp\/v2\/users\/1"}],"replies":[{"embeddable":true,"href":"https:\/\/turkiyemhaber.com\/index.php?rest_route=%2Fwp%2Fv2%2Fcomments&post=2268"}],"version-history":[{"count":1,"href":"https:\/\/turkiyemhaber.com\/index.php?rest_route=\/wp\/v2\/posts\/2268\/revisions"}],"predecessor-version":[{"id":2270,"href":"https:\/\/turkiyemhaber.com\/index.php?rest_route=\/wp\/v2\/posts\/2268\/revisions\/2270"}],"wp:featuredmedia":[{"embeddable":true,"href":"https:\/\/turkiyemhaber.com\/index.php?rest_route=\/wp\/v2\/media\/2269"}],"wp:attachment":[{"href":"https:\/\/turkiyemhaber.com\/index.php?rest_route=%2Fwp%2Fv2%2Fmedia&parent=2268"}],"wp:term":[{"taxonomy":"category","embeddable":true,"href":"https:\/\/turkiyemhaber.com\/index.php?rest_route=%2Fwp%2Fv2%2Fcategories&post=2268"},{"taxonomy":"post_tag","embeddable":true,"href":"https:\/\/turkiyemhaber.com\/index.php?rest_route=%2Fwp%2Fv2%2Ftags&post=2268"}],"curies":[{"name":"wp","href":"https:\/\/api.w.org\/{rel}","templated":true}]}}