{"id":2265,"date":"2026-05-24T08:40:27","date_gmt":"2026-05-24T08:40:27","guid":{"rendered":"https:\/\/turkiyemhaber.com\/?p=2265"},"modified":"2026-05-24T08:40:31","modified_gmt":"2026-05-24T08:40:31","slug":"tobb-82-mali-genel-kurulu-gerceklesti","status":"publish","type":"post","link":"https:\/\/turkiyemhaber.com\/?p=2265","title":{"rendered":"TOBB 82. Mali Genel Kurulu Ger\u00e7ekle\u015fti"},"content":{"rendered":"\n<p class=\"wp-block-paragraph\">Kayseri&#8217;de d\u00fczenlenen TOBB 82. Mali Genel Kurulu&#8217;nda i\u015f d\u00fcnyas\u0131 bir araya geldi, stratejiler belirlendi.<\/p>\n\n\n\n<p class=\"wp-block-paragraph\">T\u00fcrkiye Odalar ve Borsalar Birli\u011fi (TOBB) 82. Mali Genel Kurulu; Ticaret Bakan\u0131 \u00d6mer Bolat, oda ve borsa camias\u0131n\u0131n temsilcileri ile 81 ilden gelen i\u015f insanlar\u0131n\u0131n kat\u0131l\u0131m\u0131yla TOBB ET\u00dc&#8217;de ger\u00e7ekle\u015ftirildi. Divan Ba\u015fkanl\u0131\u011f\u0131n\u0131 Cihan Ergen\u00e7&#8217;in yapt\u0131\u011f\u0131 Genel Kurul&#8217;da,&nbsp;<a href=\"https:\/\/www.sondakika.com\/kayseri\/\">Kayseri<\/a>&nbsp;i\u015f d\u00fcnyas\u0131 tam kadro yerini al\u0131rken; Hesaplar\u0131 \u0130nceleme Komisyonu Ba\u015fkan\u0131 ve KTO Ba\u015fkan\u0131 \u00d6mer G\u00fclsoy, genel kurul k\u00fcrs\u00fcs\u00fcnden TOBB&#8217;un b\u00fct\u00e7e raporlar\u0131n\u0131 sundu.<\/p>\n\n\n\n<p class=\"wp-block-paragraph\">Kayseri Ticaret Odas\u0131 (KTO) Y\u00f6netim Kurulu Ba\u015fkan\u0131 \u00d6mer G\u00fclsoy, Kayseri Sanayi Odas\u0131 (KAYSO) Y\u00f6netim Kurulu Ba\u015fkan\u0131 Mehmet B\u00fcy\u00fcksimitci, Kayseri Ticaret Borsas\u0131 (KTB) Y\u00f6netim Kurulu Ba\u015fkan\u0131 Recep Ba\u011flam\u0131\u015f ile Kayseri&#8217;deki oda ve borsalar\u0131n TOBB delegeleri, y\u00f6netim kurulu \u00fcyeleri, meclis \u00fcyeleri ve genel sekreterleri TOBB 82. Mali Genel Kuruluna kat\u0131ld\u0131. \u0130ki g\u00fcn s\u00fcren Genel Kurul program\u0131n\u0131n ilk g\u00fcn\u00fcnde; KTO, KAYSO ve KTB heyetleri, TOBB Ba\u015fkan\u0131 M. Rifat Hisarc\u0131kl\u0131o\u011flu \u00f6nc\u00fcl\u00fc\u011f\u00fcnde An\u0131tkabir&#8217;i ziyaret ederek Ata&#8217;n\u0131n huzurunda sayg\u0131 duru\u015funda bulundu. Genel Kurul vesilesiyle TOBB \u0130kiz Kuleler bah\u00e7esinde d\u00fczenlenen y\u00f6resel \u00fcr\u00fcnler sergisinde, Kayseri r\u00fczgar\u0131 esti. KTO, KAYSO ve KTB taraf\u0131ndan ortakla\u015fa a\u00e7\u0131lan stantta; Kayseri&#8217;nin Avrupa Birli\u011fi (AB) Co\u011frafi \u0130\u015faret Tescilli \u00fcr\u00fcn\u00fc olan d\u00fcnyaca \u00fcnl\u00fc past\u0131rmas\u0131 ile co\u011frafi i\u015faretli Kayseri sucu\u011fu tan\u0131t\u0131larak misafirlere ikram edildi. KTO Ba\u015fkan\u0131 \u00d6mer G\u00fclsoy, TOBB Ba\u015fkan\u0131 Rifat Hisarc\u0131kl\u0131o\u011flu ve y\u00f6netim kurulu \u00fcyeleriyle birlikte stantlar\u0131 tek tek ziyaret ederek y\u00fcr\u00fct\u00fclen tan\u0131t\u0131m \u00e7al\u0131\u015fmalar\u0131na e\u015flik etti.<\/p>\n\n\n\n<p class=\"wp-block-paragraph\">Ba\u015fkan G\u00fclsoy: &#8220;TOBB ba\u015fkan\u0131m\u0131z\u0131n &#8216;5 Alt\u0131n Kural\u0131&#8217; bizlere rehber oluyor&#8221;<\/p>\n\n\n\n<p class=\"wp-block-paragraph\">Genel Kurulun ikinci g\u00fcn\u00fcnde, TOBB Hesaplar\u0131 \u0130nceleme Komisyonu Ba\u015fkan\u0131 ve KTO Ba\u015fkan\u0131 \u00d6mer G\u00fclsoy k\u00fcrs\u00fcye \u00e7\u0131karak mali hesaplar ve b\u00fct\u00e7e raporlar\u0131na ili\u015fkin sunumunu ger\u00e7ekle\u015ftirdi. Sunumunun ard\u0131ndan genel kurula hitap eden G\u00fclsoy, konu\u015fmas\u0131nda birlik ve beraberlik vurgusu yaparak; &#8220;Bizler Anadolu irfan\u0131n\u0131n temsilcileri olarak, kadim s\u00f6zleri ve atas\u00f6zlerini rehber kabul ederiz. Marifet iltifata tabidir. Ba\u015fkan\u0131m\u0131z Rifat Hisarc\u0131kl\u0131o\u011flu da her daim bizlere sadece s\u00f6zleriyle de\u011fil, fiilen de \u00f6rnek olan bir liderdir. Onun \u00f6nc\u00fcl\u00fc\u011f\u00fcnde, i\u015f yapma k\u00fclt\u00fcr\u00fcm\u00fcz sa\u011flam ilkeler \u00fczerine kurulmu\u015ftur. Ba\u015fkan\u0131m\u0131z\u0131n alt\u0131n\u0131 \u00e7izerek bizlere \u00f6\u011fretti\u011fi &#8216;5 Alt\u0131n Kural&#8217;, hem hayat\u0131m\u0131za hem de g\u00f6rev anlay\u0131\u015f\u0131m\u0131za y\u00f6n vermektedir. Haf\u0131zas\u0131na g\u00fcvenen daima yan\u0131l\u0131r, \u00f6nce kontrol, sonra itimat, i\u015ften artmaz, di\u015ften artar, i\u015fin hilesi d\u00fcr\u00fcstl\u00fckt\u00fcr, i\u015fte idare olmaz. Ba\u015fkan\u0131m\u0131z\u0131n, &#8216;Birlikte rahmet, ayr\u0131l\u0131kta azap vard\u0131r&#8217; s\u00f6z\u00fc sadece bir vecize de\u011fil, camiam\u0131z\u0131n ve i\u015f d\u00fcnyam\u0131z\u0131n temel \u015fiar\u0131 olmu\u015ftur. Ortak ak\u0131l, isti\u015fare ve adaletli y\u00f6netim anlay\u0131\u015f\u0131yla kurumlar\u0131m\u0131za \u00f6rnek te\u015fkil eden Ba\u015fkan\u0131m\u0131za minnettar\u0131z. Kendisi sadece bir y\u00f6netici de\u011fil, ayn\u0131 zamanda bir g\u00f6n\u00fcl insan\u0131 ve yol g\u00f6stericidir. Her daim \u00fclkemizin menfaatini her \u015feyin \u00fczerinde tutan, i\u015f d\u00fcnyam\u0131z\u0131n sorunlar\u0131na kar\u015f\u0131 \u00e7\u00f6z\u00fcm odakl\u0131 yakla\u015f\u0131m\u0131yla bizlere rehberlik eden bir liderdir. Onun vizyonu sayesinde, bizler de g\u00f6revlerimizi &#8216;beyt\u00fclmal&#8217; bilinciyle, en y\u00fcksek sorumluluk duygusuyla yerine getirmeye gayret ediyoruz. T\u00fcm harcamalarda sergiledi\u011fi titizlik, hesap verilebilirlik ve \u015feffafl\u0131k ilkesi bizlere ilham vermektedir&#8221; dedi.<\/p>\n\n\n\n<p class=\"wp-block-paragraph\">B\u00fcy\u00fcksimitci: &#8220;Daha g\u00fc\u00e7l\u00fc bir T\u00fcrkiye i\u00e7in var g\u00fcc\u00fcm\u00fczle \u00e7al\u0131\u015faca\u011f\u0131z&#8221;<\/p>\n\n\n\n<p class=\"wp-block-paragraph\">Genel kurulun ard\u0131ndan de\u011ferlendirmelerde bulunan TOBB Y\u00f6netim Kurulu \u00dcyesi ve KAYSO Ba\u015fkan\u0131 Mehmet B\u00fcy\u00fcksimitci, TOBB 82. Genel Kurulunun i\u015f d\u00fcnyas\u0131na hay\u0131rl\u0131 olmas\u0131n\u0131 dileyerek, &#8220;TOBB&#8217;a ba\u011fl\u0131 367 Oda\/Borsa olarak birlik ve beraberlik i\u00e7erisinde, daha g\u00fc\u00e7l\u00fc bir T\u00fcrkiye i\u00e7in var g\u00fcc\u00fcm\u00fczle \u00e7al\u0131\u015fmaya devam edece\u011fiz&#8221; mesaj\u0131n\u0131 verdi. TOBB Ba\u015fkan\u0131 Rifat Hisarc\u0131kl\u0131o\u011flu ise Genel Kurul konu\u015fmas\u0131nda, oda ve borsalarla birlikte \u00fcyelerin s\u0131k\u0131nt\u0131lar\u0131n\u0131 takip etmeye ve \u00e7\u00f6z\u00fcm \u00fcretmeye devam edeceklerini vurgulad\u0131. K\u00fcresel ticaretteki korumac\u0131 politikalara de\u011finen Hisarc\u0131kl\u0131o\u011flu, &#8220;T\u00fcm \u00fclkeler kendi \u00fcretim g\u00fcc\u00fcn\u00fc koruma derdinde. Biz de firmalar\u0131m\u0131z\u0131, \u00fcretim tesislerimizi milli servetimiz olarak g\u00f6rmeli; \u00fclkemizin \u00fcretim, yat\u0131r\u0131m, istihdam ve ihracat kapasitesinin zarar g\u00f6rmemesi i\u00e7in korumal\u0131y\u0131z. Bu d\u00f6nemde kapsaml\u0131 bir &#8216;Sanayi Koruma ve D\u00f6n\u00fc\u015f\u00fcm Stratejisi&#8217; tasarlamam\u0131z gerekiyor&#8221; ifadelerini kulland\u0131.<\/p>\n\n\n\n<p class=\"wp-block-paragraph\">Genel Kurula kat\u0131larak i\u015f d\u00fcnyas\u0131na seslenen Ticaret Bakan\u0131 \u00d6mer Bolat ise, T\u00fcrkiye&#8217;nin 1,6 trilyon dolar\u0131 a\u015fan milli geliri ve mal-hizmet ihracat\u0131na dayal\u0131 b\u00fcy\u00fcme modeliyle k\u00fcresel ekonomide daha g\u00fc\u00e7l\u00fc bir konuma y\u00fckseldi\u011fini belirtti. Mal ihracat\u0131nda ge\u00e7en y\u0131l 273,3 milyar dolara, hizmet ihracat\u0131nda ise 122,6 milyar dolara ula\u015farak Cumhuriyet tarihinin rekorlar\u0131na imza att\u0131klar\u0131n\u0131 hat\u0131rlatan Bakan Bolat; y\u00fcksek teknoloji, savunma sanayisi, lojistik ve e-ticaret gibi stratejik alanlardaki g\u00fc\u00e7l\u00fc performansla T\u00fcrkiye&#8217;nin k\u00fcresel rekabet g\u00fcc\u00fcn\u00fc art\u0131rmaya devam ettiklerini vurgulad\u0131. &#8211; KAYSER\u0130<\/p>\n","protected":false},"excerpt":{"rendered":"<p>Kayseri&#8217;de d\u00fczenlenen TOBB 82. Mali Genel Kurulu&#8217;nda i\u015f d\u00fcnyas\u0131 bir araya geldi, stratejiler belirlendi. T\u00fcrkiye<\/p>\n","protected":false},"author":1,"featured_media":2266,"comment_status":"open","ping_status":"open","sticky":false,"template":"","format":"standard","meta":{"_rtcl_gb_attr":"","footnotes":""},"categories":[14],"tags":[],"class_list":["post-2265","post","type-post","status-publish","format-standard","has-post-thumbnail","hentry","category-ekonomi"],"_links":{"self":[{"href":"https:\/\/turkiyemhaber.com\/index.php?rest_route=\/wp\/v2\/posts\/2265","targetHints":{"allow":["GET"]}}],"collection":[{"href":"https:\/\/turkiyemhaber.com\/index.php?rest_route=\/wp\/v2\/posts"}],"about":[{"href":"https:\/\/turkiyemhaber.com\/index.php?rest_route=\/wp\/v2\/types\/post"}],"author":[{"embeddable":true,"href":"https:\/\/turkiyemhaber.com\/index.php?rest_route=\/wp\/v2\/users\/1"}],"replies":[{"embeddable":true,"href":"https:\/\/turkiyemhaber.com\/index.php?rest_route=%2Fwp%2Fv2%2Fcomments&post=2265"}],"version-history":[{"count":1,"href":"https:\/\/turkiyemhaber.com\/index.php?rest_route=\/wp\/v2\/posts\/2265\/revisions"}],"predecessor-version":[{"id":2267,"href":"https:\/\/turkiyemhaber.com\/index.php?rest_route=\/wp\/v2\/posts\/2265\/revisions\/2267"}],"wp:featuredmedia":[{"embeddable":true,"href":"https:\/\/turkiyemhaber.com\/index.php?rest_route=\/wp\/v2\/media\/2266"}],"wp:attachment":[{"href":"https:\/\/turkiyemhaber.com\/index.php?rest_route=%2Fwp%2Fv2%2Fmedia&parent=2265"}],"wp:term":[{"taxonomy":"category","embeddable":true,"href":"https:\/\/turkiyemhaber.com\/index.php?rest_route=%2Fwp%2Fv2%2Fcategories&post=2265"},{"taxonomy":"post_tag","embeddable":true,"href":"https:\/\/turkiyemhaber.com\/index.php?rest_route=%2Fwp%2Fv2%2Ftags&post=2265"}],"curies":[{"name":"wp","href":"https:\/\/api.w.org\/{rel}","templated":true}]}}