{"id":2263,"date":"2026-05-24T08:37:42","date_gmt":"2026-05-24T08:37:42","guid":{"rendered":"https:\/\/turkiyemhaber.com\/?p=2263"},"modified":"2026-05-24T08:37:46","modified_gmt":"2026-05-24T08:37:46","slug":"sila-gencoglunun-son-halini-gorenler-inanamadi-ne-olmus-bu-kadina","status":"publish","type":"post","link":"https:\/\/turkiyemhaber.com\/?p=2263","title":{"rendered":"S\u0131la Gen\u00e7o\u011flu&#8217;nun son halini g\u00f6renler inanamad\u0131: Ne olmu\u015f bu kad\u0131na?"},"content":{"rendered":"\n<p class=\"wp-block-paragraph\">\u015eark\u0131c\u0131 S\u0131la Gen\u00e7o\u011flu\u2019nun son g\u00f6r\u00fcnt\u00fcs\u00fc hayranlar\u0131n\u0131 \u015fa\u015f\u0131rtt\u0131. Verdi\u011fi kilolarla dikkat \u00e7eken sanat\u00e7\u0131 i\u00e7in &#8220;Ne olmu\u015f bu kad\u0131na?&#8221;, &#8220;Zay\u0131flama i\u011fnesi kullan\u0131yor olabilir&#8221; \u015feklinde yorumlar yap\u0131ld\u0131.<\/p>\n\n\n\n<p class=\"wp-block-paragraph\">T\u00fcrk pop m\u00fczi\u011finin sevilen isimlerinden S\u0131la Gen\u00e7o\u011flu, bu kez \u015fark\u0131lar\u0131yla de\u011fil son g\u00f6r\u00fcnt\u00fcs\u00fcyle g\u00fcndeme geldi. \u00dcnl\u00fc sanat\u00e7\u0131n\u0131n sosyal medyada yay\u0131lan kareleri k\u0131sa s\u00fcrede g\u00fcndem olurken, kullan\u0131c\u0131lar pe\u015f pe\u015fe yorum yapt\u0131.<\/p>\n\n\n\n<h3 class=\"wp-block-heading\">VERD\u0130\u011e\u0130 K\u0130LOLAR D\u0130KKAT \u00c7EKT\u0130<\/h3>\n\n\n\n<p class=\"wp-block-paragraph\">S\u0131la Gen\u00e7o\u011flu\u2019nun son hali \u00f6zellikle y\u00fcz\u00fcndeki de\u011fi\u015fim nedeniyle sosyal medyada geni\u015f yank\u0131 uyand\u0131rd\u0131.&nbsp;Verdi\u011fi kilolar sonras\u0131 farkl\u0131 bir g\u00f6r\u00fcn\u00fcme kavu\u015fan \u00fcnl\u00fc \u015fark\u0131c\u0131 i\u00e7in \u00e7ok say\u0131da payla\u015f\u0131m yap\u0131l\u0131rken, baz\u0131 kullan\u0131c\u0131lar S\u0131la\u2019y\u0131 \u015fark\u0131c\u0131 \u0130rem Derici\u2019ye benzetti.&nbsp;Baz\u0131 takip\u00e7iler ise sanat\u00e7\u0131n\u0131n do\u011fal haliyle de g\u00fczel oldu\u011funu savundu.<\/p>\n\n\n\n<figure class=\"wp-block-image\"><img decoding=\"async\" src=\"https:\/\/foto.sondakika.com\/haber\/2026\/05\/22\/sila-gencoglunun-son-halini-go-19872502-6019_1_m.jpg\" alt=\"S\u0131la Gen\u00e7o\u011flu'nun son halini g\u00f6renler inanamad\u0131: Ne olmu\u015f bu kad\u0131na?\"\/><\/figure>\n\n\n\n<h3 class=\"wp-block-heading\">SOSYAL MEDYADA YORUM YA\u011eDI<\/h3>\n\n\n\n<p class=\"wp-block-paragraph\">Payla\u015f\u0131lan g\u00f6r\u00fcnt\u00fclerin ard\u0131ndan sosyal medyada \u00e7ok say\u0131da yorum yap\u0131ld\u0131.&nbsp;<\/p>\n\n\n\n<ul class=\"wp-block-list\">\n<li>Belki bir rahats\u0131zl\u0131\u011f\u0131 vard\u0131r, belki a\u00e7\u0131dan ve \u0131\u015f\u0131ktan kaynakl\u0131d\u0131r.<\/li>\n\n\n\n<li>Sesi yeter, nefesi k\u00e2fi. D\u0131\u015f g\u00f6r\u00fcn\u00fc\u015f \u00f6nemli de\u011fil.<\/li>\n\n\n\n<li>Ne olmu\u015f bu kad\u0131na?<\/li>\n\n\n\n<li>Zay\u0131flama i\u011fnesi kullan\u0131yor olabilir.<\/li>\n\n\n\n<li>Sanat\u00e7\u0131lar\u0131n makyajs\u0131z halleri b\u00f6yle zaten.<\/li>\n<\/ul>\n\n\n\n<h3 class=\"wp-block-heading\"><\/h3>\n","protected":false},"excerpt":{"rendered":"<p>\u015eark\u0131c\u0131 S\u0131la Gen\u00e7o\u011flu\u2019nun son g\u00f6r\u00fcnt\u00fcs\u00fc hayranlar\u0131n\u0131 \u015fa\u015f\u0131rtt\u0131. Verdi\u011fi kilolarla dikkat \u00e7eken sanat\u00e7\u0131 i\u00e7in &#8220;Ne olmu\u015f<\/p>\n","protected":false},"author":1,"featured_media":0,"comment_status":"open","ping_status":"open","sticky":false,"template":"","format":"standard","meta":{"_rtcl_gb_attr":"","footnotes":""},"categories":[41],"tags":[],"class_list":["post-2263","post","type-post","status-publish","format-standard","hentry","category-magazin"],"_links":{"self":[{"href":"https:\/\/turkiyemhaber.com\/index.php?rest_route=\/wp\/v2\/posts\/2263","targetHints":{"allow":["GET"]}}],"collection":[{"href":"https:\/\/turkiyemhaber.com\/index.php?rest_route=\/wp\/v2\/posts"}],"about":[{"href":"https:\/\/turkiyemhaber.com\/index.php?rest_route=\/wp\/v2\/types\/post"}],"author":[{"embeddable":true,"href":"https:\/\/turkiyemhaber.com\/index.php?rest_route=\/wp\/v2\/users\/1"}],"replies":[{"embeddable":true,"href":"https:\/\/turkiyemhaber.com\/index.php?rest_route=%2Fwp%2Fv2%2Fcomments&post=2263"}],"version-history":[{"count":1,"href":"https:\/\/turkiyemhaber.com\/index.php?rest_route=\/wp\/v2\/posts\/2263\/revisions"}],"predecessor-version":[{"id":2264,"href":"https:\/\/turkiyemhaber.com\/index.php?rest_route=\/wp\/v2\/posts\/2263\/revisions\/2264"}],"wp:attachment":[{"href":"https:\/\/turkiyemhaber.com\/index.php?rest_route=%2Fwp%2Fv2%2Fmedia&parent=2263"}],"wp:term":[{"taxonomy":"category","embeddable":true,"href":"https:\/\/turkiyemhaber.com\/index.php?rest_route=%2Fwp%2Fv2%2Fcategories&post=2263"},{"taxonomy":"post_tag","embeddable":true,"href":"https:\/\/turkiyemhaber.com\/index.php?rest_route=%2Fwp%2Fv2%2Ftags&post=2263"}],"curies":[{"name":"wp","href":"https:\/\/api.w.org\/{rel}","templated":true}]}}