{"id":2254,"date":"2026-05-24T08:28:09","date_gmt":"2026-05-24T08:28:09","guid":{"rendered":"https:\/\/turkiyemhaber.com\/?p=2254"},"modified":"2026-05-24T08:28:13","modified_gmt":"2026-05-24T08:28:13","slug":"serbest-birakilan-tan-tascinin-sahnede-yuzune-alev-parladi","status":"publish","type":"post","link":"https:\/\/turkiyemhaber.com\/?p=2254","title":{"rendered":"Serbest b\u0131rak\u0131lan Tan Ta\u015f\u00e7\u0131&#8217;n\u0131n sahnede y\u00fcz\u00fcne alev parlad\u0131"},"content":{"rendered":"\n<p class=\"wp-block-paragraph\">\u00dcnl\u00fclere y\u00f6nelik uyu\u015fturucu soru\u015fturmas\u0131nda g\u00f6zalt\u0131na al\u0131nd\u0131ktan sonra serbest b\u0131rak\u0131lan \u00fcnl\u00fc \u015fark\u0131c\u0131 Tan Ta\u015f\u00e7\u0131, \u0130zmir konserinde korkun\u00e7 bir kaza atlatt\u0131. Sahne \u015fovunda kullan\u0131lan alev efektinin y\u00fcz\u00fcne parlamas\u0131yla panik ya\u015fayan Ta\u015f\u00e7\u0131&#8217;n\u0131n konserine ara vermeden devam etmesi dikkat \u00e7ekti. Bir hayran\u0131n\u0131n cep telefonu kameras\u0131na yans\u0131yan g\u00f6r\u00fcnt\u00fclerde alevlerden sonra \u015fark\u0131c\u0131n\u0131n ba\u015f\u0131ndan dumanlar \u00e7\u0131kt\u0131\u011f\u0131 da g\u00f6r\u00fcld\u00fc.<\/p>\n\n\n\n<p class=\"wp-block-paragraph\">\u0130zmir&#8217;de G\u00f6ztepe G\u00fcrsel Aksel Stadyumu\u2019nda sahne alan Tan Ta\u015f\u00e7\u0131\u2019n\u0131n konserinde ya\u015fanan olay geceye damga vurdu. Konser s\u0131ras\u0131nda sahne \u015fovlar\u0131 kapsam\u0131nda kullan\u0131lan alev efekti bir anda sanat\u00e7\u0131n\u0131n y\u00fcz\u00fcne do\u011fru y\u00fckseldi. K\u0131sa s\u00fcreli \u015fa\u015fk\u0131nl\u0131k ya\u015fayan Ta\u015f\u00e7\u0131\u2019n\u0131n refleksle geri \u00e7ekildi\u011fi g\u00f6r\u00fcld\u00fc. O anlar konser alan\u0131ndaki vatanda\u015flar\u0131n cep telefonu kameralar\u0131 taraf\u0131ndan saniye saniye kaydedildi.<\/p>\n\n\n\n<figure class=\"wp-block-image\"><img decoding=\"async\" src=\"https:\/\/foto.sondakika.com\/haber\/2026\/05\/23\/serbest-birakilan-tan-tascinin-19874323-6692_1_m.jpg\" alt=\"Serbest b\u0131rak\u0131lan Tan Ta\u015f\u00e7\u0131'n\u0131n sahnede y\u00fcz\u00fcne alev parlad\u0131\"\/><\/figure>\n\n\n\n<h3 class=\"wp-block-heading\">KONSER\u0130NE DEVAM ETT\u0130<\/h3>\n\n\n\n<p class=\"wp-block-paragraph\">Ya\u015fanan korku dolu anlar\u0131n ard\u0131ndan Tan Ta\u015f\u00e7\u0131\u2019n\u0131n profesyonelli\u011fini koruyarak performans\u0131na devam etmesi dikkat \u00e7ekti. Seyirciler b\u00fcy\u00fck panik ya\u015farken, \u00fcnl\u00fc \u015fark\u0131c\u0131n\u0131n so\u011fukkanl\u0131 tavr\u0131 konu\u015fuldu. G\u00f6r\u00fcnt\u00fcler k\u0131sa s\u00fcrede geni\u015f kitlelere ula\u015ft\u0131.<\/p>\n\n\n\n<p class=\"wp-block-paragraph\">G\u00f6r\u00fcnt\u00fclerde alevden sonra Ta\u015f\u00e7\u0131&#8217;n\u0131n ba\u015f\u0131ndan dumanlar \u00e7\u0131kt\u0131\u011f\u0131 g\u00f6r\u00fcld\u00fc.&nbsp;<\/p>\n\n\n\n<figure class=\"wp-block-image\"><img decoding=\"async\" src=\"https:\/\/foto.sondakika.com\/haber\/2026\/05\/23\/serbest-birakilan-tan-tascinin-19874323-5938_1_m.jpg\" alt=\"Serbest b\u0131rak\u0131lan Tan Ta\u015f\u00e7\u0131'n\u0131n sahnede y\u00fcz\u00fcne alev parlad\u0131\"\/><\/figure>\n\n\n\n<h3 class=\"wp-block-heading\">G\u00d6ZALTINA ALINIP SERBEST SBIRAKILDI<\/h3>\n\n\n\n<p class=\"wp-block-paragraph\">Bak\u0131rk\u00f6y Cumhuriyet Ba\u015fsavc\u0131l\u0131\u011f\u0131 taraf\u0131ndan \u00fcnl\u00fclere y\u00f6nelik y\u00fcr\u00fct\u00fclen operasyon kapsam\u0131nda Tan Ta\u015f\u00e7\u0131 hakk\u0131nda da g\u00f6zalt\u0131 karar\u0131 verilmi\u015fti. Adresinde bulunamayan \u015fark\u0131c\u0131, daha sonra jandarmaya giderek ifade verdi ve serbest b\u0131rak\u0131ld\u0131.<\/p>\n\n\n\n<figure class=\"wp-block-image\"><img decoding=\"async\" src=\"https:\/\/foto.sondakika.com\/haber\/2026\/05\/23\/serbest-birakilan-tan-tascinin-19874323-8823_1_m.jpg\" alt=\"Serbest b\u0131rak\u0131lan Tan Ta\u015f\u00e7\u0131'n\u0131n sahnede y\u00fcz\u00fcne alev parlad\u0131\"\/><\/figure>\n\n\n\n<p class=\"wp-block-paragraph\">Konser i\u00e7in \u0130zmir\u2019e giderken geri d\u00f6n\u00fcp ifade vermeye giden Ta\u015f\u00e7\u0131, yapt\u0131\u011f\u0131 a\u00e7\u0131klamada \u015fu ifadeleri kullanm\u0131\u015ft\u0131:<\/p>\n\n\n\n<p class=\"wp-block-paragraph\">\u201cAvukat\u0131mla yapt\u0131\u011f\u0131m g\u00f6r\u00fc\u015fme sonucunda, \u0130zmir yolundan d\u00f6nerek gerekli i\u015flemlerin yap\u0131lmas\u0131 ad\u0131na Bodrum Jandarma Komutanl\u0131\u011f\u0131\u2019na gidiyorum. Bak\u0131rk\u00f6y Cumhuriyet Ba\u015fsavc\u0131l\u0131\u011f\u0131 taraf\u0131ndan y\u00fcr\u00fct\u00fclen soru\u015fturma kapsam\u0131nda verilecek t\u00fcm kararlara sayg\u0131 duydu\u011fumu belirtmek isterim. S\u00fcrecin en k\u0131sa s\u00fcrede t\u00fcm a\u00e7\u0131kl\u0131\u011f\u0131yla netle\u015fece\u011fine inan\u0131yor, kamuoyunun sa\u011fduyusuna te\u015fekk\u00fcr ediyorum.\u201d<a href=\"https:\/\/www.sondakika.com\/guncel\/haber-uyusturucu-operasyonunda-yeni-detaylar-sacma-19868171\/\" target=\"_blank\" rel=\"noreferrer noopener\">Uyu\u015fturucu operasyonunda yeni detaylar: &#8220;Sa\u00e7ma sapan haberler&#8221; diyen Tan Ta\u015f\u00e7\u0131 da g\u00f6zalt\u0131nda<\/a><\/p>\n\n\n\n<figure class=\"wp-block-image\"><img decoding=\"async\" src=\"https:\/\/foto.sondakika.com\/haber\/2026\/05\/23\/serbest-birakilan-tan-tascinin-19874323-9807_1_m.jpg\" alt=\"Serbest b\u0131rak\u0131lan Tan Ta\u015f\u00e7\u0131'n\u0131n sahnede y\u00fcz\u00fcne alev parlad\u0131\"\/><\/figure>\n","protected":false},"excerpt":{"rendered":"<p>\u00dcnl\u00fclere y\u00f6nelik uyu\u015fturucu soru\u015fturmas\u0131nda g\u00f6zalt\u0131na al\u0131nd\u0131ktan sonra serbest b\u0131rak\u0131lan \u00fcnl\u00fc \u015fark\u0131c\u0131 Tan Ta\u015f\u00e7\u0131, \u0130zmir konserinde<\/p>\n","protected":false},"author":1,"featured_media":2255,"comment_status":"open","ping_status":"open","sticky":false,"template":"","format":"standard","meta":{"_rtcl_gb_attr":"","footnotes":""},"categories":[41],"tags":[],"class_list":["post-2254","post","type-post","status-publish","format-standard","has-post-thumbnail","hentry","category-magazin"],"_links":{"self":[{"href":"https:\/\/turkiyemhaber.com\/index.php?rest_route=\/wp\/v2\/posts\/2254","targetHints":{"allow":["GET"]}}],"collection":[{"href":"https:\/\/turkiyemhaber.com\/index.php?rest_route=\/wp\/v2\/posts"}],"about":[{"href":"https:\/\/turkiyemhaber.com\/index.php?rest_route=\/wp\/v2\/types\/post"}],"author":[{"embeddable":true,"href":"https:\/\/turkiyemhaber.com\/index.php?rest_route=\/wp\/v2\/users\/1"}],"replies":[{"embeddable":true,"href":"https:\/\/turkiyemhaber.com\/index.php?rest_route=%2Fwp%2Fv2%2Fcomments&post=2254"}],"version-history":[{"count":1,"href":"https:\/\/turkiyemhaber.com\/index.php?rest_route=\/wp\/v2\/posts\/2254\/revisions"}],"predecessor-version":[{"id":2256,"href":"https:\/\/turkiyemhaber.com\/index.php?rest_route=\/wp\/v2\/posts\/2254\/revisions\/2256"}],"wp:featuredmedia":[{"embeddable":true,"href":"https:\/\/turkiyemhaber.com\/index.php?rest_route=\/wp\/v2\/media\/2255"}],"wp:attachment":[{"href":"https:\/\/turkiyemhaber.com\/index.php?rest_route=%2Fwp%2Fv2%2Fmedia&parent=2254"}],"wp:term":[{"taxonomy":"category","embeddable":true,"href":"https:\/\/turkiyemhaber.com\/index.php?rest_route=%2Fwp%2Fv2%2Fcategories&post=2254"},{"taxonomy":"post_tag","embeddable":true,"href":"https:\/\/turkiyemhaber.com\/index.php?rest_route=%2Fwp%2Fv2%2Ftags&post=2254"}],"curies":[{"name":"wp","href":"https:\/\/api.w.org\/{rel}","templated":true}]}}