{"id":2251,"date":"2026-05-24T08:23:55","date_gmt":"2026-05-24T08:23:55","guid":{"rendered":"https:\/\/turkiyemhaber.com\/?p=2251"},"modified":"2026-05-24T08:24:00","modified_gmt":"2026-05-24T08:24:00","slug":"ibrahim-tatlisesin-son-hali-hayranlarini-uzdu","status":"publish","type":"post","link":"https:\/\/turkiyemhaber.com\/?p=2251","title":{"rendered":"\u0130brahim Tatl\u0131ses&#8217;in son hali hayranlar\u0131n\u0131 \u00fczd\u00fc"},"content":{"rendered":"\n<p class=\"wp-block-paragraph\">A\u011f\u0131r enfeksiyon nedeniyle hastanede tedavi g\u00f6ren \u0130brahim Tatl\u0131ses\u2019in son g\u00f6r\u00fcnt\u00fcs\u00fc hayranlar\u0131n\u0131 \u00fczd\u00fc. Taburcu olduktan sonra payla\u015f\u0131lan foto\u011fraflarda \u00fcnl\u00fc sanat\u00e7\u0131n\u0131n kilo verdi\u011fi ve sa\u00e7lar\u0131n\u0131n beyazlad\u0131\u011f\u0131 g\u00f6r\u00fcld\u00fc.<\/p>\n\n\n\n<p class=\"wp-block-paragraph\">Yurt d\u0131\u015f\u0131 konserlerinin ard\u0131ndan \u0130stanbul\u2019daki evinde rahats\u0131zlanan \u0130brahim Tatl\u0131ses, 7 Nisan\u2019da ge\u00e7irdi\u011fi a\u011f\u0131r enfeksiyon nedeniyle hastanede tedavi alt\u0131na al\u0131nm\u0131\u015ft\u0131. Zorlu tedavi s\u00fcrecini geride b\u0131rakan \u00fcnl\u00fc sanat\u00e7\u0131 ge\u00e7ti\u011fimiz g\u00fcnlerde taburcu oldu.&nbsp;Tatl\u0131ses, sa\u011fl\u0131k durumunun ard\u0131ndan yapt\u0131\u011f\u0131 vasiyet a\u00e7\u0131klamas\u0131yla da uzun s\u00fcre konu\u015fulmu\u015ftu.<\/p>\n\n\n\n<h3 class=\"wp-block-heading\">\u201cVAS\u0130YET\u0130M\u0130 HAZIRLADIM\u201d<\/h3>\n\n\n\n<p class=\"wp-block-paragraph\">\u0130brahim Tatl\u0131ses, hastaneden \u00e7\u0131kmadan \u00f6nce yapt\u0131\u011f\u0131 a\u00e7\u0131klamada miras\u0131yla ilgili dikkat \u00e7eken ifadeler kullanm\u0131\u015ft\u0131.&nbsp;Usta sanat\u00e7\u0131 a\u00e7\u0131klamas\u0131nda \u015fu s\u00f6zlere yer vermi\u015fti: &#8220;Vasiyetimi haz\u0131rlad\u0131m, devlete b\u0131rakt\u0131m. Kuru\u015f yok \u00e7ocuklara. Bana paray\u0131 babam b\u0131rakmad\u0131, ben kendim kazand\u0131m. \u0130stedi\u011fim gibi da\u011f\u0131t\u0131r\u0131m.\u201d<\/p>\n\n\n\n<figure class=\"wp-block-image\"><img decoding=\"async\" src=\"https:\/\/foto.sondakika.com\/haber\/2026\/05\/23\/ibrahim-tatlisesin-son-hali-ha-42256465-3550_1_m.jpg\" alt=\"\u0130brahim Tatl\u0131ses'in son hali hayranlar\u0131n\u0131 \u00fczd\u00fc\"\/><\/figure>\n\n\n\n<h3 class=\"wp-block-heading\">SON G\u00d6R\u00dcNT\u00dcS\u00dc \u00dcZD\u00dc<\/h3>\n\n\n\n<p class=\"wp-block-paragraph\">Tedavi s\u00fcrecinin ard\u0131ndan Tatl\u0131ses\u2019in yeni foto\u011fraflar\u0131 payla\u015f\u0131ld\u0131.&nbsp;Payla\u015f\u0131lan karelerde \u00fcnl\u00fc sanat\u00e7\u0131n\u0131n ciddi \u015fekilde kilo verdi\u011fi g\u00f6r\u00fcld\u00fc. Y\u0131llard\u0131r koyu renkte kulland\u0131\u011f\u0131 sa\u00e7lar\u0131n\u0131n beyazlamas\u0131 da dikkat \u00e7ekti.<\/p>\n\n\n\n<figure class=\"wp-block-image\"><img decoding=\"async\" src=\"https:\/\/foto.sondakika.com\/haber\/2026\/05\/23\/ibrahim-tatlisesin-son-hali-ha-39527701-7812_1_m.jpg\" alt=\"\u0130brahim Tatl\u0131ses'in son hali hayranlar\u0131n\u0131 \u00fczd\u00fc\"\/><\/figure>\n\n\n\n<h3 class=\"wp-block-heading\">HAYRANLARINDAN DESTEK MESAJLARI<\/h3>\n\n\n\n<p class=\"wp-block-paragraph\">Tatl\u0131ses\u2019in son g\u00f6r\u00fcnt\u00fclerinin ard\u0131ndan hayranlar\u0131 sanat\u00e7\u0131 i\u00e7in \u00e7ok say\u0131da ge\u00e7mi\u015f olsun mesaj\u0131 payla\u015ft\u0131.<\/p>\n","protected":false},"excerpt":{"rendered":"<p>A\u011f\u0131r enfeksiyon nedeniyle hastanede tedavi g\u00f6ren \u0130brahim Tatl\u0131ses\u2019in son g\u00f6r\u00fcnt\u00fcs\u00fc hayranlar\u0131n\u0131 \u00fczd\u00fc. Taburcu olduktan sonra<\/p>\n","protected":false},"author":1,"featured_media":2252,"comment_status":"open","ping_status":"open","sticky":false,"template":"","format":"standard","meta":{"_rtcl_gb_attr":"","footnotes":""},"categories":[41],"tags":[],"class_list":["post-2251","post","type-post","status-publish","format-standard","has-post-thumbnail","hentry","category-magazin"],"_links":{"self":[{"href":"https:\/\/turkiyemhaber.com\/index.php?rest_route=\/wp\/v2\/posts\/2251","targetHints":{"allow":["GET"]}}],"collection":[{"href":"https:\/\/turkiyemhaber.com\/index.php?rest_route=\/wp\/v2\/posts"}],"about":[{"href":"https:\/\/turkiyemhaber.com\/index.php?rest_route=\/wp\/v2\/types\/post"}],"author":[{"embeddable":true,"href":"https:\/\/turkiyemhaber.com\/index.php?rest_route=\/wp\/v2\/users\/1"}],"replies":[{"embeddable":true,"href":"https:\/\/turkiyemhaber.com\/index.php?rest_route=%2Fwp%2Fv2%2Fcomments&post=2251"}],"version-history":[{"count":1,"href":"https:\/\/turkiyemhaber.com\/index.php?rest_route=\/wp\/v2\/posts\/2251\/revisions"}],"predecessor-version":[{"id":2253,"href":"https:\/\/turkiyemhaber.com\/index.php?rest_route=\/wp\/v2\/posts\/2251\/revisions\/2253"}],"wp:featuredmedia":[{"embeddable":true,"href":"https:\/\/turkiyemhaber.com\/index.php?rest_route=\/wp\/v2\/media\/2252"}],"wp:attachment":[{"href":"https:\/\/turkiyemhaber.com\/index.php?rest_route=%2Fwp%2Fv2%2Fmedia&parent=2251"}],"wp:term":[{"taxonomy":"category","embeddable":true,"href":"https:\/\/turkiyemhaber.com\/index.php?rest_route=%2Fwp%2Fv2%2Fcategories&post=2251"},{"taxonomy":"post_tag","embeddable":true,"href":"https:\/\/turkiyemhaber.com\/index.php?rest_route=%2Fwp%2Fv2%2Ftags&post=2251"}],"curies":[{"name":"wp","href":"https:\/\/api.w.org\/{rel}","templated":true}]}}