{"id":2248,"date":"2026-05-24T08:21:48","date_gmt":"2026-05-24T08:21:48","guid":{"rendered":"https:\/\/turkiyemhaber.com\/?p=2248"},"modified":"2026-05-24T08:21:52","modified_gmt":"2026-05-24T08:21:52","slug":"suna-selen-yillar-sonra-munir-ozkul-ile-neden-bosandiklarini-anlatti-taze-kana-ihtiyacim-var-dedi","status":"publish","type":"post","link":"https:\/\/turkiyemhaber.com\/?p=2248","title":{"rendered":"Suna Selen y\u0131llar sonra M\u00fcnir \u00d6zkul ile neden bo\u015fand\u0131klar\u0131n\u0131 anlatt\u0131: Taze kana ihtiyac\u0131m var dedi"},"content":{"rendered":"\n<p class=\"wp-block-paragraph\">Ye\u015fil\u00e7am\u2019\u0131n usta oyuncular\u0131ndan Suna Selen, y\u0131llar sonra yapt\u0131\u011f\u0131 a\u00e7\u0131klamada M\u00fcnir \u00d6zkul ile neden bo\u015fand\u0131klar\u0131n\u0131 anlatt\u0131. 86 ya\u015f\u0131ndaki sanat\u00e7\u0131, \u00d6zkul\u2019un kendisine \u201cBenim taze kana ihtiyac\u0131m var\u201d dedi\u011fini aktar\u0131rken, ili\u015fkilerini \u201cBiz hi\u00e7bir zaman sevgili olmad\u0131k, arkada\u015ft\u0131k\u201d s\u00f6zleriyle tan\u0131mlad\u0131.<\/p>\n\n\n\n<p class=\"wp-block-paragraph\">T\u00fcrk sinemas\u0131n\u0131n unutulmaz isimlerinden Suna Selen, usta oyuncu M\u00fcnir \u00d6zkul ile evliliklerine dair dikkat \u00e7eken a\u00e7\u0131klamalarda bulundu. Selen, y\u0131llar sonra M\u00fcnir \u00d6zkul ile neden bo\u015fand\u0131\u011f\u0131n\u0131 anlatt\u0131.&nbsp;<\/p>\n\n\n\n<figure class=\"wp-block-image\"><img decoding=\"async\" src=\"https:\/\/foto.sondakika.com\/haber\/2026\/05\/23\/20260523_212f24ca22f44d918f0a7260e868e573.jpg\" alt=\"Suna Selen y\u0131llar sonra M\u00fcnir \u00d6zkul ile neden bo\u015fand\u0131klar\u0131n\u0131 anlatt\u0131: Taze kana ihtiyac\u0131m var dedi\"\/><\/figure>\n\n\n\n<h3 class=\"wp-block-heading\">&#8220;BEN\u0130M TAZE KANA \u0130HT\u0130YACIM VAR DED\u0130&#8221;<\/h3>\n\n\n\n<p class=\"wp-block-paragraph\">Evliliklerini farkl\u0131 bir ili\u015fki olarak tan\u0131mlayan Selen, \u201cM\u00fcnir bana &#8216;benim taze kana ihtiyac\u0131m var&#8217; dedi. &#8216;Sen \u00e7ok ciddisin&#8217; dedi. Biz sadece arkada\u015ft\u0131k. Yani sevgili hi\u00e7bir zaman olmad\u0131k. Bir anlamda kar\u0131 koca da olmad\u0131k\u201d diyerek y\u0131llar sonra dikkat \u00e7eken bir itirafta bulundu.<\/p>\n\n\n\n<figure class=\"wp-block-image\"><img decoding=\"async\" src=\"https:\/\/foto.sondakika.com\/haber\/2026\/05\/23\/20260523_bb9c738ac0d549008ca63cf133e3c456.jpg\" alt=\"Suna Selen y\u0131llar sonra M\u00fcnir \u00d6zkul ile neden bo\u015fand\u0131klar\u0131n\u0131 anlatt\u0131: Taze kana ihtiyac\u0131m var dedi\"\/><\/figure>\n\n\n\n<h3 class=\"wp-block-heading\">KIZININ \u0130SM\u0130YLE \u0130LG\u0130L\u0130 DETAYI DA ANLATTI<\/h3>\n\n\n\n<p class=\"wp-block-paragraph\">Tatl\u0131 R\u00f6portajlar&#8217;a konu\u015fan Suna Selen, k\u0131zlar\u0131 d\u00fcnyaya geldi\u011finde ya\u015fanan bir diyalo\u011fu da ilk kez payla\u015ft\u0131. M\u00fcnir \u00d6zkul\u2019un ilk e\u015fi olan \u015eadan \u00d6zkul&#8217;un \u00e7ocu\u011fun isminde kendi ad\u0131n\u0131n yer almas\u0131n\u0131 istedi\u011fini s\u00f6yleyen Selen, \u015fu ifadeleri kulland\u0131:<\/p>\n\n\n\n<p class=\"wp-block-paragraph\">&#8220;Mesela bizim \u00e7ocu\u011fumuz oldu. \u00c7ocu\u011fa benim ad\u0131m\u0131 koyun dedi. M\u00fcnir, \u015eadan kendi ad\u0131n\u0131n da konmas\u0131n\u0131 istiyor dedi. Koyal\u0131m dedim. K\u0131z\u0131m\u0131n ad\u0131 G\u00fcner \u015eadan \u00d6zkul koyduk. Sonra \u015eadan Han\u0131m ikinci bir talepte bulundu bir s\u00fcre sonra. Yani M\u00fcnir i\u00e7kiyi b\u0131rakt\u0131ktan tamam\u0131yla temizlendikten sonra.<\/p>\n\n\n\n<figure class=\"wp-block-image\"><img decoding=\"async\" src=\"https:\/\/foto.sondakika.com\/haber\/2026\/05\/23\/20260523_81e2f42c23004ea0a0251d00c48d9dd5.jpg\" alt=\"Suna Selen y\u0131llar sonra M\u00fcnir \u00d6zkul ile neden bo\u015fand\u0131klar\u0131n\u0131 anlatt\u0131: Taze kana ihtiyac\u0131m var dedi\"\/><\/figure>\n\n\n\n<p class=\"wp-block-paragraph\">M\u00fcnir &#8216;Benden bo\u015fand\u0131n, ondan da bo\u015fan diyor \u015eadan&#8217; dedi.&nbsp;Tamam dedim, bo\u015fanal\u0131m. Bak\u0131n, bu pinpon topu gibi bir \u015feydir. Raketlerinize top gelirse ileri atars\u0131n\u0131z.&#8221;<\/p>\n","protected":false},"excerpt":{"rendered":"<p>Ye\u015fil\u00e7am\u2019\u0131n usta oyuncular\u0131ndan Suna Selen, y\u0131llar sonra yapt\u0131\u011f\u0131 a\u00e7\u0131klamada M\u00fcnir \u00d6zkul ile neden bo\u015fand\u0131klar\u0131n\u0131 anlatt\u0131.<\/p>\n","protected":false},"author":1,"featured_media":2249,"comment_status":"open","ping_status":"open","sticky":false,"template":"","format":"standard","meta":{"_rtcl_gb_attr":"","footnotes":""},"categories":[41],"tags":[],"class_list":["post-2248","post","type-post","status-publish","format-standard","has-post-thumbnail","hentry","category-magazin"],"_links":{"self":[{"href":"https:\/\/turkiyemhaber.com\/index.php?rest_route=\/wp\/v2\/posts\/2248","targetHints":{"allow":["GET"]}}],"collection":[{"href":"https:\/\/turkiyemhaber.com\/index.php?rest_route=\/wp\/v2\/posts"}],"about":[{"href":"https:\/\/turkiyemhaber.com\/index.php?rest_route=\/wp\/v2\/types\/post"}],"author":[{"embeddable":true,"href":"https:\/\/turkiyemhaber.com\/index.php?rest_route=\/wp\/v2\/users\/1"}],"replies":[{"embeddable":true,"href":"https:\/\/turkiyemhaber.com\/index.php?rest_route=%2Fwp%2Fv2%2Fcomments&post=2248"}],"version-history":[{"count":1,"href":"https:\/\/turkiyemhaber.com\/index.php?rest_route=\/wp\/v2\/posts\/2248\/revisions"}],"predecessor-version":[{"id":2250,"href":"https:\/\/turkiyemhaber.com\/index.php?rest_route=\/wp\/v2\/posts\/2248\/revisions\/2250"}],"wp:featuredmedia":[{"embeddable":true,"href":"https:\/\/turkiyemhaber.com\/index.php?rest_route=\/wp\/v2\/media\/2249"}],"wp:attachment":[{"href":"https:\/\/turkiyemhaber.com\/index.php?rest_route=%2Fwp%2Fv2%2Fmedia&parent=2248"}],"wp:term":[{"taxonomy":"category","embeddable":true,"href":"https:\/\/turkiyemhaber.com\/index.php?rest_route=%2Fwp%2Fv2%2Fcategories&post=2248"},{"taxonomy":"post_tag","embeddable":true,"href":"https:\/\/turkiyemhaber.com\/index.php?rest_route=%2Fwp%2Fv2%2Ftags&post=2248"}],"curies":[{"name":"wp","href":"https:\/\/api.w.org\/{rel}","templated":true}]}}