{"id":2245,"date":"2026-05-24T08:20:03","date_gmt":"2026-05-24T08:20:03","guid":{"rendered":"https:\/\/turkiyemhaber.com\/?p=2245"},"modified":"2026-05-24T08:20:07","modified_gmt":"2026-05-24T08:20:07","slug":"turkiyeden-transfer-yapacak-mi-acun-ilicalidan-zafer-sonrasi-ilk-aciklama","status":"publish","type":"post","link":"https:\/\/turkiyemhaber.com\/?p=2245","title":{"rendered":"T\u00fcrkiye&#8217;den transfer yapacak m\u0131? Acun Il\u0131cal\u0131&#8217;dan zafer sonras\u0131 ilk a\u00e7\u0131klama"},"content":{"rendered":"\n<p class=\"wp-block-paragraph\">Hull City Ba\u015fkan\u0131 Acun Il\u0131cal\u0131, tak\u0131m\u0131n\u0131n play-off finalini kazanarak Premier Lig&#8217;e y\u00fckselmesinin ard\u0131ndan a\u00e7\u0131klamalarda bulundu. Il\u0131cal\u0131, Premier Lig&#8217;e y\u00fckseldikten sonra yap\u0131lacak planlamalar hakk\u0131nda konu\u015furken, T\u00fcrkiye&#8217;den transfer yap\u0131p yapmayacaklar\u0131na ili\u015fkin soruya da cevap verdi ve &#8220;\u015eu anda bir \u015fey konu\u015fmamam\u0131z laz\u0131m. O durumda de\u011filim. Kendimize gelmemiz 10 g\u00fcn s\u00fcrer. Dinlenmemiz laz\u0131m. Play-off&#8217;lar bizim i\u00e7in \u00e7ok yo\u011fun ge\u00e7ti&#8221; dedi.<\/p>\n\n\n\n<p class=\"wp-block-paragraph\">Premier Lig&#8217;e y\u00fckselen&nbsp;<a href=\"https:\/\/www.sondakika.com\/hull-city\/\">Hull City<\/a>&#8216;nin sahibi olan&nbsp;<a href=\"https:\/\/www.sondakika.com\/acun-ilicali\/\">Acun Il\u0131cal\u0131<\/a>, tak\u0131m\u0131n\u0131n play-off finalini kazanarak Premier Lig&#8217;e y\u00fckselmesinin hemen ard\u0131ndan A Spor&#8217;da canl\u0131 yay\u0131nda a\u00e7\u0131klamalarda bulundu.<\/p>\n\n\n\n<h3 class=\"wp-block-heading\">&#8221;TARAFTARLAR B\u0130Z\u0130M T\u00dcRK OLMAMIZLA GURUR DUYUYOR&#8221;<\/h3>\n\n\n\n<p class=\"wp-block-paragraph\">Il\u0131cal\u0131, Hull City&#8217;yi \u0130ngiltere&#8217;de bir T\u00fcrk kul\u00fcb\u00fc olarak kabul ettirme hedefiyle yola \u00e7\u0131kt\u0131klar\u0131n\u0131 belirterek, &#8220;Stadyum giri\u015finde b\u00fcy\u00fck bir T\u00fcrk bayra\u011f\u0131 var. Bug\u00fcn trib\u00fcnlerde de T\u00fcrk bayraklar\u0131n\u0131 g\u00f6rd\u00fcn\u00fcz. Y\u00fczde 80&#8217;i \u0130ngiliz olan taraftarlar bizim T\u00fcrk olmam\u0131zla gurur duyuyor. Herkes \u00e7ok mutluydu&#8221; dedi.&nbsp;<\/p>\n\n\n\n<h3 class=\"wp-block-heading\">&#8221;HAYATTA H\u0130\u00c7 BA\u015eARISIZ OLMADIM&#8221;<\/h3>\n\n\n\n<p class=\"wp-block-paragraph\">Futbola olan yakla\u015f\u0131m\u0131n\u0131 da anlatan Il\u0131cal\u0131, &#8220;Ben futbolu ya\u015fayan biriyim. Konsantre oldu\u011fum her konuda her \u015feyimi veririm. Hayatta hi\u00e7 ba\u015far\u0131s\u0131z olmad\u0131m. Futbola da girdim ve Allah nasip etti.&#8221; ifadelerini kulland\u0131.&nbsp;<\/p>\n\n\n\n<figure class=\"wp-block-image\"><img decoding=\"async\" src=\"https:\/\/foto.sondakika.com\/haber\/2026\/05\/23\/turkiyeden-transfer-yapacak-mi-19877095-4897_1_m.jpg\" alt=\"T\u00fcrkiye'den transfer yapacak m\u0131? Acun Il\u0131cal\u0131'dan zafer sonras\u0131 ilk a\u00e7\u0131klama\"\/><\/figure>\n\n\n\n<h3 class=\"wp-block-heading\">FENERBAH\u00c7E&#8217;DEK\u0130 D\u00d6NEM\u0130<\/h3>\n\n\n\n<p class=\"wp-block-paragraph\">Fenerbah\u00e7e&#8217;deki y\u00f6neticilik d\u00f6neminde Hull City&#8217;ye yeterince zaman ay\u0131ramad\u0131\u011f\u0131n\u0131 s\u00f6yleyen Acun Il\u0131cal\u0131, &#8220;Fenerbah\u00e7e \u00e7ok b\u00fcy\u00fck bir kul\u00fcp ve benim a\u015fk\u0131m. O d\u00f6nem buraya fazla u\u011frayamad\u0131m. Amrabat transferini yaparken Hull City&#8217;ye forvet bile alamam\u0131\u015ft\u0131k.&#8221; de\u011ferlendirmesinde bulundu.&nbsp;<\/p>\n\n\n\n<figure class=\"wp-block-image\"><img decoding=\"async\" src=\"https:\/\/foto.sondakika.com\/haber\/2026\/05\/23\/turkiyeden-transfer-yapacak-mi-19877095-1414_1_m.jpg\" alt=\"T\u00fcrkiye'den transfer yapacak m\u0131? Acun Il\u0131cal\u0131'dan zafer sonras\u0131 ilk a\u00e7\u0131klama\"\/><\/figure>\n\n\n\n<h3 class=\"wp-block-heading\">PREMIER L\u0130G PLANLAMASI<\/h3>\n\n\n\n<p class=\"wp-block-paragraph\">Premier Lig&#8217;e y\u00fckseldikten sonra bekleyen b\u00fcy\u00fck gelir ve planlamalar hakk\u0131nda da konu\u015fan Il\u0131cal\u0131, &#8220;\u015eimdi oturup plan yapaca\u011f\u0131z. Futbolda hata affetmez. Bizden 2-3 kat b\u00fct\u00e7eli tak\u0131mlar varken biz \u00e7\u0131kt\u0131k. Bu i\u015fler parayla olmuyor, \u00e7ok do\u011fru tercihler yapman\u0131z gerekiyor&#8221; ifadelerini kulland\u0131.<\/p>\n\n\n\n<h3 class=\"wp-block-heading\">T\u00dcRK\u0130YE&#8217;DEN TRANSFER SORUSUNA CEVAP<\/h3>\n\n\n\n<p class=\"wp-block-paragraph\">T\u00fcrkiye&#8217;den transfer yap\u0131p yapmayacaklar\u0131na ili\u015fkin soru \u00fczerine Acun Il\u0131cal\u0131 \u015fu cevab\u0131 verdi: &#8220;\u015eu anda bir \u015fey konu\u015fmamam\u0131z laz\u0131m. O durumda de\u011filim. Kendimize gelmemiz 10 g\u00fcn s\u00fcrer. Dinlenmemiz laz\u0131m. Play-off&#8217;lar bizim i\u00e7in \u00e7ok yo\u011fun ge\u00e7ti.&#8221;<\/p>\n","protected":false},"excerpt":{"rendered":"<p>Hull City Ba\u015fkan\u0131 Acun Il\u0131cal\u0131, tak\u0131m\u0131n\u0131n play-off finalini kazanarak Premier Lig&#8217;e y\u00fckselmesinin ard\u0131ndan a\u00e7\u0131klamalarda bulundu.<\/p>\n","protected":false},"author":1,"featured_media":2246,"comment_status":"open","ping_status":"open","sticky":false,"template":"","format":"standard","meta":{"_rtcl_gb_attr":"","footnotes":""},"categories":[3],"tags":[],"class_list":["post-2245","post","type-post","status-publish","format-standard","has-post-thumbnail","hentry","category-spor"],"_links":{"self":[{"href":"https:\/\/turkiyemhaber.com\/index.php?rest_route=\/wp\/v2\/posts\/2245","targetHints":{"allow":["GET"]}}],"collection":[{"href":"https:\/\/turkiyemhaber.com\/index.php?rest_route=\/wp\/v2\/posts"}],"about":[{"href":"https:\/\/turkiyemhaber.com\/index.php?rest_route=\/wp\/v2\/types\/post"}],"author":[{"embeddable":true,"href":"https:\/\/turkiyemhaber.com\/index.php?rest_route=\/wp\/v2\/users\/1"}],"replies":[{"embeddable":true,"href":"https:\/\/turkiyemhaber.com\/index.php?rest_route=%2Fwp%2Fv2%2Fcomments&post=2245"}],"version-history":[{"count":1,"href":"https:\/\/turkiyemhaber.com\/index.php?rest_route=\/wp\/v2\/posts\/2245\/revisions"}],"predecessor-version":[{"id":2247,"href":"https:\/\/turkiyemhaber.com\/index.php?rest_route=\/wp\/v2\/posts\/2245\/revisions\/2247"}],"wp:featuredmedia":[{"embeddable":true,"href":"https:\/\/turkiyemhaber.com\/index.php?rest_route=\/wp\/v2\/media\/2246"}],"wp:attachment":[{"href":"https:\/\/turkiyemhaber.com\/index.php?rest_route=%2Fwp%2Fv2%2Fmedia&parent=2245"}],"wp:term":[{"taxonomy":"category","embeddable":true,"href":"https:\/\/turkiyemhaber.com\/index.php?rest_route=%2Fwp%2Fv2%2Fcategories&post=2245"},{"taxonomy":"post_tag","embeddable":true,"href":"https:\/\/turkiyemhaber.com\/index.php?rest_route=%2Fwp%2Fv2%2Ftags&post=2245"}],"curies":[{"name":"wp","href":"https:\/\/api.w.org\/{rel}","templated":true}]}}