{"id":2242,"date":"2026-05-24T08:15:11","date_gmt":"2026-05-24T08:15:11","guid":{"rendered":"https:\/\/turkiyemhaber.com\/?p=2242"},"modified":"2026-05-24T08:15:18","modified_gmt":"2026-05-24T08:15:18","slug":"muglada-sampiyonlara-gorkemli-karsilama","status":"publish","type":"post","link":"https:\/\/turkiyemhaber.com\/?p=2242","title":{"rendered":"Mu\u011fla&#8217;da \u015fampiyonlara g\u00f6rkemli kar\u015f\u0131lama"},"content":{"rendered":"\n<p class=\"wp-block-paragraph\">2026 Avrupa Ok\u00e7uluk \u015eampiyonas\u0131&#8217;nda Avrupa \u015eampiyonu olan Mu\u011flal\u0131 milli ok\u00e7ular Hazal Burun ve Emircan Haney i\u00e7in Mu\u011fla&#8217;da co\u015fkulu bir kar\u015f\u0131lama t\u00f6reni d\u00fczenlendi. Sporcular, 2028 Los Angeles Olimpiyatlar\u0131&#8217;na haz\u0131rlan\u0131yor.<\/p>\n\n\n\n<p class=\"wp-block-paragraph\">2026 Avrupa Ok\u00e7uluk \u015eampiyonas\u0131&#8217;nda tarihi bir ba\u015far\u0131ya imza atarak Avrupa \u015eampiyonu olan Mu\u011flal\u0131 milli ok\u00e7ular Hazal Burun ve Emircan Haney i\u00e7in Mu\u011fla&#8217;da co\u015fkulu bir kar\u015f\u0131lama t\u00f6reni d\u00fczenlendi. Makaral\u0131 yay kategorisinde T\u00fcrkiye&#8217;ye b\u00fcy\u00fck bir gurur ya\u015fatan alt\u0131n sporcular, \u00e7i\u00e7eklerle ve alk\u0131\u015flarla kar\u015f\u0131land\u0131.<\/p>\n\n\n\n<p class=\"wp-block-paragraph\">2026 Avrupa Ok\u00e7uluk \u015eampiyonas\u0131&#8217;nda Makaral\u0131 Yay Kad\u0131nlar kategorisinde yar\u0131\u015fan Hazal Burun, finalde Danimarkal\u0131 rakibini ma\u011flup ederek Avrupa \u015eampiyonu oldu ve alt\u0131n madalyay\u0131 boynuna takt\u0131. Ayn\u0131 \u015fampiyonada erkekler kulvar\u0131nda da zirveye \u00e7\u0131kan Emircan Haney ile birlikte Mu\u011fla&#8217;ya iki alt\u0131n madalya kazand\u0131ran milli sporcular i\u00e7in memleketlerinde resmi bir kar\u015f\u0131lama t\u00f6reni ger\u00e7ekle\u015ftirildi.<\/p>\n\n\n\n<p class=\"wp-block-paragraph\">T\u00f6rende konu\u015fan Mu\u011fla Gen\u00e7lik ve&nbsp;<a href=\"https:\/\/www.sondakika.com\/Spor\/\">Spor<\/a>&nbsp;\u0130l M\u00fcd\u00fcr\u00fc Musa Kaz\u0131m A\u00e7\u0131kba\u015f, Mu\u011fla&#8217;n\u0131n son d\u00f6nemde sporda alt\u0131n \u00e7a\u011f\u0131n\u0131 ya\u015fad\u0131\u011f\u0131n\u0131 vurgulayarak, &#8220;Mu\u011fla&#8217;da 2025 y\u0131l\u0131 ve 2026&#8217;n\u0131n bu ba\u015flang\u0131\u00e7 d\u00f6neminde T\u00fcrkiye&#8217;nin sporda en ba\u015far\u0131l\u0131 illerinden biri konumunday\u0131z. En son 19 May\u0131s g\u00f6sterilerinde, Valimizin himayelerinde, 2025 y\u0131l\u0131nda D\u00fcnya, Avrupa ve Balkan \u015fampiyonalar\u0131nda madalya alan 80 sporcumuzu \u00f6d\u00fcllendirmi\u015f ve kendilerine te\u015fekk\u00fcr etmi\u015ftik. Hazal ve Emircan karde\u015flerimiz o s\u0131rada Avrupa \u015eampiyonas\u0131 arenas\u0131nda m\u00fccadele ettikleri i\u00e7in yan\u0131m\u0131zda yer alamam\u0131\u015flard\u0131 ama bug\u00fcn bizi fazlas\u0131yla gururland\u0131rd\u0131lar. Her ikisi de Avrupa \u015eampiyonu oldu, kendilerini can\u0131 g\u00f6n\u00fclden tebrik ediyoruz. Bu ba\u015far\u0131da eme\u011fi ge\u00e7en hocalar\u0131m\u0131za, B\u00fcy\u00fck\u015fehir Belediye Ba\u015fkan\u0131m\u0131za ve kul\u00fcp y\u00f6neticilerimize te\u015fekk\u00fcr ediyoruz. Emeklerinize sa\u011fl\u0131k&#8221; dedi.<\/p>\n\n\n\n<p class=\"wp-block-paragraph\">Hedef: 2028 Los Angeles olimpiyatlar\u0131<\/p>\n\n\n\n<p class=\"wp-block-paragraph\">\u015eampiyonlar\u0131n Antren\u00f6r\u00fc Dr. Ejder S\u00f6zen, elde edilen ba\u015far\u0131n\u0131n tesad\u00fcf olmad\u0131\u011f\u0131n\u0131 ve uzun s\u00fcredir bu \u015fampiyonay\u0131 hedeflediklerini belirtti. Olimpiyat s\u00fcrecine dikkat \u00e7eken S\u00f6zen, &#8220;\u00d6ncelikle \u00e7ok mutluyum. Sezonun tam ortas\u0131nda hedef olarak belirledi\u011fimiz bu Avrupa \u015eampiyonas\u0131&#8217;n\u0131, ileride hayalini kurdu\u011fumuz olimpiyat s\u00fcrecinin \u00e7ok \u00f6nemli bir ad\u0131m\u0131 olarak g\u00f6r\u00fcyorduk. Hem Hazal&#8217;\u0131n hem de Emircan&#8217;\u0131n kendi kulvarlar\u0131nda bu sonucu alabilece\u011fine y\u00fcrekten inan\u0131yorduk. Kar\u0131\u015f\u0131k miks tak\u0131m bronz madalya m\u00fccadelesinde her iki tak\u0131m da 160 \u00fczerinden 160 tam puan att\u0131; d\u00fcnyada belki de emsali olmayan ola\u011fan\u00fcst\u00fc bir ma\u00e7t\u0131. Beraberlik at\u0131\u015flar\u0131 sonras\u0131nda ma\u00e7\u0131 kaybettik ancak makaral\u0131 yaylar\u0131n 2028 Olimpiyat Oyunlar\u0131&#8217;na dahil edilece\u011fini hesap edersek, att\u0131\u011f\u0131m\u0131z skorlar ortada. Bu iki g\u00fczel \u00e7ocuk, T\u00fcrkiye&#8217;yi olimpiyatlarda temsil etmeye en b\u00fcy\u00fck iki adayd\u0131r. Biz basamaklar\u0131 birer birer \u00e7\u0131k\u0131yoruz ve bu \u015fampiyonluk bizim i\u00e7in \u00f6nemli bir basamakt\u0131. Bize destek veren Say\u0131n Valimize, B\u00fcy\u00fck\u015fehir Belediyemize, \u0130l M\u00fcd\u00fcr\u00fcm\u00fcze, t\u00fcm Mu\u011flal\u0131lara ve bas\u0131n\u0131m\u0131za ekibim ad\u0131na \u015f\u00fckranlar\u0131m\u0131 sunuyorum&#8221; diye konu\u015ftu.<\/p>\n\n\n\n<p class=\"wp-block-paragraph\">Burun: &#8220;Birlikte ba\u015farmak ayr\u0131 bir gurur&#8221;<\/p>\n\n\n\n<p class=\"wp-block-paragraph\">Avrupa \u015eampiyonu Hazal Burun, ya\u015fad\u0131\u011f\u0131 mutlulu\u011fu dile getirirken tak\u0131m arkada\u015f\u0131yla bu ba\u015far\u0131y\u0131 payla\u015fman\u0131n \u00f6nemine de\u011findi. Burun, &#8220;O kadar mutlu ve gururluyum ki, bunu Emircan&#8217;la birlikte ba\u015farm\u0131\u015f olmak benim i\u00e7in \u00e7ok b\u00fcy\u00fck bir gurur. \u00c7ok emek veriyoruz, ter d\u00f6k\u00fcyoruz ve bunun kar\u015f\u0131l\u0131\u011f\u0131n\u0131 al\u0131yor olmak inan\u0131lmaz. \u0130kimizin beraber Avrupa \u015eampiyonu olmas\u0131n\u0131n bende ayr\u0131 bir yeri var. Bizleri destekleyen herkese sonsuz te\u015fekk\u00fcr ediyorum&#8221; ifadelerini kulland\u0131.<\/p>\n\n\n\n<p class=\"wp-block-paragraph\">Haney: &#8220;Olimpiyatlardan madalyayla d\u00f6nece\u011fimize g\u00fcvenimiz tam&#8221;<\/p>\n\n\n\n<p class=\"wp-block-paragraph\">Mu\u011fla&#8217;ya \u00e7ift alt\u0131n madalyayla d\u00f6nmenin gururunu ya\u015fayan Emircan Haney ise olimpiyat sinyali verdi: &#8220;\u00c7ok mutluyuz. Hazal ile birlikte y\u0131llard\u0131r ayn\u0131 hedef i\u00e7in ter d\u00f6k\u00fcyor, m\u00fccadele ediyoruz. Bu Avrupa \u015eampiyonas\u0131 da kendimize koydu\u011fumuz bir hedefti. \u0130ki farkl\u0131 kulvarda final m\u00fccadelesi verdik, ikisini de kazand\u0131k ve Mu\u011fla&#8217;m\u0131za iki alt\u0131n madalyayla d\u00f6nd\u00fck. Olimpiyat kotas\u0131 al\u0131nd\u0131\u011f\u0131 takdirde ve Hazal ile bize bu g\u00f6rev verilirse, \u00fclkemizi orada en iyi ve en lay\u0131k \u015fekilde temsil edip madalyayla d\u00f6nece\u011fimize g\u00fcvenimiz tamd\u0131r. Destekleyen herkese \u00e7ok te\u015fekk\u00fcr ederiz&#8221; dedi. &#8211; MU\u011eLA<\/p>\n","protected":false},"excerpt":{"rendered":"<p>2026 Avrupa Ok\u00e7uluk \u015eampiyonas\u0131&#8217;nda Avrupa \u015eampiyonu olan Mu\u011flal\u0131 milli ok\u00e7ular Hazal Burun ve Emircan Haney<\/p>\n","protected":false},"author":1,"featured_media":2243,"comment_status":"open","ping_status":"open","sticky":false,"template":"","format":"standard","meta":{"_rtcl_gb_attr":"","footnotes":""},"categories":[3],"tags":[],"class_list":["post-2242","post","type-post","status-publish","format-standard","has-post-thumbnail","hentry","category-spor"],"_links":{"self":[{"href":"https:\/\/turkiyemhaber.com\/index.php?rest_route=\/wp\/v2\/posts\/2242","targetHints":{"allow":["GET"]}}],"collection":[{"href":"https:\/\/turkiyemhaber.com\/index.php?rest_route=\/wp\/v2\/posts"}],"about":[{"href":"https:\/\/turkiyemhaber.com\/index.php?rest_route=\/wp\/v2\/types\/post"}],"author":[{"embeddable":true,"href":"https:\/\/turkiyemhaber.com\/index.php?rest_route=\/wp\/v2\/users\/1"}],"replies":[{"embeddable":true,"href":"https:\/\/turkiyemhaber.com\/index.php?rest_route=%2Fwp%2Fv2%2Fcomments&post=2242"}],"version-history":[{"count":1,"href":"https:\/\/turkiyemhaber.com\/index.php?rest_route=\/wp\/v2\/posts\/2242\/revisions"}],"predecessor-version":[{"id":2244,"href":"https:\/\/turkiyemhaber.com\/index.php?rest_route=\/wp\/v2\/posts\/2242\/revisions\/2244"}],"wp:featuredmedia":[{"embeddable":true,"href":"https:\/\/turkiyemhaber.com\/index.php?rest_route=\/wp\/v2\/media\/2243"}],"wp:attachment":[{"href":"https:\/\/turkiyemhaber.com\/index.php?rest_route=%2Fwp%2Fv2%2Fmedia&parent=2242"}],"wp:term":[{"taxonomy":"category","embeddable":true,"href":"https:\/\/turkiyemhaber.com\/index.php?rest_route=%2Fwp%2Fv2%2Fcategories&post=2242"},{"taxonomy":"post_tag","embeddable":true,"href":"https:\/\/turkiyemhaber.com\/index.php?rest_route=%2Fwp%2Fv2%2Ftags&post=2242"}],"curies":[{"name":"wp","href":"https:\/\/api.w.org\/{rel}","templated":true}]}}