{"id":2239,"date":"2026-05-24T08:13:18","date_gmt":"2026-05-24T08:13:18","guid":{"rendered":"https:\/\/turkiyemhaber.com\/?p=2239"},"modified":"2026-05-24T08:13:23","modified_gmt":"2026-05-24T08:13:23","slug":"enes-ozdemir-altin-madalya-kazandi","status":"publish","type":"post","link":"https:\/\/turkiyemhaber.com\/?p=2239","title":{"rendered":"Enes \u00d6zdemir Alt\u0131n Madalya Kazand\u0131"},"content":{"rendered":"\n<p class=\"wp-block-paragraph\">Frankfurt&#8217;ta Avrupa Karate \u015eampiyonas\u0131&#8217;nda alt\u0131n madalya kazanan Enes \u00d6zdemir, mutlulu\u011funu payla\u015ft\u0131.<\/p>\n\n\n\n<p class=\"wp-block-paragraph\">Almanya&#8217;n\u0131n Frankfurt kentinde d\u00fczenlenen Avrupa Karate \u015eampiyonas\u0131&#8217;n\u0131 erkek katada alt\u0131n madalya ile tamamlayan milli sporcu Enes \u00d6zdemir, ya\u015fad\u0131\u011f\u0131 mutlulu\u011fu dile getirdi.<\/p>\n\n\n\n<p class=\"wp-block-paragraph\">Eissporthalle Frankfurt&#8217;ta ger\u00e7ekle\u015ftirilen organizasyonda bas\u0131n mensuplar\u0131n\u0131n sorular\u0131n\u0131 yan\u0131tlayan Enes \u00d6zdemir, &#8220;Finalde ister istemez, ka\u00e7\u0131nc\u0131 ma\u00e7\u0131ma \u00e7\u0131karsam \u00e7\u0131kay\u0131m, bir stres oluyor. O stresle ba\u015f edip bu alt\u0131n madalyay\u0131 boynuma takt\u0131\u011f\u0131m i\u00e7in \u015fu an \u00e7ok mutluyum. Alt\u0131nc\u0131 Avrupa \u015fampiyonlu\u011fum oldu. D\u00f6rt tane tak\u0131m katada, iki tane de bireyselde ald\u0131m. Ge\u00e7en y\u0131l\u0131n Avrupa \u015fampiyonuydum. Bu y\u0131l da \u00e7ok \u015f\u00fck\u00fcr tekrar Avrupa \u015fampiyonu oldum. Mutluyum. Benim en iyi katam &#8216;unsu&#8217; zaten. Bu katayla finale kalmam ayr\u0131ca bir avantajd\u0131. G\u00fczel bir \u015fekilde finali de kapatt\u0131k.&#8221; ifadelerini kulland\u0131.<\/p>\n\n\n\n<p class=\"wp-block-paragraph\">Kariyerinin alt\u0131nc\u0131 Avrupa \u015fampiyonlu\u011funa ula\u015ft\u0131\u011f\u0131n\u0131 yineleyen milli karateci, &#8220;Mutluyum. Dahas\u0131, niceleri in\u015fallah gelecek. Daha b\u00fcy\u00fck ba\u015far\u0131lar i\u00e7in en iyi \u015fekilde \u00e7al\u0131\u015fmaya devam edece\u011fiz. Hedefimiz bir sonraki y\u0131l Avrupa \u015eampiyonas\u0131 ve Avrupa Oyunlar\u0131. Avrupa Oyunlar\u0131 T\u00fcrkiye&#8217;de olacak. Onun i\u00e7in de ekstra mutluyum. Seneye hem Avrupa \u015eampiyonas\u0131 hem Avrupa Oyunlar\u0131 hem de D\u00fcnya \u015eampiyonas\u0131&#8217;nda in\u015fallah alt\u0131n madalya al\u0131p, \u00fclkemizi en iyi \u015fekilde temsil edece\u011fim.&#8221; diye konu\u015ftu.<\/p>\n\n\n\n<p class=\"wp-block-paragraph\">&#8220;Karatenin olimpiyatlara girmemesi beni \u00e7ok \u00fcz\u00fcyor&#8221;<\/p>\n\n\n\n<p class=\"wp-block-paragraph\">Olimpiyatlarda yer alma hayalinden bahseden Enes \u00d6zdemir, bu bran\u015f\u0131n olimpik olmamas\u0131ndan duydu\u011fu \u00fcz\u00fcnt\u00fcy\u00fc dile getirdi.<\/p>\n\n\n\n<p class=\"wp-block-paragraph\">Her sporcunun hayalinin olimpiyatlar oldu\u011funu aktaran ay-y\u0131ld\u0131zl\u0131 karateci, &#8220;D\u00fcnya \u015eampiyonas\u0131&#8217;nda kazanmak ile olimpiyatlarda alt\u0131n madalya almak hi\u00e7bir zaman ayn\u0131 \u015fey de\u011fil. Hayalim olimpiyat \u015fampiyonu olmak ve karatenin olimpiyatlara girmemesi beni \u00e7ok \u00fcz\u00fcyor. \u0130n\u015fallah karate 2032 y\u0131l\u0131ndaki olimpiyatlara dahil edilir. \u015eimdilik hedefim d\u00fcnya \u015fampiyonu olmak. Tabii ki olimpik bran\u015f olursak, olimpiyat \u015fampiyonlu\u011funu elde etmek i\u00e7in sonuna kadar elimden geleni yapaca\u011f\u0131m.&#8221; de\u011ferlendirmesinde bulundu.<\/p>\n\n\n\n<p class=\"wp-block-paragraph\">\u00d6te yandan, \u0130talyan rakibi Alessio Ghinami&#8217;ye kar\u015f\u0131 \u00e7\u0131kt\u0131\u011f\u0131 kata finaline de de\u011finen \u00d6zdemir, &#8220;Kendimi iyi hissetti\u011fim i\u00e7in, &#8216;Tamam ben bu ma\u00e7\u0131 ald\u0131m.&#8217; dedim. \u00c7\u00fcnk\u00fc benim hissiyat\u0131m \u00e7ok iyiydi. Kendi vurdu\u011fum yumru\u011fu, att\u0131\u011f\u0131m tekmeyi, bast\u0131\u011f\u0131m yeri \u00e7ok g\u00fczel \u015fekilde hissettim. Hi\u00e7 teredd\u00fct bile etmedim. Zaten skorlar\u0131 da tek tek g\u00f6rd\u00fck. Yani hemen hemen 7-0&#8217;l\u0131k bir skora do\u011fru gidiyorduk, ne yaz\u0131k ki 6-1&#8217;de kald\u0131k. O da nazarl\u0131k olsun. \u0130n\u015fallah gelecek y\u0131l daha iyisi olur.&#8221; diyerek s\u00f6zlerini tamamlad\u0131.<\/p>\n","protected":false},"excerpt":{"rendered":"<p>Frankfurt&#8217;ta Avrupa Karate \u015eampiyonas\u0131&#8217;nda alt\u0131n madalya kazanan Enes \u00d6zdemir, mutlulu\u011funu payla\u015ft\u0131. Almanya&#8217;n\u0131n Frankfurt kentinde d\u00fczenlenen<\/p>\n","protected":false},"author":1,"featured_media":2240,"comment_status":"open","ping_status":"open","sticky":false,"template":"","format":"standard","meta":{"_rtcl_gb_attr":"","footnotes":""},"categories":[3],"tags":[],"class_list":["post-2239","post","type-post","status-publish","format-standard","has-post-thumbnail","hentry","category-spor"],"_links":{"self":[{"href":"https:\/\/turkiyemhaber.com\/index.php?rest_route=\/wp\/v2\/posts\/2239","targetHints":{"allow":["GET"]}}],"collection":[{"href":"https:\/\/turkiyemhaber.com\/index.php?rest_route=\/wp\/v2\/posts"}],"about":[{"href":"https:\/\/turkiyemhaber.com\/index.php?rest_route=\/wp\/v2\/types\/post"}],"author":[{"embeddable":true,"href":"https:\/\/turkiyemhaber.com\/index.php?rest_route=\/wp\/v2\/users\/1"}],"replies":[{"embeddable":true,"href":"https:\/\/turkiyemhaber.com\/index.php?rest_route=%2Fwp%2Fv2%2Fcomments&post=2239"}],"version-history":[{"count":1,"href":"https:\/\/turkiyemhaber.com\/index.php?rest_route=\/wp\/v2\/posts\/2239\/revisions"}],"predecessor-version":[{"id":2241,"href":"https:\/\/turkiyemhaber.com\/index.php?rest_route=\/wp\/v2\/posts\/2239\/revisions\/2241"}],"wp:featuredmedia":[{"embeddable":true,"href":"https:\/\/turkiyemhaber.com\/index.php?rest_route=\/wp\/v2\/media\/2240"}],"wp:attachment":[{"href":"https:\/\/turkiyemhaber.com\/index.php?rest_route=%2Fwp%2Fv2%2Fmedia&parent=2239"}],"wp:term":[{"taxonomy":"category","embeddable":true,"href":"https:\/\/turkiyemhaber.com\/index.php?rest_route=%2Fwp%2Fv2%2Fcategories&post=2239"},{"taxonomy":"post_tag","embeddable":true,"href":"https:\/\/turkiyemhaber.com\/index.php?rest_route=%2Fwp%2Fv2%2Ftags&post=2239"}],"curies":[{"name":"wp","href":"https:\/\/api.w.org\/{rel}","templated":true}]}}