{"id":2236,"date":"2026-05-24T08:05:30","date_gmt":"2026-05-24T08:05:30","guid":{"rendered":"https:\/\/turkiyemhaber.com\/?p=2236"},"modified":"2026-05-24T08:05:34","modified_gmt":"2026-05-24T08:05:34","slug":"sezai-karakocun-gizli-arsivi-ilk-kez-ortaya-cikti","status":"publish","type":"post","link":"https:\/\/turkiyemhaber.com\/?p=2236","title":{"rendered":"Sezai Karako\u00e7&#8217;un gizli ar\u015fivi ilk kez ortaya \u00e7\u0131kt\u0131"},"content":{"rendered":"\n<p class=\"wp-block-paragraph\">Sezai Karako\u00e7\u2019un daha \u00f6nce hi\u00e7 g\u00fcn y\u00fcz\u00fcne \u00e7\u0131kmam\u0131\u015f ar\u015fiv belgeleri, el yaz\u0131lar\u0131, ilk bask\u0131 eserleri ve \u015fahsi daktilosu \u201cZamana Adanm\u0131\u015f S\u00f6zler\u201d sergisinde ilk kez sanatseverlerle bulu\u015ftu. K\u00fclt\u00fcr ve Turizm Bakan\u0131 Mehmet Nuri Ersoy, sergiyle yaln\u0131zca Karako\u00e7\u2019un edeb\u00ee miras\u0131n\u0131 de\u011fil, \u201cDirili\u015f\u201d d\u00fc\u015f\u00fcncesi etraf\u0131nda \u015fekillenen fikir ve medeniyet y\u00fcr\u00fcy\u00fc\u015f\u00fcn\u00fc de g\u00f6r\u00fcn\u00fcr k\u0131lmay\u0131 hedeflediklerini belirtti.<\/p>\n\n\n\n<p class=\"wp-block-paragraph\">T\u00fcrk d\u00fc\u015f\u00fcnce ve edebiyat d\u00fcnyas\u0131n\u0131n en g\u00fc\u00e7l\u00fc isimlerinden Sezai Karako\u00e7\u2019un fikir, sanat ve medeniyet anlay\u0131\u015f\u0131n\u0131 \u00e7ok y\u00f6nl\u00fc bi\u00e7imde ele alan \u201cZamana Adanm\u0131\u015f S\u00f6zler\u201d sergisi kap\u0131lar\u0131n\u0131 Rami K\u00fct\u00fcphanesi&#8217;nde ziyaret\u00e7ilere a\u00e7t\u0131.<\/p>\n\n\n\n<p class=\"wp-block-paragraph\">K\u00fclt\u00fcr ve Turizm Bakanl\u0131\u011f\u0131nca haz\u0131rlanan sergide, b\u00fcy\u00fck ustan\u0131n edeb\u00ee miras\u0131n\u0131 yans\u0131tan \u00e7ok say\u0131da \u00f6zel eser sanatseverlerle bulu\u015furken K\u00fclt\u00fcr ve Turizm Bakan\u0131 Mehmet Nuri Ersoy da sergiyi ziyaret ederek sergide yer alan ar\u015fiv materyalleri hakk\u0131nda bilgi ald\u0131.<\/p>\n\n\n\n<p class=\"wp-block-paragraph\">Zamana Adanm\u0131\u015f S\u00f6zler sergisi kapsam\u0131nda Sezai Karako\u00e7\u2019un edeb\u00ee ve fikr\u00ee miras\u0131n\u0131 yans\u0131tan \u00f6zel eserler, ar\u015fiv belgeleri ve kaligrafi se\u00e7kileri 22 Haziran\u2019a kadar sanatseverlerin ziyaretine a\u00e7\u0131k olacak.<\/p>\n\n\n\n<figure class=\"wp-block-image\"><img decoding=\"async\" src=\"https:\/\/foto.sondakika.com\/haber\/2026\/05\/23\/sezai-karakocun-gizli-arsivi-i-20576475-6514_1_m.jpg\" alt=\"Sezai Karako\u00e7'un gizli ar\u015fivi ilk kez ortaya \u00e7\u0131kt\u0131\"\/><\/figure>\n\n\n\n<h3 class=\"wp-block-heading\">KARAKO\u00c7&#8217;UN D\u00dc\u015e\u00dcNCE D\u00dcNYASINA YOLCULUK<\/h3>\n\n\n\n<p class=\"wp-block-paragraph\">K\u00fclt\u00fcr ve Turizm Bakan\u0131 Mehmet Nuri Ersoy, Sezai Karako\u00e7\u2019un yaln\u0131zca \u015fiirleriyle de\u011fil; hik\u00e2yelerden tiyatro eserlerine, incelemelerden denemelere ve d\u00fc\u015f\u00fcnce yaz\u0131lar\u0131na uzanan \u00e7ok y\u00f6nl\u00fc bir edeb\u00ee miras b\u0131rakt\u0131\u011f\u0131n\u0131 ifade ederek \u201cinsan\u0131yla ve hatta insanl\u0131kla hemh\u00e2l olmak ad\u0131na her yola bir not d\u00fc\u015fm\u00fc\u015f; bir a\u00e7\u0131klama, bir cevap, kimi zaman sorular b\u0131rakm\u0131\u015f\u201d bir isim oldu\u011funu s\u00f6yledi.<\/p>\n\n\n\n<p class=\"wp-block-paragraph\">II. D\u00fcnya Sava\u015f\u0131\u2019n\u0131n insanl\u0131k \u00fczerinde b\u0131rakt\u0131\u011f\u0131 y\u0131k\u0131ma ve modern d\u00fcnyan\u0131n krizlerine dikkat \u00e7eken Ersoy, Sezai Karako\u00e7\u2019un bu s\u00fcre\u00e7lerle y\u00fczle\u015fti\u011fini, bunlar\u0131 ink\u00e2r etmedi\u011fini belirterek t\u00fcm bu buhranlardan g\u00fc\u00e7l\u00fc bir umut dev\u015firdi\u011fini anlatt\u0131.<\/p>\n\n\n\n<p class=\"wp-block-paragraph\">Bakan Ersoy, Karako\u00e7\u2019un \u201cinsanlar\u0131n t\u00fckeni\u015fi g\u00f6rd\u00fc\u011f\u00fc ve kabullendi\u011fi yerde Dirili\u015f m\u00fccadelesine revan oldu\u011funu\u201d ifade etti.<\/p>\n\n\n\n<h3 class=\"wp-block-heading\">KARAKO\u00c7&#8217;U ANLAMAK \u0130\u00c7\u0130N M\u00dcCADELES\u0130N\u0130 B\u0130LMEK GEREK\u0130R<\/h3>\n\n\n\n<p class=\"wp-block-paragraph\">Sezai Karako\u00e7\u2019un d\u00fc\u015f\u00fcnce d\u00fcnyas\u0131n\u0131n k\u0131sa s\u00fcrede anla\u015f\u0131labilecek bir yap\u0131 olmad\u0131\u011f\u0131n\u0131 vurgulayan Ersoy, b\u00fcy\u00fck ustay\u0131 anlamak i\u00e7in onun m\u00fccadelesini, savundu\u011fu de\u011ferleri ve ya\u015fam\u0131n\u0131 iyi bilmek gerekti\u011fini s\u00f6yledi.<\/p>\n\n\n\n<figure class=\"wp-block-image\"><img decoding=\"async\" src=\"https:\/\/foto.sondakika.com\/haber\/2026\/05\/23\/sezai-karakocun-gizli-arsivi-i-92789469-9850_1_m.jpg\" alt=\"Sezai Karako\u00e7'un gizli ar\u015fivi ilk kez ortaya \u00e7\u0131kt\u0131\"\/><\/figure>\n\n\n\n<p class=\"wp-block-paragraph\">Konu\u015fmas\u0131nda Karako\u00e7\u2019un \u201cKar\u201d \u015fiirine de de\u011finen Bakan Ersoy, \u015fu ifadeleri kulland\u0131: \u201cBenim bu \u015fiirimi anlayacaks\u0131n\/ Bu \u015fiirimi anlay\u0131nca beni anlayacaks\u0131n\/ Her \u015feyi beni anlay\u0131nca anlayacaks\u0131n.\u201d Bu \u00f6zel sesleni\u015fin Sezai Karako\u00e7\u2019u anlamak ad\u0131na \u00f6nemli bir \u00f6\u011f\u00fct niteli\u011fi ta\u015f\u0131d\u0131\u011f\u0131n\u0131 belirten Ersoy, hem Karako\u00e7\u2019un eserlerini hem de \u201cDirili\u015f\u201d d\u00fc\u015f\u00fcncesi etraf\u0131nda \u015fekillenen mill\u00ee, manevi ve insani de\u011ferler b\u00fct\u00fcn\u00fcn\u00fc okuyup i\u00e7selle\u015ftirmenin \u00f6nemine i\u015faret etti.<\/p>\n\n\n\n<h3 class=\"wp-block-heading\">\u0130LK KEZ SERG\u0130LENEN \u00d6ZEL BELGELER D\u0130KKAT \u00c7EKT\u0130<\/h3>\n\n\n\n<p class=\"wp-block-paragraph\">K\u00fclt\u00fcr ve Turizm Bakanl\u0131\u011f\u0131 olarak Zamana Adanm\u0131\u015f S\u00f6zler sergisini bu bilin\u00e7le haz\u0131rlad\u0131klar\u0131n\u0131 ifade eden Bakan Ersoy, K\u00fct\u00fcphaneler ve Yay\u0131mlar Genel M\u00fcd\u00fcrl\u00fc\u011f\u00fcn\u00fcn Sezai Karako\u00e7\u2019un d\u00fc\u015f\u00fcnce d\u00fcnyas\u0131n\u0131, edeb\u00ee miras\u0131n\u0131 ve k\u00fclt\u00fcrel etkisini farkl\u0131 katmanlar\u0131yla g\u00f6r\u00fcn\u00fcr k\u0131lmay\u0131 ama\u00e7layan kapsaml\u0131 bir k\u00fclt\u00fcr-sanat etkinli\u011fi tertip etti\u011fini s\u00f6yledi.<\/p>\n\n\n\n<p class=\"wp-block-paragraph\">Serginin ayr\u0131nt\u0131lar\u0131n\u0131 payla\u015fan Ersoy, Sezai Karako\u00e7\u2019un farkl\u0131 d\u00f6nemlerde yay\u0131mlanan eserlerinin ilk bask\u0131lar\u0131n\u0131n, Dirili\u015f dergisinin farkl\u0131 d\u00f6nem say\u0131lar\u0131n\u0131n ve daha \u00f6nce kamuoyu ile payla\u015f\u0131lmam\u0131\u015f ar\u015fiv de\u011feri ta\u015f\u0131yan \u00e7e\u015fitli belge ve materyallerin yer ald\u0131\u011f\u0131n\u0131 kaydetti.<\/p>\n\n\n\n<p class=\"wp-block-paragraph\">Ersoy, &#8220;El yaz\u0131s\u0131 ile yaz\u0131lm\u0131\u015f yaz\u0131 taslaklar\u0131n\u0131n bulundu\u011fu defter, Dirili\u015f Partisi Genel Ba\u015fkan\u0131 s\u0131fat\u0131yla 1992 y\u0131l\u0131nda Bosna-Hersek Cumhurba\u015fkan\u0131 Aliya \u0130zzetbegovi\u00e7\u2019e yaz\u0131lm\u0131\u015f \u0131slak imzal\u0131 belge, dedesi H\u00fcseyin Efendi\u2019ye takdim edilmi\u015f Plevne Madalyas\u0131\u2019n\u0131n g\u00f6rseli ve a\u00e7\u0131klamas\u0131 ile Sezai Karako\u00e7\u2019un \u015fahsi daktilosu ilk kez sergilenen materyallerden baz\u0131lar\u0131.&#8221; dedi.<\/p>\n\n\n\n<figure class=\"wp-block-image\"><img decoding=\"async\" src=\"https:\/\/foto.sondakika.com\/haber\/2026\/05\/23\/sezai-karakocun-gizli-arsivi-i-21580875-3354_1_m.jpg\" alt=\"Sezai Karako\u00e7'un gizli ar\u015fivi ilk kez ortaya \u00e7\u0131kt\u0131\"\/><\/figure>\n\n\n\n<h3 class=\"wp-block-heading\">KARAKO\u00c7&#8217;UN KEL\u0130MELER\u0130 SANAT ESER\u0130NE D\u00d6N\u00dc\u015eT\u00dc<\/h3>\n\n\n\n<p class=\"wp-block-paragraph\">Kaligrafi sanat\u00e7\u0131s\u0131 Sabahattin Nay\u0131r taraf\u0131ndan Sezai Karako\u00e7\u2019un \u015fiirlerinden, denemelerinden ve fikir metinlerinden ilham al\u0131narak haz\u0131rlanan toplam 30 ayr\u0131 \u00f6zel kaligrafi se\u00e7kisinin de sergide yer ald\u0131\u011f\u0131n\u0131 dile getiren Ersoy, se\u00e7kilerin kelime ile esteti\u011fi, d\u00fc\u015f\u00fcnce ile sanat\u0131 ayn\u0131 zeminde bulu\u015fturdu\u011funu s\u00f6zlerine ekledi.<\/p>\n\n\n\n<h3 class=\"wp-block-heading\">&#8220;B\u0130R F\u0130K\u0130R VE MEDEN\u0130YET Y\u00dcR\u00dcY\u00dc\u015e\u00dcN\u00dcN \u0130ZLER\u0130N\u0130 TAK\u0130P ETMEY\u0130 HEDEFLED\u0130K&#8221;<\/h3>\n\n\n\n<p class=\"wp-block-paragraph\">Zamana Adanm\u0131\u015f S\u00f6zler sergisinin ayn\u0131 zamanda sanat ve zarafeti bulu\u015fturan \u00f6zel bir k\u00fclt\u00fcrel haf\u0131za alan\u0131 olu\u015fturmak amac\u0131yla haz\u0131rland\u0131\u011f\u0131n\u0131 ifade eden Bakan Ersoy, ziyaret\u00e7ilerin sergiyle Sezai Karako\u00e7\u2019a dair \u00e7ok y\u00f6nl\u00fc bilgiye eri\u015fme ve b\u00fcy\u00fck ustan\u0131n d\u00fcnyas\u0131n\u0131 farkl\u0131 pencerelerden deneyimleme imk\u00e2n\u0131 bulaca\u011f\u0131n\u0131 s\u00f6yledi.<\/p>\n\n\n\n<figure class=\"wp-block-image\"><img decoding=\"async\" src=\"https:\/\/foto.sondakika.com\/haber\/2026\/05\/23\/sezai-karakocun-gizli-arsivi-i-35238033-7413_1_m.jpg\" alt=\"Sezai Karako\u00e7'un gizli ar\u015fivi ilk kez ortaya \u00e7\u0131kt\u0131\"\/><\/figure>\n\n\n\n<p class=\"wp-block-paragraph\">Sergide yaln\u0131zca biyografik veya edeb\u00ee bir anlat\u0131 sunmay\u0131 de\u011fil, ayn\u0131 zamanda \u201cbir fikir ve medeniyet y\u00fcr\u00fcy\u00fc\u015f\u00fcn\u00fcn izlerinin takip edilebilmesini\u201d hedeflediklerini kaydeden Ersoy, Sezai Karako\u00e7\u2019un \u201cDirili\u015f\u201d d\u00fc\u015f\u00fcncesi etraf\u0131nda \u015fekillenen entelekt\u00fcel miras\u0131n\u0131 gen\u00e7 ku\u015faklarla yeniden bulu\u015fturmak istediklerini ifade etti.<\/p>\n\n\n\n<p class=\"wp-block-paragraph\">Bakan Ersoy, ziyaret\u00e7ilere modern d\u00fcnyan\u0131n krizleri kar\u015f\u0131s\u0131nda \u201canlam, hakikat, ahlak ve medeniyet \u00fczerine yeniden d\u00fc\u015f\u00fcnme imk\u00e2n\u0131\u201d sunmay\u0131 ama\u00e7lad\u0131klar\u0131n\u0131 s\u00f6yledi. Konu\u015fmas\u0131n\u0131n sonunda Sezai Karako\u00e7\u2019u rahmetle, sayg\u0131yla ve minnetle and\u0131\u011f\u0131n\u0131 belirten Bakan Ersoy, eme\u011fi ge\u00e7en ve destek sunan herkese te\u015fekk\u00fcr etti. Ersoy, konu\u015fmas\u0131n\u0131 Sezai Karako\u00e7\u2019un \u015fu s\u00f6zleriyle tamamlad\u0131: \u201cMilletim! Do\u011fu&#8217;ya, Bat\u0131&#8217;ya dur diyecek g\u00fc\u00e7, sensin. Kendini bildi\u011fin g\u00fcn, kurtulacaks\u0131n. Ve b\u00fct\u00fcn insanl\u0131\u011f\u0131 kurtaracaks\u0131n.\u201d<\/p>\n","protected":false},"excerpt":{"rendered":"<p>Sezai Karako\u00e7\u2019un daha \u00f6nce hi\u00e7 g\u00fcn y\u00fcz\u00fcne \u00e7\u0131kmam\u0131\u015f ar\u015fiv belgeleri, el yaz\u0131lar\u0131, ilk bask\u0131 eserleri<\/p>\n","protected":false},"author":1,"featured_media":2237,"comment_status":"open","ping_status":"open","sticky":false,"template":"","format":"standard","meta":{"_rtcl_gb_attr":"","footnotes":""},"categories":[42],"tags":[],"class_list":["post-2236","post","type-post","status-publish","format-standard","has-post-thumbnail","hentry","category-kultur-ve-sanat"],"_links":{"self":[{"href":"https:\/\/turkiyemhaber.com\/index.php?rest_route=\/wp\/v2\/posts\/2236","targetHints":{"allow":["GET"]}}],"collection":[{"href":"https:\/\/turkiyemhaber.com\/index.php?rest_route=\/wp\/v2\/posts"}],"about":[{"href":"https:\/\/turkiyemhaber.com\/index.php?rest_route=\/wp\/v2\/types\/post"}],"author":[{"embeddable":true,"href":"https:\/\/turkiyemhaber.com\/index.php?rest_route=\/wp\/v2\/users\/1"}],"replies":[{"embeddable":true,"href":"https:\/\/turkiyemhaber.com\/index.php?rest_route=%2Fwp%2Fv2%2Fcomments&post=2236"}],"version-history":[{"count":1,"href":"https:\/\/turkiyemhaber.com\/index.php?rest_route=\/wp\/v2\/posts\/2236\/revisions"}],"predecessor-version":[{"id":2238,"href":"https:\/\/turkiyemhaber.com\/index.php?rest_route=\/wp\/v2\/posts\/2236\/revisions\/2238"}],"wp:featuredmedia":[{"embeddable":true,"href":"https:\/\/turkiyemhaber.com\/index.php?rest_route=\/wp\/v2\/media\/2237"}],"wp:attachment":[{"href":"https:\/\/turkiyemhaber.com\/index.php?rest_route=%2Fwp%2Fv2%2Fmedia&parent=2236"}],"wp:term":[{"taxonomy":"category","embeddable":true,"href":"https:\/\/turkiyemhaber.com\/index.php?rest_route=%2Fwp%2Fv2%2Fcategories&post=2236"},{"taxonomy":"post_tag","embeddable":true,"href":"https:\/\/turkiyemhaber.com\/index.php?rest_route=%2Fwp%2Fv2%2Ftags&post=2236"}],"curies":[{"name":"wp","href":"https:\/\/api.w.org\/{rel}","templated":true}]}}