{"id":2233,"date":"2026-05-24T07:56:01","date_gmt":"2026-05-24T07:56:01","guid":{"rendered":"https:\/\/turkiyemhaber.com\/?p=2233"},"modified":"2026-05-24T07:56:05","modified_gmt":"2026-05-24T07:56:05","slug":"akcakoca-belediye-baskani-fikret-albayrak-tutuklandi","status":"publish","type":"post","link":"https:\/\/turkiyemhaber.com\/?p=2233","title":{"rendered":"Ak\u00e7akoca Belediye Ba\u015fkan\u0131 Fikret Albayrak tutukland\u0131"},"content":{"rendered":"\n<p class=\"wp-block-paragraph\">&#8220;\u0130rtikap&#8221; su\u00e7lamas\u0131yla d\u00fcn g\u00f6zalt\u0131na al\u0131nan CHP&#8217;li Ak\u00e7akoca Belediye Ba\u015fkan\u0131 Fikret Albayrak, sevk edildi\u011fi adli makamlarca tutuklanarak cezaevine g\u00f6nderildi.<\/p>\n\n\n\n<p class=\"wp-block-paragraph\"><a href=\"https:\/\/www.sondakika.com\/duzce\/\">D\u00fczce<\/a>&nbsp;Cumhuriyet Ba\u015fsavc\u0131l\u0131\u011f\u0131n\u0131n koordinasyonunda hakk\u0131nda &#8220;irtikap&#8221; su\u00e7lamas\u0131 ile Afyonkarahisar&#8217;da g\u00f6zalt\u0131na al\u0131nan Fikret Albayrak, D\u00fczce&#8217;ye getirildi. \u0130l Emniyet M\u00fcd\u00fcrl\u00fc\u011f\u00fc&#8217;nde al\u0131nan ifadesinin ard\u0131ndan sabah saatlerinde adli makamlara sevk edildi. Albayrak tutuklama talebi ile sevk edildi\u011fi adli makamlarca tutukland\u0131.<\/p>\n\n\n\n<figure class=\"wp-block-image\"><img decoding=\"async\" src=\"https:\/\/foto.sondakika.com\/haber\/2026\/05\/23\/akcakoca-belediye-baskani-fikr-19875692-1196_1_m.jpg\" alt=\"Ak\u00e7akoca Belediye Ba\u015fkan\u0131 Fikret Albayrak tutukland\u0131\"\/><\/figure>\n\n\n\n<h3 class=\"wp-block-heading\">&#8220;BELED\u0130YE BA\u015eKANIMIZ MAALESEF TUTUKLANDI&#8221;<\/h3>\n\n\n\n<p class=\"wp-block-paragraph\">Cumhuriyet Halk Partisi D\u00fczce Merkez \u0130l\u00e7e Ba\u015fkan\u0131 Metin Dursun, &#8220;Ak\u00e7akocal\u0131lar\u0131n iradesi ile se\u00e7ilen demokratik bir \u015fekilde belediyeyi y\u00f6netmeye talip olmu\u015f ve hi\u00e7 bir \u00e7\u0131kar g\u00f6zetmeden kul hakk\u0131na girmeden, t\u00fcy\u00fc bitmemi\u015f yetimlerin hakk\u0131n\u0131 yemeden se\u00e7ilmi\u015f bir belediye ba\u015fkan\u0131m\u0131z bug\u00fcn bir yarg\u0131 karar\u0131 ile iftiralarla kumpaslarla ilk \u00f6nce g\u00f6zalt\u0131na al\u0131nd\u0131. Bug\u00fcn de maalesef tutukland\u0131. Bizim m\u00fccadelemiz bitmedi. M\u00fccadelemiz devam edecek. Belediye ba\u015fkan\u0131m\u0131z\u0131n sonuna kadar arkas\u0131nday\u0131z. Hi\u00e7 bir zaman geri ad\u0131m atmad\u0131k hi\u00e7 bir zamanda geri ad\u0131m atmayaca\u011f\u0131z&#8221; ifadelerini kulland\u0131.<\/p>\n\n\n\n<h3 class=\"wp-block-heading\">\u0130SKAN \u0130\u015eLEMLER\u0130 \u0130\u00c7\u0130N PARA TALEP ETT\u0130\u011e\u0130 \u0130DD\u0130A ED\u0130LD\u0130<\/h3>\n\n\n\n<p class=\"wp-block-paragraph\">D\u00fczce Cumhuriyet Ba\u015fsavc\u0131l\u0131\u011f\u0131 taraf\u0131ndan y\u00fcr\u00fct\u00fclen irtikap soru\u015fturmas\u0131 kapsam\u0131nda g\u00f6zalt\u0131na al\u0131nan Ak\u00e7akoca Belediye Ba\u015fkan\u0131 Fikret Albayrak, \u00e7\u0131kar\u0131ld\u0131\u011f\u0131 mahkemece tutukland\u0131. Soru\u015fturmada, devam eden in\u015faat projelerine ili\u015fkin iskan ve belediye i\u015flemleri kar\u015f\u0131l\u0131\u011f\u0131nda para talep edildi\u011fi iddialar\u0131 yer ald\u0131.<\/p>\n\n\n\n<p class=\"wp-block-paragraph\">Ba\u015fsavc\u0131l\u0131k taraf\u0131ndan yap\u0131lan a\u00e7\u0131klamaya g\u00f6re soru\u015fturma, Ak\u00e7akoca il\u00e7esinde devam eden in\u015faat projeleriyle ilgili belediye i\u015flemleri s\u0131ras\u0131nda menfaat sa\u011fland\u0131\u011f\u0131 iddialar\u0131 \u00fczerine ba\u015flat\u0131ld\u0131.<\/p>\n\n\n\n<p class=\"wp-block-paragraph\">M\u00fc\u015fteki E.\u00d6.\u2019n\u00fcn ifadesinde, 2023 y\u0131l\u0131nda ald\u0131\u011f\u0131 in\u015faat ruhsat\u0131 sonras\u0131 2024 y\u0131l\u0131nda belediye meclisi kararlar\u0131 nedeniyle iskan i\u015flemlerinin durduruldu\u011funu s\u00f6yledi\u011fi belirtildi. E.\u00d6., Belediye Ba\u015fkan\u0131 Fikret Albayrak\u2019\u0131n babas\u0131 H.\u00d6. arac\u0131l\u0131\u011f\u0131yla kendisine ula\u015ft\u0131\u011f\u0131n\u0131 ve iskan i\u015flemlerinin tamamlanabilmesi i\u00e7in 2 milyon 500 bin TL talep etti\u011fini \u00f6ne s\u00fcrd\u00fc.<\/p>\n\n\n\n<h3 class=\"wp-block-heading\">\u00c7EKLERLE \u0130LG\u0130L\u0130 DETAYLAR DOSYAYA G\u0130RD\u0130<\/h3>\n\n\n\n<p class=\"wp-block-paragraph\">M\u00fc\u015ftekinin nakit \u00f6deme yapamayaca\u011f\u0131n\u0131 belirtmesi \u00fczerine \u00e7ek verilmesi teklifinin kabul edildi\u011fi, ard\u0131ndan ta\u015f\u0131nmaza k\u0131smi iskan verildi\u011fi ifade edildi.<\/p>\n\n\n\n<p class=\"wp-block-paragraph\">Soru\u015fturma kapsam\u0131nda yap\u0131lan incelemelerde, m\u00fc\u015ftekiye ait 1 milyon TL bedelli \u00e7ek \u00fczerinde Ak\u00e7akoca Belediyesi i\u015ftiraki olan AB\u0130TA\u015e Ula\u015f\u0131m Nakliye \u0130n\u015faat Taahh\u00fct Sanayi ve Ticaret A.\u015e.\u2019ye ait cironun bulundu\u011fu tespit edildi.<\/p>\n\n\n\n<p class=\"wp-block-paragraph\">Ayr\u0131ca 1 milyon 500 bin TL\u2019lik \u00e7eki bankaya ibraz eden G.G.\u2019nin tan\u0131k s\u0131fat\u0131yla verdi\u011fi ifadede, \u00e7eki AB\u0130TA\u015e \u015firketinden yapt\u0131\u011f\u0131 \u00fcr\u00fcn sat\u0131\u015f\u0131 kar\u015f\u0131l\u0131\u011f\u0131nda ald\u0131\u011f\u0131n\u0131 s\u00f6yledi\u011fi aktar\u0131ld\u0131.<\/p>\n\n\n\n<figure class=\"wp-block-image\"><img decoding=\"async\" src=\"https:\/\/foto.sondakika.com\/haber\/2026\/05\/23\/akcakoca-belediye-baskani-fikr-19875692-7742_1_m.jpg\" alt=\"Ak\u00e7akoca Belediye Ba\u015fkan\u0131 Fikret Albayrak tutukland\u0131\"\/><\/figure>\n\n\n\n<h3 class=\"wp-block-heading\">BENZER \u015e\u0130KAYETLER DE DOSYAYA G\u0130RD\u0130<\/h3>\n\n\n\n<p class=\"wp-block-paragraph\">Ba\u015fsavc\u0131l\u0131k a\u00e7\u0131klamas\u0131nda, H.P. isimli ba\u015fka bir m\u00fc\u015ftekinin de benzer \u015fekilde in\u015faat faaliyetlerinin durduruldu\u011funu ve Belediye Ba\u015fkan\u0131 Fikret Albayrak taraf\u0131ndan \u00e7al\u0131\u015fan\u0131 arac\u0131l\u0131\u011f\u0131yla kendisinden 1 milyon TL talep edildi\u011fini \u00f6ne s\u00fcrd\u00fc\u011f\u00fc kaydedildi.<\/p>\n\n\n\n<p class=\"wp-block-paragraph\">M\u00fc\u015fteki H.P.\u2019nin, talep edilen paray\u0131 vermemesi nedeniyle in\u015faat faaliyetlerine izin verilmedi\u011fini belirterek savc\u0131l\u0131\u011fa ba\u015fvurdu\u011fu ifade edildi.<\/p>\n\n\n\n<h3 class=\"wp-block-heading\">ARAMALAR YAPILDI<\/h3>\n\n\n\n<p class=\"wp-block-paragraph\">Devam eden \u015fikayetler, tan\u0131k beyanlar\u0131, banka kay\u0131tlar\u0131 ve \u00e7ek hareketleri do\u011frultusunda Belediye Ba\u015fkan\u0131 Fikret Albayrak hakk\u0131nda g\u00f6zalt\u0131 karar\u0131 verildi. Soru\u015fturma kapsam\u0131nda Albayrak\u2019\u0131n ikamet adresi ile belediye i\u015ftiraki \u015firketlerde arama i\u015flemleri ger\u00e7ekle\u015ftirildi.<\/p>\n\n\n\n<h3 class=\"wp-block-heading\">TUTUKLANDI<\/h3>\n\n\n\n<p class=\"wp-block-paragraph\">Emniyetteki i\u015flemleri ve savc\u0131l\u0131k sorgusunun ard\u0131ndan mahkemeye sevk edilen Fikret Albayrak, Sulh Ceza Hakimli\u011fi taraf\u0131ndan \u201cirtikap\u201d su\u00e7undan tutukland\u0131.<\/p>\n","protected":false},"excerpt":{"rendered":"<p>&#8220;\u0130rtikap&#8221; su\u00e7lamas\u0131yla d\u00fcn g\u00f6zalt\u0131na al\u0131nan CHP&#8217;li Ak\u00e7akoca Belediye Ba\u015fkan\u0131 Fikret Albayrak, sevk edildi\u011fi adli makamlarca<\/p>\n","protected":false},"author":1,"featured_media":2234,"comment_status":"open","ping_status":"open","sticky":false,"template":"","format":"standard","meta":{"_rtcl_gb_attr":"","footnotes":""},"categories":[43],"tags":[],"class_list":["post-2233","post","type-post","status-publish","format-standard","has-post-thumbnail","hentry","category-son-dakika"],"_links":{"self":[{"href":"https:\/\/turkiyemhaber.com\/index.php?rest_route=\/wp\/v2\/posts\/2233","targetHints":{"allow":["GET"]}}],"collection":[{"href":"https:\/\/turkiyemhaber.com\/index.php?rest_route=\/wp\/v2\/posts"}],"about":[{"href":"https:\/\/turkiyemhaber.com\/index.php?rest_route=\/wp\/v2\/types\/post"}],"author":[{"embeddable":true,"href":"https:\/\/turkiyemhaber.com\/index.php?rest_route=\/wp\/v2\/users\/1"}],"replies":[{"embeddable":true,"href":"https:\/\/turkiyemhaber.com\/index.php?rest_route=%2Fwp%2Fv2%2Fcomments&post=2233"}],"version-history":[{"count":1,"href":"https:\/\/turkiyemhaber.com\/index.php?rest_route=\/wp\/v2\/posts\/2233\/revisions"}],"predecessor-version":[{"id":2235,"href":"https:\/\/turkiyemhaber.com\/index.php?rest_route=\/wp\/v2\/posts\/2233\/revisions\/2235"}],"wp:featuredmedia":[{"embeddable":true,"href":"https:\/\/turkiyemhaber.com\/index.php?rest_route=\/wp\/v2\/media\/2234"}],"wp:attachment":[{"href":"https:\/\/turkiyemhaber.com\/index.php?rest_route=%2Fwp%2Fv2%2Fmedia&parent=2233"}],"wp:term":[{"taxonomy":"category","embeddable":true,"href":"https:\/\/turkiyemhaber.com\/index.php?rest_route=%2Fwp%2Fv2%2Fcategories&post=2233"},{"taxonomy":"post_tag","embeddable":true,"href":"https:\/\/turkiyemhaber.com\/index.php?rest_route=%2Fwp%2Fv2%2Ftags&post=2233"}],"curies":[{"name":"wp","href":"https:\/\/api.w.org\/{rel}","templated":true}]}}