{"id":2218,"date":"2026-05-24T07:34:52","date_gmt":"2026-05-24T07:34:52","guid":{"rendered":"https:\/\/turkiyemhaber.com\/?p=2218"},"modified":"2026-05-24T07:34:56","modified_gmt":"2026-05-24T07:34:56","slug":"kocaeli-mhp-il-baskan-yardimcisi-geylani-yenigun-ortagi-tarafindan-vurularak-olduruldu","status":"publish","type":"post","link":"https:\/\/turkiyemhaber.com\/?p=2218","title":{"rendered":"Kocaeli MHP \u0130l Ba\u015fkan Yard\u0131mc\u0131s\u0131 Geylani Yenig\u00fcn, orta\u011f\u0131 taraf\u0131ndan vurularak \u00f6ld\u00fcr\u00fcld\u00fc"},"content":{"rendered":"\n<p class=\"wp-block-paragraph\">MHP Kocaeli \u0130l Ba\u015fkan Yard\u0131mc\u0131s\u0131 ve i\u015f insan\u0131 Geylani Yenig\u00fcn, \u0130zmit\u2019teki evinde alacak verecek meselesi y\u00fcz\u00fcnden tart\u0131\u015ft\u0131\u011f\u0131 i\u015f orta\u011f\u0131 U.\u00d6. taraf\u0131ndan tabancayla vurularak \u00f6ld\u00fcr\u00fcld\u00fc. Olay\u0131n ard\u0131ndan sitenin bah\u00e7esine inen U.\u00d6. ayn\u0131 silahla intihar etti. Siyaset ve i\u015f d\u00fcnyas\u0131n\u0131 sarsan olay\u0131n ard\u0131ndan, hayat\u0131n\u0131 kaybeden 2 \u00e7ocuk babas\u0131 Yenig\u00fcn&#8217;\u00fcn, hen\u00fcz 5 ay \u00f6nce kendisini hayattan koparan orta\u011f\u0131n\u0131n nikah\u0131nda \u015fahitlik yapt\u0131\u011f\u0131 ortaya \u00e7\u0131kt\u0131.<\/p>\n\n\n\n<p class=\"wp-block-paragraph\"><a href=\"https:\/\/www.sondakika.com\/kocaeli\/\">Kocaeli<\/a>&#8216;nin \u0130zmit il\u00e7esi, hem i\u015f d\u00fcnyas\u0131n\u0131 ve hem de siyaset camias\u0131n\u0131 derinden sarsan bir cinayet ve intihar vakas\u0131na sahne oldu. Kentin tan\u0131nan i\u015f insan\u0131 ve MHP \u0130l Ba\u015fkan Yard\u0131mc\u0131s\u0131 Geylani Yenig\u00fcn (44), in\u015faat sekt\u00f6r\u00fcndeki orta\u011f\u0131 U.\u00d6. (41) taraf\u0131ndan tabancayla vurularak \u00f6ld\u00fcr\u00fcld\u00fc. Zanl\u0131 U.\u00d6., olay\u0131n hemen ard\u0131ndan ayn\u0131 silahla kendi ya\u015fam\u0131na da son verdi.<\/p>\n\n\n\n<p class=\"wp-block-paragraph\">\u0130ki orta\u011f\u0131n \u00f6l\u00fcm\u00fcyle sonu\u00e7lanan bu kanl\u0131 namlunun arkas\u0131ndan ise \u00e7arp\u0131c\u0131 bir detay \u00e7\u0131kt\u0131. Hayat\u0131n\u0131 kaybeden Yenig\u00fcn\u2019\u00fcn, hen\u00fcz 5 ay \u00f6nce kendisini hayattan koparan orta\u011f\u0131n\u0131n nikah \u015fahitli\u011fini yapt\u0131\u011f\u0131 \u00f6\u011frenildi.<\/p>\n\n\n\n<h3 class=\"wp-block-heading\">ALACAK VERECEK&nbsp; TARTI\u015eMASI KANLI B\u0130TT\u0130&nbsp;<\/h3>\n\n\n\n<p class=\"wp-block-paragraph\">Olay, saat 12.00 s\u0131ralar\u0131nda Yahyakaptan Mahallesi Sa\u011fl\u0131k Sokak&#8217;ta bulunan bir sitede ger\u00e7ekle\u015fti. \u0130ddiaya g\u00f6re, gayrimenkul, in\u015faat ve e\u011flence sekt\u00f6r\u00fcnde yat\u0131r\u0131mlar\u0131 bulunan U.\u00d6., bir s\u00fcredir devir i\u015flemlerine ba\u011fl\u0131 alacak-verecek meselesi y\u00fcz\u00fcnden husumet ya\u015fad\u0131\u011f\u0131 orta\u011f\u0131 Geylani Yenig\u00fcn&#8217;\u00fcn evine gitti.<\/p>\n\n\n\n<p class=\"wp-block-paragraph\">\u0130kili aras\u0131nda evde ba\u015flayan tart\u0131\u015fma k\u0131sa s\u00fcrede b\u00fcy\u00fcd\u00fc. Gerginli\u011fin t\u0131rmanmas\u0131 \u00fczerine U.\u00d6., yan\u0131ndaki tabancay\u0131 \u00e7ekerek Yenig\u00fcn\u2019e ate\u015f etti. Orta\u011f\u0131n\u0131 a\u011f\u0131r yaralayan U.\u00d6., daha sonra sitenin bah\u00e7esine inerek ayn\u0131 silahla kendisini vurdu.<\/p>\n\n\n\n<figure class=\"wp-block-image\"><img decoding=\"async\" src=\"https:\/\/foto.sondakika.com\/haber\/2026\/05\/23\/kocaeli-mhp-il-baskan-yardimci-19875897-9731_1_m.jpg\" alt=\"Kocaeli MHP \u0130l Ba\u015fkan Yard\u0131mc\u0131s\u0131 Geylani Yenig\u00fcn, orta\u011f\u0131 taraf\u0131ndan vurularak \u00f6ld\u00fcr\u00fcld\u00fc\"\/><\/figure>\n\n\n\n<h3 class=\"wp-block-heading\">T\u00dcM M\u00dcDAHALELERE RA\u011eMEN KURTARILAMADI&nbsp;<\/h3>\n\n\n\n<p class=\"wp-block-paragraph\">Silah seslerini duyan site sakinlerinin durumu bildirmesi \u00fczerine b\u00f6lgeye h\u0131zla polis ve sa\u011fl\u0131k ekipleri sevk edildi. A\u011f\u0131r yaral\u0131 olarak hastaneye kald\u0131r\u0131lan 2 \u00e7ocuk babas\u0131 Geylani Yenig\u00fcn, doktorlar\u0131n t\u00fcm \u00e7abalar\u0131na ra\u011fmen kurtar\u0131lamayarak hayat\u0131n\u0131 kaybetti. U.\u00d6. ise olay yerinde ya\u015fam\u0131n\u0131 yitirdi.<\/p>\n\n\n\n<p class=\"wp-block-paragraph\">Ac\u0131 haberi alan Yenig\u00fcn&#8217;\u00fcn yak\u0131nlar\u0131 ve sevenleri olay yerine ak\u0131n ederken, sinir krizleri ge\u00e7iren aileyi polis ekipleri sakinle\u015ftirmeye \u00e7al\u0131\u015ft\u0131. Olay yeri inceleme ekipleri ve Cumhuriyet Savc\u0131s\u0131&#8217;n\u0131n \u00e7al\u0131\u015fmalar\u0131n\u0131 tamamlamas\u0131n\u0131n ard\u0131ndan cenazeler otopsi yap\u0131lmak \u00fczere morga kald\u0131r\u0131ld\u0131.<\/p>\n\n\n\n<figure class=\"wp-block-image\"><img decoding=\"async\" src=\"https:\/\/foto.sondakika.com\/haber\/2026\/05\/23\/kocaeli-mhp-il-baskan-yardimci-19875897-4812_1_m.jpg\" alt=\"Kocaeli MHP \u0130l Ba\u015fkan Yard\u0131mc\u0131s\u0131 Geylani Yenig\u00fcn, orta\u011f\u0131 taraf\u0131ndan vurularak \u00f6ld\u00fcr\u00fcld\u00fc\"\/><\/figure>\n\n\n\n<h3 class=\"wp-block-heading\">5 AY \u00d6NCE N\u0130KAH \u015eAH\u0130D\u0130 OLMU\u015eTU&nbsp;<\/h3>\n\n\n\n<p class=\"wp-block-paragraph\">Ya\u015fanan facian\u0131n ard\u0131ndan ortaya \u00e7\u0131kan detaylar y\u00fcrek burktu. Kimya, e\u011flence, in\u015faat sekt\u00f6rlerinde faaliyet g\u00f6steren ve yerel bir gazetenin de orta\u011f\u0131 olan Geylani Yenig\u00fcn\u2019\u00fcn, ticari ortakl\u0131\u011f\u0131n\u0131n yan\u0131 s\u0131ra katiliyle yak\u0131n bir dostlu\u011funun oldu\u011fu \u00f6\u011frenildi. Yenig\u00fcn&#8217;\u00fcn, 2025 y\u0131l\u0131 Aral\u0131k ay\u0131nda d\u00fcnyaevine giren orta\u011f\u0131 U.\u00d6.&#8217;n\u00fcn nikah\u0131nda \u015fahitlik yapt\u0131\u011f\u0131 belirlendi.<\/p>\n\n\n\n<figure class=\"wp-block-image\"><img decoding=\"async\" src=\"https:\/\/foto.sondakika.com\/haber\/2026\/05\/23\/kocaeli-mhp-il-baskan-yardimci-19875897-7345_1_m.jpg\" alt=\"Kocaeli MHP \u0130l Ba\u015fkan Yard\u0131mc\u0131s\u0131 Geylani Yenig\u00fcn, orta\u011f\u0131 taraf\u0131ndan vurularak \u00f6ld\u00fcr\u00fcld\u00fc\"\/><\/figure>\n\n\n\n<h3 class=\"wp-block-heading\">S\u0130YASET VE \u0130\u015e D\u00dcNYASI YASTA&nbsp;<\/h3>\n\n\n\n<p class=\"wp-block-paragraph\">Hayat\u0131n\u0131 kaybeden Geylani Yenig\u00fcn, i\u015f d\u00fcnyas\u0131ndaki ba\u015far\u0131lar\u0131n\u0131n yan\u0131 s\u0131ra aktif siyasi kimli\u011fiyle de tan\u0131n\u0131yordu. Yenig\u00fcn, ge\u00e7ti\u011fimiz Mart ay\u0131nda MHP Kocaeli \u0130l Y\u00f6netim Kurulu\u2019na girerek Medya ve \u0130leti\u015fimden Sorumlu \u0130l Ba\u015fkan Yard\u0131mc\u0131s\u0131 olarak g\u00f6revlendirilmi\u015fti.<\/p>\n\n\n\n<p class=\"wp-block-paragraph\">\u0130ntihar eden U.\u00d6.&#8217;n\u00fcn ise i\u015f hayat\u0131na 2015 y\u0131l\u0131nda gayrimenkul ve otomotiv sekt\u00f6r\u00fcyle ba\u015flad\u0131\u011f\u0131, in\u015faat ve hafriyat yat\u0131r\u0131mlar\u0131n\u0131n ard\u0131ndan 2023 y\u0131l\u0131nda yeme-i\u00e7me sekt\u00f6r\u00fcne ad\u0131m att\u0131\u011f\u0131 bildirildi.<\/p>\n\n\n\n<p class=\"wp-block-paragraph\">Polis ekiplerinin olayla ilgili geni\u015f \u00e7apl\u0131 soru\u015fturmas\u0131 devam ediyor.<\/p>\n","protected":false},"excerpt":{"rendered":"<p>MHP Kocaeli \u0130l Ba\u015fkan Yard\u0131mc\u0131s\u0131 ve i\u015f insan\u0131 Geylani Yenig\u00fcn, \u0130zmit\u2019teki evinde alacak verecek meselesi<\/p>\n","protected":false},"author":1,"featured_media":2219,"comment_status":"open","ping_status":"open","sticky":false,"template":"","format":"standard","meta":{"_rtcl_gb_attr":"","footnotes":""},"categories":[1],"tags":[],"class_list":["post-2218","post","type-post","status-publish","format-standard","has-post-thumbnail","hentry","category-http-turkiyemhaber-com-wp-content-uploads-2026-03-saray-59-haber-13-mart-pdf"],"_links":{"self":[{"href":"https:\/\/turkiyemhaber.com\/index.php?rest_route=\/wp\/v2\/posts\/2218","targetHints":{"allow":["GET"]}}],"collection":[{"href":"https:\/\/turkiyemhaber.com\/index.php?rest_route=\/wp\/v2\/posts"}],"about":[{"href":"https:\/\/turkiyemhaber.com\/index.php?rest_route=\/wp\/v2\/types\/post"}],"author":[{"embeddable":true,"href":"https:\/\/turkiyemhaber.com\/index.php?rest_route=\/wp\/v2\/users\/1"}],"replies":[{"embeddable":true,"href":"https:\/\/turkiyemhaber.com\/index.php?rest_route=%2Fwp%2Fv2%2Fcomments&post=2218"}],"version-history":[{"count":1,"href":"https:\/\/turkiyemhaber.com\/index.php?rest_route=\/wp\/v2\/posts\/2218\/revisions"}],"predecessor-version":[{"id":2220,"href":"https:\/\/turkiyemhaber.com\/index.php?rest_route=\/wp\/v2\/posts\/2218\/revisions\/2220"}],"wp:featuredmedia":[{"embeddable":true,"href":"https:\/\/turkiyemhaber.com\/index.php?rest_route=\/wp\/v2\/media\/2219"}],"wp:attachment":[{"href":"https:\/\/turkiyemhaber.com\/index.php?rest_route=%2Fwp%2Fv2%2Fmedia&parent=2218"}],"wp:term":[{"taxonomy":"category","embeddable":true,"href":"https:\/\/turkiyemhaber.com\/index.php?rest_route=%2Fwp%2Fv2%2Fcategories&post=2218"},{"taxonomy":"post_tag","embeddable":true,"href":"https:\/\/turkiyemhaber.com\/index.php?rest_route=%2Fwp%2Fv2%2Ftags&post=2218"}],"curies":[{"name":"wp","href":"https:\/\/api.w.org\/{rel}","templated":true}]}}