{"id":2215,"date":"2026-05-24T07:32:56","date_gmt":"2026-05-24T07:32:56","guid":{"rendered":"https:\/\/turkiyemhaber.com\/?p=2215"},"modified":"2026-05-24T07:33:00","modified_gmt":"2026-05-24T07:33:00","slug":"135-milyarlik-yolsuzlugu-ortaya-cikardi-111-yil-hapis-cezasi-aldi","status":"publish","type":"post","link":"https:\/\/turkiyemhaber.com\/?p=2215","title":{"rendered":"13,5 milyarl\u0131k yolsuzlu\u011fu ortaya \u00e7\u0131kard\u0131, 111 y\u0131l hapis cezas\u0131 ald\u0131"},"content":{"rendered":"\n<p class=\"wp-block-paragraph\">Diyarbak\u0131r&#8217;\u0131n Lice il\u00e7esinde icral\u0131k l\u00fcks ara\u00e7lar \u00fczerinden yap\u0131lan 13,5 milyar TL&#8217;lik yolsuzlu\u011fu ortaya \u00e7\u0131karan zab\u0131t katibi Mehmet O\u011fuz Ademo\u011flu, 111 y\u0131l 3 ay hapis cezas\u0131 ald\u0131. Dosyan\u0131n iki kez bozulmas\u0131n\u0131n ard\u0131ndan 5 y\u0131l sonra tahliye edilen Ademo\u011flu, &#8220;Kamuoyundan destek bekliyorum&#8221; dedi.<\/p>\n\n\n\n<p class=\"wp-block-paragraph\">Diyarbak\u0131r\u2019\u0131n Lice il\u00e7esinde zab\u0131t katibi olarak g\u00f6rev yapan Mehmet O\u011fuz Ademo\u011flu, 2021 y\u0131l\u0131nda ortaya \u00e7\u0131kan icral\u0131k l\u00fcks ara\u00e7 yolsuzlu\u011fu dosyas\u0131nda san\u0131k haline geldi\u011fini iddia etti.&nbsp;\u0130cra m\u00fcd\u00fcr\u00fc ve k\u0131demli katibin izinli oldu\u011fu d\u00f6nemde vek\u00e2leten g\u00f6rev yapt\u0131\u011f\u0131n\u0131 belirten Ademo\u011flu, amiri taraf\u0131ndan \u201cDiyarbak\u0131r\u2019da icra m\u00fcd\u00fcr\u00fc\u201d olarak tan\u0131t\u0131lan Kemal T. ile bu s\u00fcre\u00e7te tan\u0131\u015ft\u0131\u011f\u0131n\u0131 anlatt\u0131.<\/p>\n\n\n\n<p class=\"wp-block-paragraph\">\u0130cra i\u015flemleri konusunda deneyimsiz oldu\u011funu ifade eden Ademo\u011flu, baz\u0131 i\u015flemler i\u00e7in yard\u0131m ald\u0131\u011f\u0131 Kemal T.\u2019nin daha sonra su\u00e7 \u00f6rg\u00fct\u00fc ba\u011flant\u0131s\u0131n\u0131n ortaya \u00e7\u0131kt\u0131\u011f\u0131n\u0131 s\u00f6yledi.<\/p>\n\n\n\n<h3 class=\"wp-block-heading\">\u201cB\u0130R SU\u00c7 \u00c7ETES\u0130N\u0130N \u0130\u00c7\u0130NE \u00c7EK\u0130LD\u0130M\u201d<\/h3>\n\n\n\n<p class=\"wp-block-paragraph\">Ya\u015fad\u0131klar\u0131n\u0131 anlatan Ademo\u011flu,&nbsp;\u201c\u0130cra ile ilgili bir e\u011fitim almad\u0131\u011f\u0131m i\u00e7in, icradan anlamad\u0131\u011f\u0131m i\u00e7in bir bilene sormam gerekiyordu. Ancak sonradan fark ettik ki yard\u0131m eden ki\u015fi bir doland\u0131r\u0131c\u0131ym\u0131\u015f, bir su\u00e7 \u00e7etesinin mensubuymu\u015f.\u201d ifadelerini kulland\u0131.&nbsp;<\/p>\n\n\n\n<p class=\"wp-block-paragraph\">\u0130ddialara g\u00f6re yap\u0131lan yolsuzlukta, bankalar\u0131n alacaklar\u0131na kar\u015f\u0131l\u0131k rehin koydu\u011fu l\u00fcks ara\u00e7lar\u0131n \u00fczerindeki hacizler kald\u0131r\u0131larak ara\u00e7lar yeniden sat\u0131\u015fa \u00e7\u0131kar\u0131ld\u0131.<\/p>\n\n\n\n<h3 class=\"wp-block-heading\">\u201cSORU\u015eTURMAYI BA\u015eLATAN K\u0130\u015e\u0130 BEND\u0130M\u201d<\/h3>\n\n\n\n<p class=\"wp-block-paragraph\">\u0130lke Tv&#8217;den \u00d6mer \u00c7elik&#8217;in haberine g\u00f6re; Kemal T.\u2019nin UYAP \u015fifresini kullanarak yapt\u0131\u011f\u0131 i\u015flemlerden \u015f\u00fcphelenmeye ba\u015flad\u0131\u011f\u0131n\u0131 s\u00f6yleyen Ademo\u011flu, durumu \u00f6nce yaz\u0131 i\u015fleri m\u00fcd\u00fcr\u00fcne ard\u0131ndan Cumhuriyet Savc\u0131l\u0131\u011f\u0131\u2019na bildirdi\u011fini belirtti.<\/p>\n\n\n\n<p class=\"wp-block-paragraph\">\u201cSoru\u015fturmay\u0131 ba\u015flatan ki\u015fi bendim. Bu \u00e7eteyi ortaya \u00e7\u0131karan ki\u015fi ben oldum\u201d diyen Ademo\u011flu, buna ra\u011fmen k\u0131sa s\u00fcre sonra tutukland\u0131\u011f\u0131n\u0131 ifade etti.<\/p>\n\n\n\n<h3 class=\"wp-block-heading\">KAMU 13,5 M\u0130LYAR L\u0130RA ZARARA U\u011eRATILDI<\/h3>\n\n\n\n<p class=\"wp-block-paragraph\">Dosyada yap\u0131lan bilirki\u015fi incelemesinde, haczi kald\u0131r\u0131lan 63 ara\u00e7tan 47\u2019sinin sat\u0131\u015f\u0131yla kamunun yakla\u015f\u0131k 13,5 milyar lira zarara u\u011frat\u0131ld\u0131\u011f\u0131 tespit edildi.&nbsp;Aralar\u0131nda Ademo\u011flu\u2019nun da bulundu\u011fu 17 san\u0131k hakk\u0131nda \u201cresmi belgede sahtecilik\u201d ve \u201cdoland\u0131r\u0131c\u0131l\u0131k\u201d su\u00e7lamalar\u0131yla dava a\u00e7\u0131ld\u0131.<\/p>\n\n\n\n<h3 class=\"wp-block-heading\">ADEMO\u011eLU DA 111 YIL 3 AY HAPSE \u00c7ARPTIRILDI<\/h3>\n\n\n\n<p class=\"wp-block-paragraph\">Yarg\u0131lama sonucunda baz\u0131 san\u0131klarla birlikte 111 y\u0131l 3 ay hapis cezas\u0131na \u00e7arpt\u0131r\u0131lan Ademo\u011flu, istinaf mahkemesinin dosyay\u0131 iki kez bozmas\u0131n\u0131n ard\u0131ndan 5 y\u0131l sonra tahliye edildi.<\/p>\n\n\n\n<h3 class=\"wp-block-heading\">\u201cG\u00d6REV\u0130 \u0130HMALDEN YARGILANAB\u0130L\u0130R\u0130M\u201d<\/h3>\n\n\n\n<p class=\"wp-block-paragraph\">Kendisine y\u00f6neltilen su\u00e7lamalar\u0131 kabul etmeyen Ademo\u011flu, yaln\u0131zca \u201cg\u00f6revi ihmal\u201d su\u00e7lamas\u0131yla itham edilebilece\u011fini savundu.<\/p>\n\n\n\n<p class=\"wp-block-paragraph\">\u201cDoland\u0131r\u0131c\u0131ysam MASAK raporu talep ediyorum. Ben ya da ailem herhangi bir maddi menfaat elde etmi\u015f miyiz ara\u015ft\u0131r\u0131ls\u0131n. Kendi r\u0131zamla bunu istiyorum\u201d ifadelerini kullanan Ademo\u011flu, hakk\u0131ndaki iddialar\u0131n detayl\u0131 \u015fekilde incelenmesini istedi.<\/p>\n\n\n\n<h3 class=\"wp-block-heading\">49 G\u00dcN A\u00c7LIK GREV\u0130 YAPTI<\/h3>\n\n\n\n<p class=\"wp-block-paragraph\">Cezaevinde 49 g\u00fcn a\u00e7l\u0131k grevi yapt\u0131\u011f\u0131n\u0131 anlatan Ademo\u011flu, sesini duyuramad\u0131\u011f\u0131n\u0131 s\u00f6yledi.<\/p>\n\n\n\n<p class=\"wp-block-paragraph\">Tek talebinin etkin bir soru\u015fturma ve adil yarg\u0131lama oldu\u011funu belirten Ademo\u011flu, \u201cAdalete olan inanc\u0131m\u0131 kaybetmek istemiyorum. Kamuoyundan destek bekliyorum\u201d dedi.<\/p>\n","protected":false},"excerpt":{"rendered":"<p>Diyarbak\u0131r&#8217;\u0131n Lice il\u00e7esinde icral\u0131k l\u00fcks ara\u00e7lar \u00fczerinden yap\u0131lan 13,5 milyar TL&#8217;lik yolsuzlu\u011fu ortaya \u00e7\u0131karan zab\u0131t<\/p>\n","protected":false},"author":1,"featured_media":2216,"comment_status":"open","ping_status":"open","sticky":false,"template":"","format":"standard","meta":{"_rtcl_gb_attr":"","footnotes":""},"categories":[1],"tags":[],"class_list":["post-2215","post","type-post","status-publish","format-standard","has-post-thumbnail","hentry","category-http-turkiyemhaber-com-wp-content-uploads-2026-03-saray-59-haber-13-mart-pdf"],"_links":{"self":[{"href":"https:\/\/turkiyemhaber.com\/index.php?rest_route=\/wp\/v2\/posts\/2215","targetHints":{"allow":["GET"]}}],"collection":[{"href":"https:\/\/turkiyemhaber.com\/index.php?rest_route=\/wp\/v2\/posts"}],"about":[{"href":"https:\/\/turkiyemhaber.com\/index.php?rest_route=\/wp\/v2\/types\/post"}],"author":[{"embeddable":true,"href":"https:\/\/turkiyemhaber.com\/index.php?rest_route=\/wp\/v2\/users\/1"}],"replies":[{"embeddable":true,"href":"https:\/\/turkiyemhaber.com\/index.php?rest_route=%2Fwp%2Fv2%2Fcomments&post=2215"}],"version-history":[{"count":1,"href":"https:\/\/turkiyemhaber.com\/index.php?rest_route=\/wp\/v2\/posts\/2215\/revisions"}],"predecessor-version":[{"id":2217,"href":"https:\/\/turkiyemhaber.com\/index.php?rest_route=\/wp\/v2\/posts\/2215\/revisions\/2217"}],"wp:featuredmedia":[{"embeddable":true,"href":"https:\/\/turkiyemhaber.com\/index.php?rest_route=\/wp\/v2\/media\/2216"}],"wp:attachment":[{"href":"https:\/\/turkiyemhaber.com\/index.php?rest_route=%2Fwp%2Fv2%2Fmedia&parent=2215"}],"wp:term":[{"taxonomy":"category","embeddable":true,"href":"https:\/\/turkiyemhaber.com\/index.php?rest_route=%2Fwp%2Fv2%2Fcategories&post=2215"},{"taxonomy":"post_tag","embeddable":true,"href":"https:\/\/turkiyemhaber.com\/index.php?rest_route=%2Fwp%2Fv2%2Ftags&post=2215"}],"curies":[{"name":"wp","href":"https:\/\/api.w.org\/{rel}","templated":true}]}}