{"id":2212,"date":"2026-05-24T07:31:19","date_gmt":"2026-05-24T07:31:19","guid":{"rendered":"https:\/\/turkiyemhaber.com\/?p=2212"},"modified":"2026-05-24T07:31:24","modified_gmt":"2026-05-24T07:31:24","slug":"fethiye-belediye-baskani-alim-karacaya-silahli-saldirida-4-kisi-gozaltina-alindi","status":"publish","type":"post","link":"https:\/\/turkiyemhaber.com\/?p=2212","title":{"rendered":"Fethiye Belediye Ba\u015fkan\u0131 Alim Karaca&#8217;ya silahl\u0131 sald\u0131r\u0131da 4 ki\u015fi g\u00f6zalt\u0131na al\u0131nd\u0131"},"content":{"rendered":"\n<p class=\"wp-block-paragraph\">Mu\u011fla&#8217;da Fethiye Belediye Ba\u015fkan\u0131 Alim Karaca, u\u011frad\u0131\u011f\u0131 silahl\u0131 sald\u0131r\u0131 sonucu sol baca\u011f\u0131ndan yaralanarak hastaneye kald\u0131r\u0131ld\u0131. Olaya ili\u015fkin ba\u015flat\u0131lan soru\u015fturmada sald\u0131r\u0131y\u0131 d\u00fczenleyen zanl\u0131 dahil 4 \u015f\u00fcpheli g\u00f6zalt\u0131na al\u0131nd\u0131.<\/p>\n\n\n\n<p class=\"wp-block-paragraph\"><a href=\"https:\/\/www.sondakika.com\/mugla\/\">Mu\u011fla<\/a>&#8216;n\u0131n&nbsp;<a href=\"https:\/\/www.sondakika.com\/fethiye\/\">Fethiye<\/a>&nbsp;il\u00e7esine ba\u011fl\u0131 Akarca Mahallesi&#8217;nde d\u00fcn saat 16.00 s\u0131ralar\u0131nda&nbsp;Fethiye Belediye Ba\u015fkan\u0131&nbsp;<a href=\"https:\/\/www.sondakika.com\/alim-karaca\/\">Alim Karaca<\/a>, hen\u00fcz kimli\u011fi belirlenemeyen ki\u015fi ya da ki\u015filer taraf\u0131ndan silahl\u0131 sald\u0131r\u0131ya u\u011frad\u0131. Karaca, sol baca\u011f\u0131ndan yaraland\u0131. \u00c7evredekilerin ihbar\u0131yla olay yerine sa\u011fl\u0131k ve polis ekipleri sevk edildi.<\/p>\n\n\n\n<p class=\"wp-block-paragraph\"><img decoding=\"async\" alt=\"Fethiye Belediye Ba\u015fkan\u0131 Alim Karaca\" src=\"https:\/\/foto.sondakika.com\/haber\/2026\/05\/24\/fethiye-belediye-baskani-alim-19877535-8451_1_m.jpg\">Fethiye Belediye Ba\u015fkan\u0131 Alim Karaca<\/p>\n\n\n\n<h3 class=\"wp-block-heading\">HASTANEYE KALDIRILDI<\/h3>\n\n\n\n<p class=\"wp-block-paragraph\">\u0130lk m\u00fcdahalesi olay yerinde yap\u0131lan Karaca, ambulansla \u00f6zel bir hastaneye kald\u0131r\u0131ld\u0131. Karaca&#8217;n\u0131n durumunun iyi oldu\u011fu \u00f6\u011frenildi. Polis ekipleri olay yerinde g\u00fcvenlik \u00f6nlemi al\u0131rken, sald\u0131r\u0131y\u0131 ger\u00e7ekle\u015ftiren ki\u015fi ya da ki\u015filerin yakalanmas\u0131 i\u00e7in \u00e7al\u0131\u015fma ba\u015flat\u0131ld\u0131.<\/p>\n\n\n\n<h3 class=\"wp-block-heading\">4 G\u00d6ZALTI<\/h3>\n\n\n\n<p class=\"wp-block-paragraph\">Silahl\u0131 sald\u0131r\u0131ya ili\u015fkin, sald\u0131r\u0131y\u0131 d\u00fczenleyen zanl\u0131 dahil 4 \u015f\u00fcpheli g\u00f6zalt\u0131na al\u0131nd\u0131.&nbsp;<\/p>\n\n\n\n<p class=\"wp-block-paragraph\"><img decoding=\"async\" alt=\"G\u00fcvenlik kameras\u0131ndan \u015f\u00fcphelinin foto\u011fraf\u0131\" src=\"https:\/\/foto.sondakika.com\/haber\/2026\/05\/24\/fethiye-belediye-baskani-alim-19877535-6828_1_m.jpg\">G\u00fcvenlik kameras\u0131ndan \u015f\u00fcphelinin foto\u011fraf\u0131<\/p>\n\n\n\n<h3 class=\"wp-block-heading\">&#8220;S\u0130LAHINI \u00c7IKARIP E\u015e\u0130M\u0130N KALB\u0130NE DO\u011eRULTMAYA \u00c7ALI\u015eTI&#8221;<\/h3>\n\n\n\n<p class=\"wp-block-paragraph\">Silahl\u0131 sald\u0131r\u0131da yaralanan Mu\u011fla&#8217;n\u0131n Fethiye il\u00e7esi Belediye Ba\u015fkan\u0131 Alim Karaca&#8217;n\u0131n e\u015fi \u00c7i\u011fdem Karaca, e\u015finin tedavi g\u00f6rd\u00fc\u011f\u00fc hastanenin \u00f6n\u00fcnde olaya ili\u015fkin konu\u015ftu. D\u00fcn evlerinin \u00e7evresinde maskeli ve eldivenli bir ki\u015fiyi g\u00f6rd\u00fcklerini anlatan \u00c7i\u011fdem Karaca, &#8220;Bug\u00fcn konuyla ilgili emniyete gidip, durumu bildirdik. Eve d\u00f6nd\u00fckten sonra e\u015fim ve o\u011flumla d\u0131\u015far\u0131 \u00e7\u0131kt\u0131k. Bu s\u0131rada \u015f\u00fcpheliyi ara\u00e7ta g\u00f6r\u00fcnce durdurup, emniyet g\u00fc\u00e7lerine haber verdik. E\u015fim, \u015f\u00fcpheliye kim oldu\u011funu ve neden maske takt\u0131\u011f\u0131n\u0131 sordu. Y\u00fcz\u00fcnde mantar hastal\u0131\u011f\u0131 oldu\u011fu i\u00e7in maske takt\u0131\u011f\u0131n\u0131 s\u00f6yledi. E\u015fim soru sormay\u0131 s\u00fcrd\u00fcr\u00fcnce ka\u00e7maya \u00e7al\u0131\u015ft\u0131. Ya\u015fanan arbede s\u0131ras\u0131nda \u015f\u00fcpheli, silah\u0131n\u0131 \u00e7\u0131kar\u0131p e\u015fimin kalbine do\u011frultmaya \u00e7al\u0131\u015ft\u0131. Arbede s\u0131ras\u0131nda mermi baca\u011f\u0131na isabet etti. \u00c7ok b\u00fcy\u00fck \u015fok ya\u015fad\u0131k, \u00fczg\u00fcn\u00fcz&#8221; dedi.<\/p>\n\n\n\n<figure class=\"wp-block-image\"><img decoding=\"async\" src=\"https:\/\/foto.sondakika.com\/haber\/2026\/05\/24\/fethiye-belediye-baskani-alim-19877535-3128_1_m.jpg\" alt=\"Fethiye Belediye Ba\u015fkan\u0131 Alim Karaca'ya silahl\u0131 sald\u0131r\u0131da 4 ki\u015fi g\u00f6zalt\u0131na al\u0131nd\u0131\"\/><\/figure>\n\n\n\n<h3 class=\"wp-block-heading\">&#8220;SA\u011eLIK DURUMU \u0130Y\u0130&#8221;<\/h3>\n\n\n\n<p class=\"wp-block-paragraph\">Operat\u00f6r Doktor Osman Kurtulu\u015f ile Ortopedi Uzman\u0131 Operat\u00f6r Doktor Mustafa Ero\u011flu ise Ba\u015fkan Karaca&#8217;n\u0131n sa\u011fl\u0131k durumunun iyi oldu\u011funu belirtip, sol dizinin \u00fcst k\u0131sm\u0131ndan yaraland\u0131\u011f\u0131n\u0131, merminin diz kapa\u011f\u0131ndaki kemi\u011fi zedeleyerek k\u00fc\u00e7\u00fck bir k\u0131r\u0131\u011fa neden oldu\u011funu ifade etti. Karaca&#8217;ya birka\u00e7 g\u00fcn antibiyotik tedavisi uygulanaca\u011f\u0131, sal\u0131 g\u00fcn\u00fc yap\u0131lacak k\u00fc\u00e7\u00fck bir operasyonla baca\u011f\u0131ndaki merminin \u00e7\u0131kar\u0131larak k\u0131r\u0131\u011fa m\u00fcdahale edilece\u011fi bildirildi.<\/p>\n\n\n\n<p class=\"wp-block-paragraph\">Olayla ilgili soru\u015fturma s\u00fcr\u00fcyor.<\/p>\n","protected":false},"excerpt":{"rendered":"<p>Mu\u011fla&#8217;da Fethiye Belediye Ba\u015fkan\u0131 Alim Karaca, u\u011frad\u0131\u011f\u0131 silahl\u0131 sald\u0131r\u0131 sonucu sol baca\u011f\u0131ndan yaralanarak hastaneye kald\u0131r\u0131ld\u0131.<\/p>\n","protected":false},"author":1,"featured_media":2213,"comment_status":"open","ping_status":"open","sticky":false,"template":"","format":"standard","meta":{"_rtcl_gb_attr":"","footnotes":""},"categories":[1],"tags":[],"class_list":["post-2212","post","type-post","status-publish","format-standard","has-post-thumbnail","hentry","category-http-turkiyemhaber-com-wp-content-uploads-2026-03-saray-59-haber-13-mart-pdf"],"_links":{"self":[{"href":"https:\/\/turkiyemhaber.com\/index.php?rest_route=\/wp\/v2\/posts\/2212","targetHints":{"allow":["GET"]}}],"collection":[{"href":"https:\/\/turkiyemhaber.com\/index.php?rest_route=\/wp\/v2\/posts"}],"about":[{"href":"https:\/\/turkiyemhaber.com\/index.php?rest_route=\/wp\/v2\/types\/post"}],"author":[{"embeddable":true,"href":"https:\/\/turkiyemhaber.com\/index.php?rest_route=\/wp\/v2\/users\/1"}],"replies":[{"embeddable":true,"href":"https:\/\/turkiyemhaber.com\/index.php?rest_route=%2Fwp%2Fv2%2Fcomments&post=2212"}],"version-history":[{"count":1,"href":"https:\/\/turkiyemhaber.com\/index.php?rest_route=\/wp\/v2\/posts\/2212\/revisions"}],"predecessor-version":[{"id":2214,"href":"https:\/\/turkiyemhaber.com\/index.php?rest_route=\/wp\/v2\/posts\/2212\/revisions\/2214"}],"wp:featuredmedia":[{"embeddable":true,"href":"https:\/\/turkiyemhaber.com\/index.php?rest_route=\/wp\/v2\/media\/2213"}],"wp:attachment":[{"href":"https:\/\/turkiyemhaber.com\/index.php?rest_route=%2Fwp%2Fv2%2Fmedia&parent=2212"}],"wp:term":[{"taxonomy":"category","embeddable":true,"href":"https:\/\/turkiyemhaber.com\/index.php?rest_route=%2Fwp%2Fv2%2Fcategories&post=2212"},{"taxonomy":"post_tag","embeddable":true,"href":"https:\/\/turkiyemhaber.com\/index.php?rest_route=%2Fwp%2Fv2%2Ftags&post=2212"}],"curies":[{"name":"wp","href":"https:\/\/api.w.org\/{rel}","templated":true}]}}