{"id":2209,"date":"2026-05-24T07:23:51","date_gmt":"2026-05-24T07:23:51","guid":{"rendered":"https:\/\/turkiyemhaber.com\/?p=2209"},"modified":"2026-05-24T07:23:56","modified_gmt":"2026-05-24T07:23:56","slug":"chpli-buyuksehir-belediye-baskanlari-45-gun-icinde-olaganustu-kurultay-istedi","status":"publish","type":"post","link":"https:\/\/turkiyemhaber.com\/?p=2209","title":{"rendered":"CHP&#8217;li b\u00fcy\u00fck\u015fehir belediye ba\u015fkanlar\u0131 45 g\u00fcn i\u00e7inde ola\u011fan\u00fcst\u00fc Kurultay istedi"},"content":{"rendered":"\n<p class=\"wp-block-paragraph\">Ankara B\u00f6lge Adliye Mahkemesi&#8217;nin CHP kurultay davas\u0131nda verdi\u011fi &#8220;mutlak butlan&#8221; karar\u0131 ve Kemal K\u0131l\u0131\u00e7daro\u011flu&#8217;nun genel ba\u015fkanl\u0131\u011fa geri d\u00f6nmesinin ard\u0131ndan 12 CHP&#8217;li B\u00fcy\u00fck\u015fehir Belediye Ba\u015fkan\u0131 yay\u0131nlad\u0131klar\u0131 ortak bildiride, ya\u015fanan krizden g\u00fc\u00e7l\u00fc \u00e7\u0131kmak ve partinin selametini sa\u011flamak ad\u0131na en ge\u00e7 45 g\u00fcn i\u00e7inde ola\u011fan\u00fcst\u00fc kurultay\u0131n toplanmas\u0131 \u00e7a\u011fr\u0131s\u0131nda bulundu.<\/p>\n\n\n\n<p class=\"wp-block-paragraph\">Ankara B\u00f6lge Adliye Mahkemesi 36&#8217;nc\u0131 Hukuk Dairesi&#8217;nin CHP kurultay davas\u0131nda verdi\u011fi &#8220;mutlak butlan&#8221; karar\u0131n\u0131n ard\u0131ndan \u015fimdi de kurultay tart\u0131\u015fmalar\u0131 ba\u015flad\u0131. Bu tart\u0131\u015fmalara CHP&#8217;li b\u00fcy\u00fck\u015fehir belediye ba\u015fkanlar\u0131 da kat\u0131ld\u0131.&nbsp;<\/p>\n\n\n\n<h3 class=\"wp-block-heading\">\u00d6ZG\u00dcR \u00d6ZEL \u0130LE B\u0130RARAYA GELD\u0130LER&nbsp;<\/h3>\n\n\n\n<p class=\"wp-block-paragraph\">12 CHP&#8217;li B\u00fcy\u00fck\u015fehir Belediye Ba\u015fkan\u0131,&nbsp;&#8220;Mutlak butlan&#8221; karar\u0131 sonras\u0131, CHP Genel Merkezi&#8217;nde bug\u00fcn yap\u0131lan se\u00e7imle yeniden Grup Ba\u015fkan\u0131 se\u00e7ilen&nbsp;\u00d6zg\u00fcr \u00d6zel\u2019i ziyaret etti. G\u00f6r\u00fc\u015fme sonras\u0131 ortak bir yaz\u0131l\u0131 a\u00e7\u0131klama yay\u0131mlayan ba\u015fkanlar, partinin gelece\u011fi i\u00e7in en ge\u00e7 45 g\u00fcn i\u00e7inde ola\u011fan\u00fcst\u00fc kurultay\u0131n toplanmas\u0131 \u00e7a\u011fr\u0131s\u0131nda bulundu.<\/p>\n\n\n\n<h3 class=\"wp-block-heading\">&#8220;ASIL AMA\u00c7 PART\u0130M\u0130Z\u0130 B\u00d6LMEK VE UMUDU ZAYIFLATMAK&#8221;<\/h3>\n\n\n\n<p class=\"wp-block-paragraph\">B\u00fcy\u00fck\u015fehir Belediye ba\u015fkanlar\u0131n\u0131n imzas\u0131n\u0131 ta\u015f\u0131yan ortak a\u00e7\u0131klamada, mahkeme karar\u0131n\u0131n zamanlamas\u0131na ve amac\u0131na dikkat \u00e7ekildi. CHP&#8217;nin k\u00f6kl\u00fc demokrasi ge\u00e7mi\u015fine vurgu yap\u0131lan a\u00e7\u0131klamada \u015fu ifadelere yer verildi:<\/p>\n\n\n\n<p class=\"wp-block-paragraph\">&#8220;Cumhuriyeti kuran partimiz, \u00fclkemizin demokrasi tarihinde bug\u00fcne kadar ya\u015fanm\u0131\u015f zor s\u00fcre\u00e7lerden ba\u015far\u0131yla \u00e7\u0131km\u0131\u015ft\u0131r. Partimiz, bug\u00fcn i\u00e7inde bulundu\u011fumuz s\u00fcre\u00e7ten de birlik ve beraberlik i\u00e7erisinde g\u00fc\u00e7lenerek \u00e7\u0131kacakt\u0131r. &#8216;Mutlak butlan&#8217; karar\u0131n\u0131n as\u0131l amac\u0131n\u0131n, Cumhuriyet Halk Partimizi b\u00f6lmek, par\u00e7alamak ve milletimizin iktidar de\u011fi\u015fimi umudunu zay\u0131flatmak oldu\u011funun fark\u0131nday\u0131z.&#8221;<\/p>\n\n\n\n<h3 class=\"wp-block-heading\">\u00d6ZG\u00dcR \u00d6ZEL&#8217;E TAM DESTEK: YANINDAYIZ&nbsp;<\/h3>\n\n\n\n<p class=\"wp-block-paragraph\">Ya\u015fanan hukuki s\u00fcrecin ard\u0131ndan parti i\u00e7i birlik mesaj\u0131 veren belediye ba\u015fkanlar\u0131, mevcut y\u00f6netime olan ba\u011fl\u0131l\u0131klar\u0131n\u0131 ilan etti. A\u00e7\u0131klaman\u0131n devam\u0131nda, &#8220;Cumhuriyet Halk Partili B\u00fcy\u00fck\u015fehir Belediye ba\u015fkanlar\u0131 olarak; partimizin se\u00e7ilmi\u015f Genel Ba\u015fkan\u0131 Say\u0131n \u00d6zg\u00fcr \u00d6zel&#8217;in ve parti y\u00f6netimimizin yan\u0131nday\u0131z&#8221; denilerek genel merkeze tam destek verildi\u011fi belirtildi.<\/p>\n\n\n\n<h3 class=\"wp-block-heading\">OLA\u011eAN\u00dcST\u00dc GENEL KURULTAY TALEB\u0130&nbsp;<\/h3>\n\n\n\n<p class=\"wp-block-paragraph\">Bildirinin en dikkat \u00e7ekici k\u0131sm\u0131 ise \u00f6rg\u00fct\u00fcn ve partinin \u00f6n\u00fcndeki yol haritas\u0131na dair net bir takvimin i\u015faret edilmesi oldu. Ba\u015fkanlar, kriz s\u00fcrecini a\u015fmak ve parti me\u015fruiyetini per\u00e7inlemek ad\u0131na, &#8220;Gelinen a\u015famada, partimizin selameti ve gelece\u011fi a\u00e7\u0131s\u0131ndan, ola\u011fan\u00fcst\u00fc kurultay\u0131m\u0131z\u0131n en ge\u00e7 45 g\u00fcn i\u00e7inde toplanmas\u0131 gerekti\u011fi g\u00f6r\u00fc\u015f\u00fcm\u00fcz\u00fc kamuoyuna duyururuz&#8221; diyerek kurultay \u00e7a\u011fr\u0131s\u0131n\u0131 resmile\u015ftirdi. Siyaset kulislerini hareketlendiren bu hamlenin ard\u0131ndan genel merkezin ataca\u011f\u0131 ad\u0131mlar merakla bekleniyor.<\/p>\n","protected":false},"excerpt":{"rendered":"<p>Ankara B\u00f6lge Adliye Mahkemesi&#8217;nin CHP kurultay davas\u0131nda verdi\u011fi &#8220;mutlak butlan&#8221; karar\u0131 ve Kemal K\u0131l\u0131\u00e7daro\u011flu&#8217;nun genel<\/p>\n","protected":false},"author":1,"featured_media":2210,"comment_status":"open","ping_status":"open","sticky":false,"template":"","format":"standard","meta":{"_rtcl_gb_attr":"","footnotes":""},"categories":[44],"tags":[],"class_list":["post-2209","post","type-post","status-publish","format-standard","has-post-thumbnail","hentry","category-politika"],"_links":{"self":[{"href":"https:\/\/turkiyemhaber.com\/index.php?rest_route=\/wp\/v2\/posts\/2209","targetHints":{"allow":["GET"]}}],"collection":[{"href":"https:\/\/turkiyemhaber.com\/index.php?rest_route=\/wp\/v2\/posts"}],"about":[{"href":"https:\/\/turkiyemhaber.com\/index.php?rest_route=\/wp\/v2\/types\/post"}],"author":[{"embeddable":true,"href":"https:\/\/turkiyemhaber.com\/index.php?rest_route=\/wp\/v2\/users\/1"}],"replies":[{"embeddable":true,"href":"https:\/\/turkiyemhaber.com\/index.php?rest_route=%2Fwp%2Fv2%2Fcomments&post=2209"}],"version-history":[{"count":1,"href":"https:\/\/turkiyemhaber.com\/index.php?rest_route=\/wp\/v2\/posts\/2209\/revisions"}],"predecessor-version":[{"id":2211,"href":"https:\/\/turkiyemhaber.com\/index.php?rest_route=\/wp\/v2\/posts\/2209\/revisions\/2211"}],"wp:featuredmedia":[{"embeddable":true,"href":"https:\/\/turkiyemhaber.com\/index.php?rest_route=\/wp\/v2\/media\/2210"}],"wp:attachment":[{"href":"https:\/\/turkiyemhaber.com\/index.php?rest_route=%2Fwp%2Fv2%2Fmedia&parent=2209"}],"wp:term":[{"taxonomy":"category","embeddable":true,"href":"https:\/\/turkiyemhaber.com\/index.php?rest_route=%2Fwp%2Fv2%2Fcategories&post=2209"},{"taxonomy":"post_tag","embeddable":true,"href":"https:\/\/turkiyemhaber.com\/index.php?rest_route=%2Fwp%2Fv2%2Ftags&post=2209"}],"curies":[{"name":"wp","href":"https:\/\/api.w.org\/{rel}","templated":true}]}}