{"id":2206,"date":"2026-05-24T07:06:22","date_gmt":"2026-05-24T07:06:22","guid":{"rendered":"https:\/\/turkiyemhaber.com\/?p=2206"},"modified":"2026-05-24T07:06:27","modified_gmt":"2026-05-24T07:06:27","slug":"istanbulda-8-etnospor-kultur-festivali-coskusu","status":"publish","type":"post","link":"https:\/\/turkiyemhaber.com\/?p=2206","title":{"rendered":"\u0130stanbul&#8217;da 8. Etnospor K\u00fclt\u00fcr Festivali co\u015fkusu"},"content":{"rendered":"\n<p class=\"wp-block-paragraph\">\u0130stanbul Atat\u00fcrk Havaliman\u0131\u2019nda d\u00fczenlenen 8. Etnospor K\u00fclt\u00fcr Festivali, hafta sonunun ilk g\u00fcn\u00fcnde geleneksel spor g\u00f6sterileri, g\u00fcre\u015f m\u00fcsabakalar\u0131, \u00e7ocuk at\u00f6lyeleri, aile etkinlikleri ve sahne performanslar\u0131yla ziyaret\u00e7ilerine k\u00fclt\u00fcr dolu bir g\u00fcn ya\u015fatt\u0131. G\u00fcn boyu devam eden yo\u011fun program, ak\u015fam saatlerinde Dimash konseriyle festival co\u015fkusunu zirveye ta\u015f\u0131yacak.<\/p>\n\n\n\n<p class=\"wp-block-paragraph\">\u0130stanbul Atat\u00fcrk Havaliman\u0131\u2019nda kap\u0131lar\u0131n\u0131 ziyaret\u00e7ilere a\u00e7an 8. Etno&nbsp;<a href=\"https:\/\/www.sondakika.com\/spor\/\">spor<\/a>&nbsp;K\u00fclt\u00fcr Festivali, \u00fc\u00e7\u00fcnc\u00fc g\u00fcn\u00fcnde de geleneksel sporlar\u0131, k\u00fclt\u00fcrel miras\u0131 ve aile etkinliklerini ayn\u0131 atmosferde bulu\u015fturdu. Festival alan\u0131nda g\u00fcn boyunca atl\u0131 spor g\u00f6sterilerinden g\u00fcre\u015f m\u00fcsabakalar\u0131na, \u00e7ocuk at\u00f6lyelerinden k\u00fclt\u00fcr \u00e7ad\u0131rlar\u0131na, sahne performanslar\u0131ndan ikram alanlar\u0131na kadar geni\u015f bir program ziyaret\u00e7ilerle bulu\u015ftu. Hafta sonunun ba\u015flamas\u0131yla birlikte yo\u011fun ilgi g\u00f6ren festivalde, farkl\u0131 ya\u015f gruplar\u0131na hitap eden etkinlikler g\u00fcn boyu devam ederken ak\u015fam program\u0131nda d\u00fcnyaca tan\u0131nan sanat\u00e7\u0131 Dimash sahne alacak.<\/p>\n\n\n\n<h3 class=\"wp-block-heading\">K\u00d6KB\u00d6R\u00dc, ATLI C\u0130R\u0130T VE TENGE LLU NEFES KEST\u0130<\/h3>\n\n\n\n<p class=\"wp-block-paragraph\">Festivalin cumartesi program\u0131nda atl\u0131 spor g\u00f6sterileri g\u00fcn\u00fcn en dikkat \u00e7eken ba\u015fl\u0131klar\u0131 aras\u0131nda yer ald\u0131. Atl\u0131 Cirit g\u00f6sterisiyle ba\u015flayan etkinliklerde Audaryspak\/Atl\u0131 G\u00fcre\u015f, Tenge Ilu, K\u00f6kb\u00f6r\u00fc, Ku\u015fbegilik ve Tazy Dogs Shows gibi geleneksel sporlar ziyaret\u00e7ilerden ilgi g\u00f6rd\u00fc. G\u00fcn\u00fcn ilerleyen saatlerinde atl\u0131 ok\u00e7uluk, akrobasi ve sava\u015f sanatlar\u0131 g\u00f6sterileri de izleyicilere heyecanl\u0131 anlar ya\u015fatt\u0131.<\/p>\n\n\n\n<p class=\"wp-block-paragraph\">Atl\u0131 sporlar sahas\u0131nda sergilenen g\u00f6steriler, T\u00fcrk d\u00fcnyas\u0131n\u0131n ve farkl\u0131 co\u011frafyalar\u0131n kadim spor geleneklerini festival atmosferine ta\u015f\u0131d\u0131. Atat\u00fcrk \u00dcniversitesi Atl\u0131 Cirit ekibinin g\u00f6sterisi de programda yer alarak geleneksel spor k\u00fclt\u00fcr\u00fcn\u00fcn gen\u00e7 ku\u015faklara aktar\u0131lmas\u0131na katk\u0131 sundu.<\/p>\n\n\n\n<figure class=\"wp-block-image\"><img decoding=\"async\" src=\"https:\/\/foto.sondakika.com\/haber\/2026\/05\/23\/istanbulda-8-etnospor-kultur-f-19876233-1049_1_m.jpg\" alt=\"\u0130stanbul'da 8. Etnospor K\u00fclt\u00fcr Festivali co\u015fkusu\"\/><\/figure>\n\n\n\n<h3 class=\"wp-block-heading\">FARKLI CO\u011eRAFYALARIN G\u00dcRE\u015e GELENEKLER\u0130 AYNI SAHADA BULU\u015eTU<\/h3>\n\n\n\n<p class=\"wp-block-paragraph\">Festival kapsam\u0131nda g\u00fcre\u015f alanlar\u0131 da g\u00fcn boyunca hareketli anlara sahne oldu. Ya\u011fl\u0131 G\u00fcre\u015f Sahas\u0131\u2019nda Kap\u0131\u015fmal\u0131 Aba G\u00fcre\u015fi, Karakucak G\u00fcre\u015fi, A\u015f\u0131rtmal\u0131 Aba G\u00fcre\u015fi, Ku\u015fak G\u00fcre\u015fi, \u015ealvar G\u00fcre\u015fi, S\u00fclipats, Ripka ve Lapta gibi farkl\u0131 geleneksel g\u00fcre\u015f t\u00fcrleri izleyiciyle bulu\u015ftu.<\/p>\n\n\n\n<p class=\"wp-block-paragraph\">Uluslararas\u0131 ve Geleneksel G\u00fcre\u015f Sahas\u0131\u2019nda ise Pagliacci, Zorkhana, Italian Walking Stick Fencing, Galkynysh Jigit Group, Qurash, Alysh, Chidaoba ve Lucta Italica g\u00f6sterileri ger\u00e7ekle\u015ftirildi. Farkl\u0131 \u00fclkelerden gelen ekiplerin performanslar\u0131, festivalin k\u00fclt\u00fcrleraras\u0131 bulu\u015fma y\u00f6n\u00fcn\u00fc \u00f6ne \u00e7\u0131kard\u0131.<\/p>\n\n\n\n<figure class=\"wp-block-image\"><img decoding=\"async\" src=\"https:\/\/foto.sondakika.com\/haber\/2026\/05\/23\/istanbulda-8-etnospor-kultur-f-19876233-5778_1_m.jpg\" alt=\"\u0130stanbul'da 8. Etnospor K\u00fclt\u00fcr Festivali co\u015fkusu\"\/><\/figure>\n\n\n\n<h3 class=\"wp-block-heading\">A\u0130LE \u00c7ADIRI&#8217;NDA K\u00dcLT\u00dcR, SOHBET VE E\u011eLENCE B\u0130R ARADAYDI<\/h3>\n\n\n\n<p class=\"wp-block-paragraph\">Festivalin ailelere y\u00f6nelik programlar\u0131 da g\u00fcn\u00fcn yo\u011fun ilgi g\u00f6ren etkinlikleri aras\u0131nda yer ald\u0131. Aile \u00c7ad\u0131r\u0131\u2019nda Musti Kusti, Saniye Bencik Kangal, Kemal Sayar, Sakarya Belediyesi Kukla G\u00f6sterisi ve \u00d6mer Demirba\u011f ziyaret\u00e7ilerle bulu\u015ftu. \u00c7ocuklar ve aileler i\u00e7in haz\u0131rlanan programlar, festivalin yaln\u0131zca spor ve sahne g\u00f6sterilerinden ibaret olmad\u0131\u011f\u0131n\u0131; ayn\u0131 zamanda e\u011fitici, k\u00fclt\u00fcrel ve sosyal bir bulu\u015fma alan\u0131 sundu\u011funu g\u00f6sterdi.<\/p>\n\n\n\n<figure class=\"wp-block-image\"><img decoding=\"async\" src=\"https:\/\/foto.sondakika.com\/haber\/2026\/05\/23\/istanbulda-8-etnospor-kultur-f-19876233-2306_1_m.jpg\" alt=\"\u0130stanbul'da 8. Etnospor K\u00fclt\u00fcr Festivali co\u015fkusu\"\/><\/figure>\n\n\n\n<h3 class=\"wp-block-heading\">M\u0130N\u0130K Z\u0130YARET\u00c7\u0130LER GELENEKSEL K\u00dcLT\u00dcR\u00dc AT\u00d6LYELERDE KE\u015eFETT\u0130<\/h3>\n\n\n\n<p class=\"wp-block-paragraph\">Festival alan\u0131nda \u00e7ocuklara \u00f6zel haz\u0131rlanan at\u00f6lyeler de g\u00fcn boyunca devam etti. Farkl\u0131 ya\u015f gruplar\u0131na g\u00f6re planlanan etkinliklerde Ah\u015fap Kitap Ayrac\u0131 At\u00f6lyesi, Akvaryum Tasar\u0131m\u0131 At\u00f6lyesi, Ah\u015fap Vazo Tasar\u0131m\u0131 At\u00f6lyesi, Tuval Boyama At\u00f6lyesi ve Ku\u015f Evi Tasar\u0131m\u0131 At\u00f6lyesi ger\u00e7ekle\u015ftirildi.<\/p>\n\n\n\n<p class=\"wp-block-paragraph\">\u00c7ocuk Obas\u0131, \u00e7ocuk oyun alanlar\u0131 ve \u015fenlik alanlar\u0131, ailelerin festival boyunca en \u00e7ok vakit ge\u00e7irdi\u011fi noktalar aras\u0131nda yer ald\u0131. Geleneksel \u00e7ocuk oyunlar\u0131 ve sanat at\u00f6lyeleriyle \u00e7ocuklar hem e\u011flendi hem de k\u00fclt\u00fcrel miras\u0131n farkl\u0131 y\u00f6nlerini deneyimleme f\u0131rsat\u0131 buldu.<\/p>\n\n\n\n<figure class=\"wp-block-image\"><img decoding=\"async\" src=\"https:\/\/foto.sondakika.com\/haber\/2026\/05\/23\/istanbulda-8-etnospor-kultur-f-19876233-8595_1_m.jpg\" alt=\"\u0130stanbul'da 8. Etnospor K\u00fclt\u00fcr Festivali co\u015fkusu\"\/><\/figure>\n\n\n\n<h3 class=\"wp-block-heading\">FEST\u0130VAL CO\u015eKUSU DIMASH KONSER\u0130YLE Z\u0130RVEYE \u00c7IKACAK<\/h3>\n\n\n\n<p class=\"wp-block-paragraph\">G\u00fcn boyu s\u00fcren atl\u0131 spor g\u00f6sterileri, g\u00fcre\u015f etkinlikleri, k\u00fclt\u00fcr tan\u0131t\u0131mlar\u0131, \u00e7ocuk programlar\u0131 ve sahne performanslar\u0131n\u0131n ard\u0131ndan festivalin \u00fc\u00e7\u00fcnc\u00fc g\u00fcn\u00fc Dimash konseriyle tamamlanacak. Ak\u015fam saatlerinde sahne alacak \u00fcnl\u00fc Kazak \u015fark\u0131c\u0131 Dimash, festival alan\u0131n\u0131 dolduran ziyaret\u00e7ilere unutulmaz bir m\u00fczik deneyimi ya\u015fatacak.<\/p>\n\n\n\n<p class=\"wp-block-paragraph\">8. Etnospor K\u00fclt\u00fcr Festivali, geleneksel sporlar\u0131, k\u00fclt\u00fcrel de\u011ferleri, aile ve \u00e7ocuk etkinliklerini ayn\u0131 \u00e7at\u0131 alt\u0131nda bulu\u015fturarak \u0130stanbul\u2019da hafta sonuna renk katt\u0131. Festival, \u00fccretsiz etkinlikleriyle farkl\u0131 ya\u015f gruplar\u0131ndan ziyaret\u00e7ileri a\u011f\u0131rlamay\u0131 s\u00fcrd\u00fcrd\u00fc.<\/p>\n","protected":false},"excerpt":{"rendered":"<p>\u0130stanbul Atat\u00fcrk Havaliman\u0131\u2019nda d\u00fczenlenen 8. Etnospor K\u00fclt\u00fcr Festivali, hafta sonunun ilk g\u00fcn\u00fcnde geleneksel spor g\u00f6sterileri,<\/p>\n","protected":false},"author":1,"featured_media":2207,"comment_status":"open","ping_status":"open","sticky":false,"template":"","format":"standard","meta":{"_rtcl_gb_attr":"","footnotes":""},"categories":[3],"tags":[],"class_list":["post-2206","post","type-post","status-publish","format-standard","has-post-thumbnail","hentry","category-spor"],"_links":{"self":[{"href":"https:\/\/turkiyemhaber.com\/index.php?rest_route=\/wp\/v2\/posts\/2206","targetHints":{"allow":["GET"]}}],"collection":[{"href":"https:\/\/turkiyemhaber.com\/index.php?rest_route=\/wp\/v2\/posts"}],"about":[{"href":"https:\/\/turkiyemhaber.com\/index.php?rest_route=\/wp\/v2\/types\/post"}],"author":[{"embeddable":true,"href":"https:\/\/turkiyemhaber.com\/index.php?rest_route=\/wp\/v2\/users\/1"}],"replies":[{"embeddable":true,"href":"https:\/\/turkiyemhaber.com\/index.php?rest_route=%2Fwp%2Fv2%2Fcomments&post=2206"}],"version-history":[{"count":1,"href":"https:\/\/turkiyemhaber.com\/index.php?rest_route=\/wp\/v2\/posts\/2206\/revisions"}],"predecessor-version":[{"id":2208,"href":"https:\/\/turkiyemhaber.com\/index.php?rest_route=\/wp\/v2\/posts\/2206\/revisions\/2208"}],"wp:featuredmedia":[{"embeddable":true,"href":"https:\/\/turkiyemhaber.com\/index.php?rest_route=\/wp\/v2\/media\/2207"}],"wp:attachment":[{"href":"https:\/\/turkiyemhaber.com\/index.php?rest_route=%2Fwp%2Fv2%2Fmedia&parent=2206"}],"wp:term":[{"taxonomy":"category","embeddable":true,"href":"https:\/\/turkiyemhaber.com\/index.php?rest_route=%2Fwp%2Fv2%2Fcategories&post=2206"},{"taxonomy":"post_tag","embeddable":true,"href":"https:\/\/turkiyemhaber.com\/index.php?rest_route=%2Fwp%2Fv2%2Ftags&post=2206"}],"curies":[{"name":"wp","href":"https:\/\/api.w.org\/{rel}","templated":true}]}}