{"id":2203,"date":"2026-05-24T07:03:14","date_gmt":"2026-05-24T07:03:14","guid":{"rendered":"https:\/\/turkiyemhaber.com\/?p=2203"},"modified":"2026-05-24T07:03:18","modified_gmt":"2026-05-24T07:03:18","slug":"bu-gidisati-durdurmak-icin-geliyorum-diyen-aziz-yildirimdan-transfer-mujdesi","status":"publish","type":"post","link":"https:\/\/turkiyemhaber.com\/?p=2203","title":{"rendered":"&#8221;Bu gidi\u015fat\u0131 durdurmak i\u00e7in geliyorum&#8221; diyen Aziz Y\u0131ld\u0131r\u0131m&#8217;dan transfer m\u00fcjdesi"},"content":{"rendered":"\n<p class=\"wp-block-paragraph\">Fenerbah\u00e7e Kul\u00fcb\u00fc Ba\u015fkan Aday\u0131 Aziz Y\u0131ld\u0131r\u0131m, ola\u011fan\u00fcst\u00fc genel kurul \u00f6ncesinde \u015eanl\u0131urfa Fenerbah\u00e7eliler Derne\u011fi\u2019ni ziyaret etmek \u00fczere \u015eanl\u0131urfa\u2019ya geldi. &#8221;Fenerbah\u00e7e\u2019nin bu gidi\u015fat\u0131n\u0131 durdurmak i\u00e7in geliyorum&#8221; diyen Aziz Y\u0131ld\u0131r\u0131m iki santrfor transferi yapacaklar\u0131n\u0131 belirtti.<\/p>\n\n\n\n<p class=\"wp-block-paragraph\">6-7 Haziran tarihlerinde ger\u00e7ekle\u015ftirilecek&nbsp;<a href=\"https:\/\/www.sondakika.com\/fenerbahce\/\">Fenerbah\u00e7e<\/a>&nbsp;Ola\u011fan\u00fcst\u00fc Genel Kurulu \u00f6ncesinde ba\u015fkan adayl\u0131\u011f\u0131n\u0131 a\u00e7\u0131klayan&nbsp;<a href=\"https:\/\/www.sondakika.com\/aziz-yildirim-2\/\">Aziz Y\u0131ld\u0131r\u0131m<\/a>, sabah saatlerinde \u015eanl\u0131urfa GAP Havaliman\u0131\u2019na geldi.&nbsp;<\/p>\n\n\n\n<h3 class=\"wp-block-heading\">AZ\u0130Z YILDIRIM&#8217;A \u015eANLIURFA&#8217;DA CO\u015eKULU KAR\u015eILAMA<\/h3>\n\n\n\n<p class=\"wp-block-paragraph\">Y\u0131ld\u0131r\u0131m havaliman\u0131nda \u015eanl\u0131urfa Fenerbah\u00e7eliler Derne\u011fi Ba\u015fkan\u0131 Mahmut K\u0131z\u0131ldemir ile \u015eanl\u0131urfaspor eski Kul\u00fcp Ba\u015fkan\u0131 Ha\u00e7\u0131m \u0130zol taraf\u0131ndan kar\u015f\u0131lad\u0131. Taraftarlar\u0131n yo\u011fun ilgi g\u00f6sterdi\u011fi Y\u0131ld\u0131r\u0131m\u2019a sevgi g\u00f6sterilerinde bulunuldu. Havaliman\u0131n\u0131n ard\u0131ndan \u015eanl\u0131urfa Fenerbah\u00e7eliler Derne\u011fi\u2019ne ge\u00e7en&nbsp;<a href=\"https:\/\/www.sondakika.com\/aziz-yildirim\/\">Aziz Y\u0131ld\u0131r\u0131m<\/a>, burada y\u00f6netim kurulu \u00fcyeleriyle \u00f6zel bir toplant\u0131 ger\u00e7ekle\u015ftirdi. Daha sonra konferans salonunda dernek \u00fcyeleri ve taraftarlarla bir araya gelen Y\u0131ld\u0131r\u0131m, g\u00fcndeme ili\u015fkin de\u011ferlendirmelerde bulundu. Yo\u011fun kat\u0131l\u0131m nedeniyle salonun kalabal\u0131k ve s\u0131cak olmas\u0131 \u00fczerine s\u0131k s\u0131k terleyen Y\u0131ld\u0131r\u0131m\u2019\u0131n elinden pe\u00e7eteyi d\u00fc\u015f\u00fcrmedi\u011fi g\u00f6r\u00fcld\u00fc.<\/p>\n\n\n\n<figure class=\"wp-block-image\"><img decoding=\"async\" src=\"https:\/\/foto.sondakika.com\/haber\/2026\/05\/23\/bu-gidisati-durdurmak-icin-gel-19876256-7832_1_m.jpg\" alt=\"''Bu gidi\u015fat\u0131 durdurmak i\u00e7in geliyorum'' diyen Aziz Y\u0131ld\u0131r\u0131m'dan transfer m\u00fcjdesi\"\/><\/figure>\n\n\n\n<h3 class=\"wp-block-heading\">&#8221;BU G\u0130D\u0130\u015eATI DURDURMAK \u0130\u00c7\u0130N GEL\u0130YORUM&#8221;<\/h3>\n\n\n\n<p class=\"wp-block-paragraph\">Konu\u015fmas\u0131nda Fenerbah\u00e7e\u2019nin son y\u0131llardaki durumuna de\u011finen Aziz Y\u0131ld\u0131r\u0131m, yeniden ba\u015fkan olmas\u0131n\u0131n kendi hayat\u0131nda bir de\u011fi\u015fiklik yaratmayaca\u011f\u0131n\u0131 ancak kul\u00fcb\u00fcn mevcut gidi\u015fat\u0131n\u0131 de\u011fi\u015ftirmek i\u00e7in aday oldu\u011funu s\u00f6yledi.<\/p>\n\n\n\n<p class=\"wp-block-paragraph\">Y\u0131ld\u0131r\u0131m, \u015f\u00f6yle konu\u015ftu:<\/p>\n\n\n\n<p class=\"wp-block-paragraph\">\u201cD\u00fcr\u00fcst\u00e7e s\u00f6yl\u00fcyorum, Fenerbah\u00e7e\u2019nin bu gidi\u015fat\u0131n\u0131 12 seneyi durdurmak i\u00e7in geliyorum. Ben kendime inan\u0131yorum, arkada\u015flara inan\u0131yorum. Biz durduramazsak kimse durduramaz, haberiniz olsun. G\u00fc\u00e7l\u00fc kadro, g\u00fc\u00e7l\u00fc y\u00f6netim, g\u00fc\u00e7l\u00fc camia olursa bu i\u015f olur. 2001\u2019lerde ba\u015flad\u0131k \u015fampiyonlu\u011fa, 10 senede 5 defa \u015fampiyon olduk\u201d<\/p>\n\n\n\n<figure class=\"wp-block-image\"><img decoding=\"async\" src=\"https:\/\/foto.sondakika.com\/haber\/2026\/05\/23\/bu-gidisati-durdurmak-icin-gel-19876256-8213_1_m.jpg\" alt=\"''Bu gidi\u015fat\u0131 durdurmak i\u00e7in geliyorum'' diyen Aziz Y\u0131ld\u0131r\u0131m'dan transfer m\u00fcjdesi\"\/><\/figure>\n\n\n\n<h3 class=\"wp-block-heading\">&#8221;BUNU YAPACAK ADAM BEN\u0130M&#8221;<\/h3>\n\n\n\n<p class=\"wp-block-paragraph\">Taraftar birlikteli\u011finin \u00f6nemine vurgu yapan Y\u0131ld\u0131r\u0131m, trib\u00fcnlerde ya\u015fanan ayr\u0131\u015fmalar\u0131n sona ermesi gerekti\u011fini belirterek, \u201c20-25 tane grup olmu\u015f. Biri bir \u015fey s\u00f6yl\u00fcyor, \u00f6b\u00fcr\u00fc ba\u015fka \u015fey s\u00f6yl\u00fcyor. Bunlar\u0131 b\u00fct\u00fcnle\u015ftirmek laz\u0131m. Bunu yapacak adam benim\u201d dedi.<\/p>\n\n\n\n<figure class=\"wp-block-image\"><img decoding=\"async\" src=\"https:\/\/foto.sondakika.com\/haber\/2026\/05\/23\/bu-gidisati-durdurmak-icin-gel-19876256-9889_1_m.jpg\" alt=\"''Bu gidi\u015fat\u0131 durdurmak i\u00e7in geliyorum'' diyen Aziz Y\u0131ld\u0131r\u0131m'dan transfer m\u00fcjdesi\"\/><\/figure>\n\n\n\n<h3 class=\"wp-block-heading\">\u0130K\u0130 SANTFROR TRANSFER\u0130<\/h3>\n\n\n\n<p class=\"wp-block-paragraph\">Ba\u015fkanl\u0131\u011f\u0131 d\u00f6neminde Fenerbah\u00e7e\u2019ye \u00f6nemli yat\u0131r\u0131mlar kazand\u0131rd\u0131klar\u0131n\u0131 ifade eden Y\u0131ld\u0131r\u0131m, kendi y\u00f6netiminden sonra kul\u00fcbe yeni yat\u0131r\u0131m yap\u0131lmad\u0131\u011f\u0131n\u0131 savundu. Fenerbah\u00e7e\u2019deki 20 y\u0131ll\u0131k tecr\u00fcbesine dikkat \u00e7eken Y\u0131ld\u0131r\u0131m, ekibiyle birlikte \u015fampiyonluk hedefiyle yola \u00e7\u0131kt\u0131klar\u0131n\u0131 s\u00f6yledi. Tak\u0131m\u0131n g\u00fc\u00e7lendirilmesi i\u00e7in transfer planlar\u0131 bulundu\u011funu da a\u00e7\u0131klayan Aziz Y\u0131ld\u0131r\u0131m, iki santrfor transferi yapacaklar\u0131n\u0131 belirtti. Ancak transferlerin a\u00e7\u0131klanaca\u011f\u0131 tarihin hen\u00fcz netle\u015fmedi\u011fini ifade etti.<\/p>\n","protected":false},"excerpt":{"rendered":"<p>Fenerbah\u00e7e Kul\u00fcb\u00fc Ba\u015fkan Aday\u0131 Aziz Y\u0131ld\u0131r\u0131m, ola\u011fan\u00fcst\u00fc genel kurul \u00f6ncesinde \u015eanl\u0131urfa Fenerbah\u00e7eliler Derne\u011fi\u2019ni ziyaret etmek<\/p>\n","protected":false},"author":1,"featured_media":2204,"comment_status":"open","ping_status":"open","sticky":false,"template":"","format":"standard","meta":{"_rtcl_gb_attr":"","footnotes":""},"categories":[3],"tags":[],"class_list":["post-2203","post","type-post","status-publish","format-standard","has-post-thumbnail","hentry","category-spor"],"_links":{"self":[{"href":"https:\/\/turkiyemhaber.com\/index.php?rest_route=\/wp\/v2\/posts\/2203","targetHints":{"allow":["GET"]}}],"collection":[{"href":"https:\/\/turkiyemhaber.com\/index.php?rest_route=\/wp\/v2\/posts"}],"about":[{"href":"https:\/\/turkiyemhaber.com\/index.php?rest_route=\/wp\/v2\/types\/post"}],"author":[{"embeddable":true,"href":"https:\/\/turkiyemhaber.com\/index.php?rest_route=\/wp\/v2\/users\/1"}],"replies":[{"embeddable":true,"href":"https:\/\/turkiyemhaber.com\/index.php?rest_route=%2Fwp%2Fv2%2Fcomments&post=2203"}],"version-history":[{"count":1,"href":"https:\/\/turkiyemhaber.com\/index.php?rest_route=\/wp\/v2\/posts\/2203\/revisions"}],"predecessor-version":[{"id":2205,"href":"https:\/\/turkiyemhaber.com\/index.php?rest_route=\/wp\/v2\/posts\/2203\/revisions\/2205"}],"wp:featuredmedia":[{"embeddable":true,"href":"https:\/\/turkiyemhaber.com\/index.php?rest_route=\/wp\/v2\/media\/2204"}],"wp:attachment":[{"href":"https:\/\/turkiyemhaber.com\/index.php?rest_route=%2Fwp%2Fv2%2Fmedia&parent=2203"}],"wp:term":[{"taxonomy":"category","embeddable":true,"href":"https:\/\/turkiyemhaber.com\/index.php?rest_route=%2Fwp%2Fv2%2Fcategories&post=2203"},{"taxonomy":"post_tag","embeddable":true,"href":"https:\/\/turkiyemhaber.com\/index.php?rest_route=%2Fwp%2Fv2%2Ftags&post=2203"}],"curies":[{"name":"wp","href":"https:\/\/api.w.org\/{rel}","templated":true}]}}