{"id":2200,"date":"2026-05-24T07:00:53","date_gmt":"2026-05-24T07:00:53","guid":{"rendered":"https:\/\/turkiyemhaber.com\/?p=2200"},"modified":"2026-05-24T07:00:58","modified_gmt":"2026-05-24T07:00:58","slug":"gozyaslarina-boguldu-kenan-yildizin-ardindan-milli-takimda-bir-sok-sakatlik-daha","status":"publish","type":"post","link":"https:\/\/turkiyemhaber.com\/?p=2200","title":{"rendered":"G\u00f6zya\u015flar\u0131na bo\u011fuldu! Kenan Y\u0131ld\u0131z&#8217;\u0131n ard\u0131ndan milli tak\u0131mda bir \u015fok sakatl\u0131k daha"},"content":{"rendered":"\n<p class=\"wp-block-paragraph\">A Milli Tak\u0131m\u0131m\u0131z\u0131n bug\u00fcnk\u00fc idman\u0131nda, yar\u0131 sahada yap\u0131lan \u00e7ift kale ma\u00e7ta aya\u011f\u0131n\u0131n zemine tak\u0131lmas\u0131 sonucu yerde kalan Kerem Akt\u00fcrko\u011flu, g\u00f6zya\u015flar\u0131 i\u00e7inde kalarak idmana devam edemedi. Sa\u011fl\u0131k ekibi taraf\u0131ndan dizi bandajlanan Akt\u00fcrko\u011flu, y\u00fcr\u00fcmekte g\u00fc\u00e7l\u00fck \u00e7ekince g\u00f6revliler taraf\u0131ndan ara\u00e7la sahadan \u00e7\u0131kar\u0131ld\u0131.<\/p>\n\n\n\n<p class=\"wp-block-paragraph\">2026 FIFA D\u00fcnya Kupas\u0131&#8217;na haz\u0131rlanan A Milli Tak\u0131m\u0131m\u0131za Kenan Y\u0131ld\u0131z&#8217;\u0131n sakatl\u0131k haberinin ard\u0131ndan bir k\u00f6t\u00fc haber daha geldi.&nbsp;<\/p>\n\n\n\n<h3 class=\"wp-block-heading\">KEREM AKT\u00dcRKO\u011eLU SAKATLANDI<\/h3>\n\n\n\n<p class=\"wp-block-paragraph\">HT Spor&#8217;un haberine g\u00f6re; A Milli Tak\u0131m\u0131m\u0131z\u0131n bug\u00fcnk\u00fc idman\u0131nda, yar\u0131 sahada yap\u0131lan \u00e7ift kale ma\u00e7ta aya\u011f\u0131n\u0131n zemine tak\u0131lmas\u0131 sonucu yerde kalan&nbsp;<a href=\"https:\/\/www.sondakika.com\/kerem-akturkoglu\/\">Kerem Akt\u00fcrko\u011flu<\/a>, idmana devam edemedi.<\/p>\n\n\n\n<h3 class=\"wp-block-heading\">G\u00d6ZYA\u015eLARINA BO\u011eULDU<\/h3>\n\n\n\n<p class=\"wp-block-paragraph\">Kerem Akt\u00fcrko\u011flu&#8217;nun ya\u015fad\u0131\u011f\u0131 sakatl\u0131\u011f\u0131n ard\u0131ndan g\u00f6zya\u015flar\u0131na bo\u011fuldu\u011fu g\u00f6r\u00fcld\u00fc. Sa\u011fl\u0131k ekibi taraf\u0131ndan dizi bandajlanan y\u0131ld\u0131z isim, y\u00fcr\u00fcmekte g\u00fc\u00e7l\u00fck \u00e7ekince g\u00f6revliler taraf\u0131ndan ara\u00e7la sahadan \u00e7\u0131kar\u0131ld\u0131.<\/p>\n","protected":false},"excerpt":{"rendered":"<p>A Milli Tak\u0131m\u0131m\u0131z\u0131n bug\u00fcnk\u00fc idman\u0131nda, yar\u0131 sahada yap\u0131lan \u00e7ift kale ma\u00e7ta aya\u011f\u0131n\u0131n zemine tak\u0131lmas\u0131 sonucu<\/p>\n","protected":false},"author":1,"featured_media":2201,"comment_status":"open","ping_status":"open","sticky":false,"template":"","format":"standard","meta":{"_rtcl_gb_attr":"","footnotes":""},"categories":[3],"tags":[],"class_list":["post-2200","post","type-post","status-publish","format-standard","has-post-thumbnail","hentry","category-spor"],"_links":{"self":[{"href":"https:\/\/turkiyemhaber.com\/index.php?rest_route=\/wp\/v2\/posts\/2200","targetHints":{"allow":["GET"]}}],"collection":[{"href":"https:\/\/turkiyemhaber.com\/index.php?rest_route=\/wp\/v2\/posts"}],"about":[{"href":"https:\/\/turkiyemhaber.com\/index.php?rest_route=\/wp\/v2\/types\/post"}],"author":[{"embeddable":true,"href":"https:\/\/turkiyemhaber.com\/index.php?rest_route=\/wp\/v2\/users\/1"}],"replies":[{"embeddable":true,"href":"https:\/\/turkiyemhaber.com\/index.php?rest_route=%2Fwp%2Fv2%2Fcomments&post=2200"}],"version-history":[{"count":1,"href":"https:\/\/turkiyemhaber.com\/index.php?rest_route=\/wp\/v2\/posts\/2200\/revisions"}],"predecessor-version":[{"id":2202,"href":"https:\/\/turkiyemhaber.com\/index.php?rest_route=\/wp\/v2\/posts\/2200\/revisions\/2202"}],"wp:featuredmedia":[{"embeddable":true,"href":"https:\/\/turkiyemhaber.com\/index.php?rest_route=\/wp\/v2\/media\/2201"}],"wp:attachment":[{"href":"https:\/\/turkiyemhaber.com\/index.php?rest_route=%2Fwp%2Fv2%2Fmedia&parent=2200"}],"wp:term":[{"taxonomy":"category","embeddable":true,"href":"https:\/\/turkiyemhaber.com\/index.php?rest_route=%2Fwp%2Fv2%2Fcategories&post=2200"},{"taxonomy":"post_tag","embeddable":true,"href":"https:\/\/turkiyemhaber.com\/index.php?rest_route=%2Fwp%2Fv2%2Ftags&post=2200"}],"curies":[{"name":"wp","href":"https:\/\/api.w.org\/{rel}","templated":true}]}}