{"id":2197,"date":"2026-05-24T06:56:51","date_gmt":"2026-05-24T06:56:51","guid":{"rendered":"https:\/\/turkiyemhaber.com\/?p=2197"},"modified":"2026-05-24T06:56:55","modified_gmt":"2026-05-24T06:56:55","slug":"yeniden-baskan-secilen-dursun-ozbekten-ilk-mesaj","status":"publish","type":"post","link":"https:\/\/turkiyemhaber.com\/?p=2197","title":{"rendered":"Yeniden ba\u015fkan se\u00e7ilen Dursun \u00d6zbek&#8217;ten ilk mesaj"},"content":{"rendered":"\n<p class=\"wp-block-paragraph\">D\u00f6rd\u00fcnc\u00fc kez Galatasaray Ba\u015fkan\u0131 se\u00e7ilen Dursun \u00d6zbek, se\u00e7imin ard\u0131ndan taraftarlar\u0131na seslendi. Hi\u00e7 durmadan \u00e7al\u0131\u015facaklar\u0131n\u0131 belirterek, &#8220;Galatasaray i\u00e7in kurdu\u011fumuz t\u00fcm hayalleri ger\u00e7ek yapaca\u011f\u0131z&#8221; dedi.<\/p>\n\n\n\n<p class=\"wp-block-paragraph\"><a href=\"https:\/\/www.sondakika.com\/galatasaray\/\">Galatasaray<\/a>&nbsp;<a href=\"https:\/\/www.sondakika.com\/Spor\/\">Spor<\/a>&nbsp;Kul\u00fcb\u00fc\u2019n\u00fcn 105. d\u00f6nem y\u00f6netiminin belirlenece\u011fi ola\u011fan se\u00e7im toplant\u0131s\u0131, Galatasaray Lisesi Tevfik Fikret Salonu&#8217;nda yap\u0131ld\u0131.&nbsp;<\/p>\n\n\n\n<h3 class=\"wp-block-heading\">DURSUN \u00d6ZBEK YEN\u0130DEN BA\u015eKAN<\/h3>\n\n\n\n<p class=\"wp-block-paragraph\">Se\u00e7ime tek aday olarak giren mevcut ba\u015fkan&nbsp;<a href=\"https:\/\/www.sondakika.com\/dursun-ozbek\/\">Dursun \u00d6zbek<\/a>, kullan\u0131lan 2 bin 79 oyun, bin 780&#8217;ini alarak yeniden ba\u015fkan se\u00e7ildi.&nbsp;<\/p>\n\n\n\n<figure class=\"wp-block-image\"><img decoding=\"async\" src=\"https:\/\/foto.sondakika.com\/haber\/2026\/05\/23\/yeniden-baskan-secilen-dursun-19876461-6824_1_m.jpg\" alt=\"Yeniden ba\u015fkan se\u00e7ilen Dursun \u00d6zbek'ten ilk mesaj\"\/><\/figure>\n\n\n\n<h3 class=\"wp-block-heading\">&#8221;TE\u015eEKK\u00dcR ED\u0130YORUM&#8221;<\/h3>\n\n\n\n<p class=\"wp-block-paragraph\">Se\u00e7imin a\u00e7\u0131klanmas\u0131n\u0131n ard\u0131ndan salonda konu\u015fan Dursun \u00d6zbek, &#8220;Galatasaray\u2019\u0131n demokrasi \u015f\u00f6leninde yine bir arada olduk. Burada olup, Galatasaray\u0131m\u0131z\u0131n yar\u0131nlar\u0131 i\u00e7in iradesini g\u00f6steren \u00fcyelerimize te\u015fekk\u00fcr ediyorum. T\u00fcm yol arkada\u015flar\u0131ma te\u015fekk\u00fcr ediyorum. Bu s\u00fcre\u00e7te hep yan\u0131mda olan sevgili e\u015fime, karde\u015fime ve aileme te\u015fekk\u00fcr ediyorum. Divan ba\u015fkan\u0131ma, divan heyetine g\u00f6sterdikleri bu \u00e7aba i\u00e7in ayr\u0131ca te\u015fekk\u00fcr ediyoruz&#8221; diye konu\u015ftu.<\/p>\n\n\n\n<figure class=\"wp-block-image\"><img decoding=\"async\" src=\"https:\/\/foto.sondakika.com\/haber\/2026\/05\/23\/yeniden-baskan-secilen-dursun-19876461-9389_1_m.jpg\" alt=\"Yeniden ba\u015fkan se\u00e7ilen Dursun \u00d6zbek'ten ilk mesaj\"\/><\/figure>\n\n\n\n<h3 class=\"wp-block-heading\">&#8221;H\u0130\u00c7 DURMADAN \u00c7ALI\u015eACA\u011eIZ&#8221;<\/h3>\n\n\n\n<p class=\"wp-block-paragraph\">Tek adayl\u0131 bir se\u00e7im s\u00fcreci ya\u015fad\u0131klar\u0131n\u0131 aktaran \u00d6zbek, &#8220;Bu durum bana ve arkada\u015flar\u0131ma daha fazla sorumluluk y\u00fckledi\u011fine inan\u0131yorum. Bize verdi\u011finiz mesaj\u0131 ald\u0131k, &#8216;Devam edece\u011fiz, \u015fimdi daha iyisini yapaca\u011f\u0131z&#8217;. Yeni d\u00f6nemde yepyeni ve ba\u015far\u0131larla dolu bir hikaye yazma f\u0131rsat\u0131m\u0131z var. Bunu ba\u015farmak i\u00e7in ben ve arkada\u015flar\u0131m\u0131n tarihi bir sorumlulu\u011fu var. Hi\u00e7 durmadan \u00e7al\u0131\u015faca\u011f\u0131z. Galatasaray i\u00e7in kurdu\u011fumuz t\u00fcm hayalleri ger\u00e7ek yapaca\u011f\u0131z. Birlikte ba\u015faraca\u011f\u0131z&#8221; \u015feklinde konu\u015ftu.<\/p>\n","protected":false},"excerpt":{"rendered":"<p>D\u00f6rd\u00fcnc\u00fc kez Galatasaray Ba\u015fkan\u0131 se\u00e7ilen Dursun \u00d6zbek, se\u00e7imin ard\u0131ndan taraftarlar\u0131na seslendi. Hi\u00e7 durmadan \u00e7al\u0131\u015facaklar\u0131n\u0131 belirterek,<\/p>\n","protected":false},"author":1,"featured_media":2198,"comment_status":"open","ping_status":"open","sticky":false,"template":"","format":"standard","meta":{"_rtcl_gb_attr":"","footnotes":""},"categories":[3],"tags":[],"class_list":["post-2197","post","type-post","status-publish","format-standard","has-post-thumbnail","hentry","category-spor"],"_links":{"self":[{"href":"https:\/\/turkiyemhaber.com\/index.php?rest_route=\/wp\/v2\/posts\/2197","targetHints":{"allow":["GET"]}}],"collection":[{"href":"https:\/\/turkiyemhaber.com\/index.php?rest_route=\/wp\/v2\/posts"}],"about":[{"href":"https:\/\/turkiyemhaber.com\/index.php?rest_route=\/wp\/v2\/types\/post"}],"author":[{"embeddable":true,"href":"https:\/\/turkiyemhaber.com\/index.php?rest_route=\/wp\/v2\/users\/1"}],"replies":[{"embeddable":true,"href":"https:\/\/turkiyemhaber.com\/index.php?rest_route=%2Fwp%2Fv2%2Fcomments&post=2197"}],"version-history":[{"count":1,"href":"https:\/\/turkiyemhaber.com\/index.php?rest_route=\/wp\/v2\/posts\/2197\/revisions"}],"predecessor-version":[{"id":2199,"href":"https:\/\/turkiyemhaber.com\/index.php?rest_route=\/wp\/v2\/posts\/2197\/revisions\/2199"}],"wp:featuredmedia":[{"embeddable":true,"href":"https:\/\/turkiyemhaber.com\/index.php?rest_route=\/wp\/v2\/media\/2198"}],"wp:attachment":[{"href":"https:\/\/turkiyemhaber.com\/index.php?rest_route=%2Fwp%2Fv2%2Fmedia&parent=2197"}],"wp:term":[{"taxonomy":"category","embeddable":true,"href":"https:\/\/turkiyemhaber.com\/index.php?rest_route=%2Fwp%2Fv2%2Fcategories&post=2197"},{"taxonomy":"post_tag","embeddable":true,"href":"https:\/\/turkiyemhaber.com\/index.php?rest_route=%2Fwp%2Fv2%2Ftags&post=2197"}],"curies":[{"name":"wp","href":"https:\/\/api.w.org\/{rel}","templated":true}]}}