{"id":2194,"date":"2026-05-24T06:53:39","date_gmt":"2026-05-24T06:53:39","guid":{"rendered":"https:\/\/turkiyemhaber.com\/?p=2194"},"modified":"2026-05-24T06:53:44","modified_gmt":"2026-05-24T06:53:44","slug":"irandan-trumpin-anlasma-hazir-iddiasina-yanit-hurmuz-mesaji-ilk-dakikadan-kriz-cikardi","status":"publish","type":"post","link":"https:\/\/turkiyemhaber.com\/?p=2194","title":{"rendered":"\u0130ran&#8217;dan Trump&#8217;\u0131n &#8220;Anla\u015fma haz\u0131r&#8221; iddias\u0131na yan\u0131t! H\u00fcrm\u00fcz mesaj\u0131 ilk dakikadan kriz \u00e7\u0131kard\u0131"},"content":{"rendered":"\n<p class=\"wp-block-paragraph\">ABD Ba\u015fkan\u0131 Trump, \u0130ran ile kapsaml\u0131 bar\u0131\u015f anla\u015fmas\u0131n\u0131n haz\u0131rland\u0131\u011f\u0131n\u0131 ve H\u00fcrm\u00fcz Bo\u011faz\u0131\u2019n\u0131n yeniden a\u00e7\u0131laca\u011f\u0131n\u0131 a\u00e7\u0131klad\u0131. \u0130ran ise bo\u011faz\u0131n tamamen serbest ge\u00e7i\u015fe a\u00e7\u0131laca\u011f\u0131 iddias\u0131n\u0131 reddetti. Pakistan arabuluculu\u011funda y\u00fcr\u00fct\u00fclen g\u00f6r\u00fc\u015fmelerde \u0130ran\u2019\u0131n dondurulan varl\u0131klar\u0131n\u0131n serbest b\u0131rak\u0131lmas\u0131 ve ABD\u2019nin deniz operasyonlar\u0131 \u00f6ne \u00e7\u0131kt\u0131. \u0130ran, n\u00fckleer program\u0131n mevcut m\u00fczakerelerin d\u0131\u015f\u0131nda tutuldu\u011funu belirtirken, taraflar\u0131n 30 ila 60 g\u00fcn i\u00e7inde nihai anla\u015fmaya ula\u015fmay\u0131 hedefledi\u011fi bildirildi.<\/p>\n\n\n\n<p class=\"wp-block-paragraph\">ABD Ba\u015fkan\u0131 Donald Trump,&nbsp;<a href=\"https:\/\/www.sondakika.com\/iran\/\">\u0130ran<\/a>&nbsp;ile aylard\u0131r s\u00fcren sava\u015f\u0131n sona ermesine y\u00f6nelik kapsaml\u0131 anla\u015fman\u0131n b\u00fcy\u00fck \u00f6l\u00e7\u00fcde haz\u0131rland\u0131\u011f\u0131n\u0131 a\u00e7\u0131klad\u0131. Trump, anla\u015fman\u0131n tamamlanmas\u0131 halinde H\u00fcrm\u00fcz Bo\u011faz\u0131\u2019n\u0131n yeniden a\u00e7\u0131laca\u011f\u0131n\u0131 duyurdu. Ancak \u0130ran cephesi Trump\u2019\u0131n a\u00e7\u0131klamalar\u0131na itiraz ederek bo\u011faz\u0131n tamamen serbest ge\u00e7i\u015fe a\u00e7\u0131laca\u011f\u0131 iddias\u0131n\u0131 yalanlad\u0131.<\/p>\n\n\n\n<h3 class=\"wp-block-heading\">TRUMP: ANLA\u015eMA B\u00dcY\u00dcK \u00d6L\u00c7\u00dcDE TAMAMLANDI<\/h3>\n\n\n\n<p class=\"wp-block-paragraph\">Donald Trump, Truth Social hesab\u0131ndan yapt\u0131\u011f\u0131 a\u00e7\u0131klamada ABD, \u0130ran ve di\u011fer \u00fclkeler aras\u0131nda y\u00fcr\u00fct\u00fclen anla\u015fman\u0131n b\u00fcy\u00fck \u00f6l\u00e7\u00fcde m\u00fczakere edildi\u011fini belirtti.<\/p>\n\n\n\n<p class=\"wp-block-paragraph\">Trump, \u201cAmerika Birle\u015fik Devletleri, \u0130ran \u0130slam Cumhuriyeti ve \u00e7e\u015fitli di\u011fer \u00fclkeler aras\u0131nda anla\u015fma b\u00fcy\u00fck \u00f6l\u00e7\u00fcde m\u00fczakere edildi. Son detaylar \u00fczerinde \u00e7al\u0131\u015f\u0131l\u0131yor\u201d ifadelerini kulland\u0131.<\/p>\n\n\n\n<p class=\"wp-block-paragraph\">ABD bas\u0131n\u0131nda yer alan bilgilere g\u00f6re haz\u0131rlanan mutabakat metni, \u0130ran\u2019la \u00e7at\u0131\u015fmalar\u0131n sona erdirilmesini, H\u00fcrm\u00fcz Bo\u011faz\u0131\u2019n\u0131n kademeli \u015fekilde yeniden a\u00e7\u0131lmas\u0131n\u0131 ve \u0130ran limanlar\u0131na y\u00f6nelik ABD ablukas\u0131n\u0131n hafifletilmesini i\u00e7eriyor.<\/p>\n\n\n\n<p class=\"wp-block-paragraph\">Anla\u015fma kapsam\u0131nda \u0130ran\u2019\u0131n yurtd\u0131\u015f\u0131ndaki baz\u0131 dondurulmu\u015f varl\u0131klar\u0131n\u0131n serbest b\u0131rak\u0131lmas\u0131n\u0131n da planland\u0131\u011f\u0131 belirtildi.<\/p>\n\n\n\n<h3 class=\"wp-block-heading\">\u0130RAN\u2019DAN H\u00dcRM\u00dcZ BO\u011eAZI \u00c7IKI\u015eI<\/h3>\n\n\n\n<p class=\"wp-block-paragraph\">\u0130ran\u2019a yak\u0131nl\u0131\u011f\u0131yla bilinen Fars Haber Ajans\u0131 ise Trump\u2019\u0131n \u201cH\u00fcrm\u00fcz Bo\u011faz\u0131 a\u00e7\u0131lacak\u201d a\u00e7\u0131klamas\u0131n\u0131 ger\u00e7e\u011fi yans\u0131tmad\u0131\u011f\u0131 gerek\u00e7esiyle reddetti.<\/p>\n\n\n\n<p class=\"wp-block-paragraph\">Haberde, \u0130ran\u2019\u0131n sadece sava\u015f \u00f6ncesi gemi ge\u00e7i\u015f say\u0131lar\u0131na d\u00f6n\u00fclmesine izin verdi\u011fi ancak bunun sava\u015f \u00f6ncesindeki \u201ctam serbest ge\u00e7i\u015f\u201d anlam\u0131na gelmedi\u011fi vurguland\u0131.<\/p>\n\n\n\n<p class=\"wp-block-paragraph\">\u0130ran D\u0131\u015fi\u015fleri Bakanl\u0131\u011f\u0131 S\u00f6zc\u00fcs\u00fc \u0130smail Bekayi de H\u00fcrm\u00fcz Bo\u011faz\u0131\u2019yla ilgili herhangi bir mekanizman\u0131n yaln\u0131zca \u0130ran, Umman ve k\u00f6rfez \u00fclkeleri aras\u0131nda kararla\u015ft\u0131r\u0131labilece\u011fini belirterek, \u201cABD\u2019nin bu konuda hi\u00e7bir yetkisi yok\u201d dedi.<\/p>\n\n\n\n<h3 class=\"wp-block-heading\">\u0130RAN N\u00dcKLEER PROGRAMINI MASADAN AYIRDI<\/h3>\n\n\n\n<p class=\"wp-block-paragraph\">Tahran y\u00f6netimi, mevcut g\u00f6r\u00fc\u015fmelerde \u00f6nceli\u011fin \u00e7at\u0131\u015fmalar\u0131n sona erdirilmesi oldu\u011funu a\u00e7\u0131klad\u0131. \u0130ran taraf\u0131, n\u00fckleer program\u0131n mevcut m\u00fczakere s\u00fcrecinin d\u0131\u015f\u0131nda tutuldu\u011funu duyurdu.<\/p>\n\n\n\n<p class=\"wp-block-paragraph\">\u0130ran D\u0131\u015fi\u015fleri S\u00f6zc\u00fcs\u00fc Bekayi, haz\u0131rlanan 14 maddelik tasla\u011f\u0131n geni\u015f kapsaml\u0131 bar\u0131\u015f anla\u015fmas\u0131na ge\u00e7i\u015f i\u00e7in ilk \u00e7er\u00e7eve oldu\u011funu s\u00f6yledi.<\/p>\n\n\n\n<p class=\"wp-block-paragraph\">Bekayi, \u201cSon bir haftad\u0131r taraflar\u0131n g\u00f6r\u00fc\u015fleri birbirine yakla\u015f\u0131yor. Nihai anla\u015fman\u0131n 30 ila 60 g\u00fcn i\u00e7inde tamamlanmas\u0131 hedefleniyor\u201d ifadelerini kulland\u0131.<\/p>\n\n\n\n<p class=\"wp-block-paragraph\">M\u00fczakerelerde \u0130ran\u2019\u0131n dondurulan varl\u0131klar\u0131n\u0131n serbest b\u0131rak\u0131lmas\u0131 ve ABD\u2019nin deniz operasyonlar\u0131yla ilgili ba\u015fl\u0131klar\u0131n \u00f6ne \u00e7\u0131kt\u0131\u011f\u0131 belirtildi.<\/p>\n\n\n\n<h3 class=\"wp-block-heading\">PAK\u0130STAN ARABULUCU ROL\u00dc \u00dcSTLEND\u0130<\/h3>\n\n\n\n<p class=\"wp-block-paragraph\">\u0130ran ile ABD aras\u0131ndaki temaslarda Pakistan\u2019\u0131n \u00f6nemli arabulucu rol\u00fc oynad\u0131\u011f\u0131 ortaya \u00e7\u0131kt\u0131. Pakistan Ba\u015fbakan\u0131 \u015eahbaz \u015eerif, Trump\u2019\u0131n bar\u0131\u015f \u00e7abalar\u0131n\u0131 \u00f6verken b\u00f6lgesel liderlerle yap\u0131lan telefon g\u00f6r\u00fc\u015fmelerinin olumlu ge\u00e7ti\u011fini s\u00f6yledi.<\/p>\n\n\n\n<p class=\"wp-block-paragraph\">\u015eerif, Trump\u2019\u0131n T\u00fcrkiye, K\u00f6rfez \u00fclkeleri, M\u0131s\u0131r, \u00dcrd\u00fcn ve Pakistanl\u0131 yetkililerle yapt\u0131\u011f\u0131 g\u00f6r\u00fc\u015fmelerin \u201cbar\u0131\u015f s\u00fcreci a\u00e7\u0131s\u0131ndan verimli\u201d oldu\u011funu belirtti.<\/p>\n\n\n\n<p class=\"wp-block-paragraph\">Pakistan ordusu da \u0130ran\u2019daki temaslar\u0131n \u201colduk\u00e7a yap\u0131c\u0131\u201d ge\u00e7ti\u011fini a\u00e7\u0131klad\u0131.<\/p>\n\n\n\n<h3 class=\"wp-block-heading\">TRUMP\u2019TAN \u0130SRA\u0130L\u2019E TELEFON<\/h3>\n\n\n\n<p class=\"wp-block-paragraph\">Trump ayr\u0131ca \u0130srail Ba\u015fbakan\u0131 Binyamin Netanyahu ile de g\u00f6r\u00fc\u015ft\u00fc\u011f\u00fcn\u00fc a\u00e7\u0131klad\u0131. G\u00f6r\u00fc\u015fmenin olumlu ge\u00e7ti\u011fini belirten Trump, anla\u015fman\u0131n son detaylar\u0131n\u0131n k\u0131sa s\u00fcre i\u00e7inde netle\u015fece\u011fini s\u00f6yledi.<\/p>\n\n\n\n<p class=\"wp-block-paragraph\">Ancak \u0130srail taraf\u0131n\u0131n ge\u00e7ici ate\u015fkes ve yapt\u0131r\u0131mlar\u0131n hafifletilmesine kar\u015f\u0131 temkinli oldu\u011fu ifade edildi. \u0130srail kaynaklar\u0131, \u0130ran\u2019\u0131n zenginle\u015ftirilmi\u015f uranyum stoklar\u0131n\u0131n ve n\u00fckleer program\u0131n\u0131n anla\u015fmada yeterince ele al\u0131nmamas\u0131ndan endi\u015fe duyuyor.<\/p>\n\n\n\n<p class=\"wp-block-paragraph\">Netanyahu\u2019nun geli\u015fmeleri de\u011ferlendirmek \u00fczere g\u00fcvenlik toplant\u0131s\u0131 d\u00fczenleyece\u011fi aktar\u0131ld\u0131.<\/p>\n\n\n\n<h3 class=\"wp-block-heading\">TRUMP: YA ANLA\u015eMA OLUR YA DA HER \u015eEY\u0130 YIKARIZ<\/h3>\n\n\n\n<p class=\"wp-block-paragraph\">Trump, Axios\u2019a verdi\u011fi r\u00f6portajda \u0130ran\u2019la anla\u015fma ihtimalini \u201cy\u00fczde 50-50\u201d olarak de\u011ferlendirdi.<\/p>\n\n\n\n<p class=\"wp-block-paragraph\">ABD Ba\u015fkan\u0131, g\u00f6r\u00fc\u015fmelerin iyi bir anla\u015fmayla sonu\u00e7lanabilece\u011fini ancak ba\u015far\u0131s\u0131zl\u0131k halinde askeri se\u00e7ene\u011fin yeniden masaya gelebilece\u011fini s\u00f6yledi.<\/p>\n\n\n\n<p class=\"wp-block-paragraph\">Trump, \u201cYa iyi bir anla\u015fma olur ya da onlar\u0131 tamamen yok ederiz\u201d ifadelerini kulland\u0131.<\/p>\n\n\n\n<h3 class=\"wp-block-heading\">CUMHUR\u0130YET\u00c7\u0130LERDEN TRUMP\u2019A TEPK\u0130<\/h3>\n\n\n\n<p class=\"wp-block-paragraph\">Trump\u2019\u0131n \u0130ran\u2019la anla\u015fma haz\u0131rl\u0131\u011f\u0131nda oldu\u011fu iddialar\u0131 ABD\u2019de Cumhuriyet\u00e7i kanatta da tart\u0131\u015fma yaratt\u0131.&nbsp;Eski D\u0131\u015fi\u015fleri Bakan\u0131 Mike Pompeo, anla\u015fmay\u0131 Obama d\u00f6nemindeki \u0130ran anla\u015fmalar\u0131na benzeterek sert ele\u015ftiriler y\u00f6neltti. Pompeo, \u201cBu yakla\u015f\u0131m Amerika \u00d6nce politikas\u0131yla uzaktan yak\u0131ndan ilgili de\u011fil\u201d dedi.<\/p>\n\n\n\n<p class=\"wp-block-paragraph\">Beyaz Saray \u0130leti\u015fim Direkt\u00f6r\u00fc Steven Cheung ise Pompeo\u2019ya sert s\u00f6zlerle kar\u015f\u0131l\u0131k verdi.&nbsp;Cumhuriyet\u00e7i senat\u00f6rler Lindsey Graham ve Roger Wicker da \u0130ran\u2019\u0131n b\u00f6lgede g\u00fc\u00e7 kazanabilece\u011fi uyar\u0131s\u0131nda bulundu.&nbsp;Graham, \u0130ran\u2019\u0131n H\u00fcrm\u00fcz Bo\u011faz\u0131 \u00fczerindeki etkisinin b\u00f6lgedeki g\u00fc\u00e7 dengesini de\u011fi\u015ftirebilece\u011fini savunurken, Wicker ise Trump\u2019\u0131n bu s\u00fcre\u00e7te verece\u011fi karar\u0131n siyasi miras\u0131n\u0131 belirleyece\u011fini s\u00f6yledi.<\/p>\n\n\n\n<h3 class=\"wp-block-heading\">\u0130RAN\u2019DAN ABD\u2019YE G\u00d6ZDA\u011eI<\/h3>\n\n\n\n<p class=\"wp-block-paragraph\">\u0130ran Meclis Ba\u015fkan\u0131 ve ba\u015fm\u00fczakereci Muhammed Bak\u0131r Galibaf ise ABD\u2019ye sert mesaj verdi.&nbsp;Galibaf, \u201cTrump sava\u015f\u0131 yeniden ba\u015flatma hatas\u0131 yaparsa sonu\u00e7 Amerika i\u00e7in ilk g\u00fcnden \u00e7ok daha y\u0131k\u0131c\u0131 olur\u201d dedi.&nbsp;\u0130ranl\u0131 yetkili ayr\u0131ca ate\u015fkes s\u00fcrecinde \u0130ran ordusunun yeniden organize oldu\u011funu ve \u00fclkenin geri ad\u0131m atmayaca\u011f\u0131n\u0131 s\u00f6yledi.<\/p>\n","protected":false},"excerpt":{"rendered":"<p>ABD Ba\u015fkan\u0131 Trump, \u0130ran ile kapsaml\u0131 bar\u0131\u015f anla\u015fmas\u0131n\u0131n haz\u0131rland\u0131\u011f\u0131n\u0131 ve H\u00fcrm\u00fcz Bo\u011faz\u0131\u2019n\u0131n yeniden a\u00e7\u0131laca\u011f\u0131n\u0131 a\u00e7\u0131klad\u0131.<\/p>\n","protected":false},"author":1,"featured_media":2195,"comment_status":"open","ping_status":"open","sticky":false,"template":"","format":"standard","meta":{"_rtcl_gb_attr":"","footnotes":""},"categories":[65],"tags":[],"class_list":["post-2194","post","type-post","status-publish","format-standard","has-post-thumbnail","hentry","category-dunya"],"_links":{"self":[{"href":"https:\/\/turkiyemhaber.com\/index.php?rest_route=\/wp\/v2\/posts\/2194","targetHints":{"allow":["GET"]}}],"collection":[{"href":"https:\/\/turkiyemhaber.com\/index.php?rest_route=\/wp\/v2\/posts"}],"about":[{"href":"https:\/\/turkiyemhaber.com\/index.php?rest_route=\/wp\/v2\/types\/post"}],"author":[{"embeddable":true,"href":"https:\/\/turkiyemhaber.com\/index.php?rest_route=\/wp\/v2\/users\/1"}],"replies":[{"embeddable":true,"href":"https:\/\/turkiyemhaber.com\/index.php?rest_route=%2Fwp%2Fv2%2Fcomments&post=2194"}],"version-history":[{"count":1,"href":"https:\/\/turkiyemhaber.com\/index.php?rest_route=\/wp\/v2\/posts\/2194\/revisions"}],"predecessor-version":[{"id":2196,"href":"https:\/\/turkiyemhaber.com\/index.php?rest_route=\/wp\/v2\/posts\/2194\/revisions\/2196"}],"wp:featuredmedia":[{"embeddable":true,"href":"https:\/\/turkiyemhaber.com\/index.php?rest_route=\/wp\/v2\/media\/2195"}],"wp:attachment":[{"href":"https:\/\/turkiyemhaber.com\/index.php?rest_route=%2Fwp%2Fv2%2Fmedia&parent=2194"}],"wp:term":[{"taxonomy":"category","embeddable":true,"href":"https:\/\/turkiyemhaber.com\/index.php?rest_route=%2Fwp%2Fv2%2Fcategories&post=2194"},{"taxonomy":"post_tag","embeddable":true,"href":"https:\/\/turkiyemhaber.com\/index.php?rest_route=%2Fwp%2Fv2%2Ftags&post=2194"}],"curies":[{"name":"wp","href":"https:\/\/api.w.org\/{rel}","templated":true}]}}