{"id":2191,"date":"2026-05-24T06:52:07","date_gmt":"2026-05-24T06:52:07","guid":{"rendered":"https:\/\/turkiyemhaber.com\/?p=2191"},"modified":"2026-05-24T06:52:12","modified_gmt":"2026-05-24T06:52:12","slug":"putin-misilleme-emri-verdi-baskent-kiev-oresnik-fuzeleriyle-yerle-bir-edildi","status":"publish","type":"post","link":"https:\/\/turkiyemhaber.com\/?p=2191","title":{"rendered":"Putin misilleme emri verdi, ba\u015fkent Kiev Ore\u015fnik f\u00fczeleriyle yerle bir edildi"},"content":{"rendered":"\n<p class=\"wp-block-paragraph\">Rusya Devlet Ba\u015fkan\u0131 Vladimir Putin\u2019in misilleme emri sonras\u0131 Ukrayna\u2019n\u0131n ba\u015fkenti Kiev\u2019de gece boyunca patlamalar ya\u015fand\u0131. Rusya\u2019n\u0131n Ore\u015fnik tipi balistik f\u00fcze kulland\u0131\u011f\u0131 sald\u0131r\u0131larda en az 1 ki\u015fi \u00f6ld\u00fc, 21 ki\u015fi yaraland\u0131. Ukrayna, ABD ve Avrupa\u2019dan sald\u0131r\u0131 istihbarat\u0131 ald\u0131klar\u0131n\u0131 a\u00e7\u0131klad\u0131. Kiev y\u00f6netimi ayr\u0131ca Rusya\u2019n\u0131n askeri tesisleri ve drone merkezlerine uzun menzilli sald\u0131r\u0131lar d\u00fczenlediklerini duyurdu. Gerilim sonras\u0131 b\u00f6lgede sava\u015f\u0131n daha da b\u00fcy\u00fcmesinden endi\u015fe ediliyor.<\/p>\n\n\n\n<p class=\"wp-block-paragraph\"><a href=\"https:\/\/www.sondakika.com\/rusya\/\">Rusya<\/a>&nbsp;Devlet Ba\u015fkan\u0131 Vladimir Putin\u2019in Ukrayna\u2019ya y\u00f6nelik misilleme emri vermesinin ard\u0131ndan Ukrayna\u2019n\u0131n ba\u015fkenti Kiev\u2019de gece boyunca patlamalar ya\u015fand\u0131. ABD ve Ukrayna makamlar\u0131n\u0131n Rusya\u2019n\u0131n olas\u0131 f\u00fcze sald\u0131r\u0131s\u0131na kar\u015f\u0131 uyar\u0131da bulunmas\u0131n\u0131n ard\u0131ndan ba\u015flayan sald\u0131r\u0131larda en az 1 ki\u015fi hayat\u0131n\u0131 kaybetti, 20\u2019den fazla ki\u015fi yaraland\u0131.<\/p>\n\n\n\n<h3 class=\"wp-block-heading\">K\u0130EV GECE BOYUNCA HEDEF OLDU<\/h3>\n\n\n\n<p class=\"wp-block-paragraph\">Kiev Belediye Ba\u015fkan\u0131 Vitali Kli\u00e7ko, sald\u0131r\u0131larda konutlar, \u00f6\u011frenci yurdu, ara\u00e7 servis merkezi ve al\u0131\u015fveri\u015f merkezinin vuruldu\u011funu a\u00e7\u0131klad\u0131.<\/p>\n\n\n\n<p class=\"wp-block-paragraph\">Kli\u00e7ko, yaral\u0131 say\u0131s\u0131n\u0131n 21\u2019e y\u00fckseldi\u011fini, yaralananlar aras\u0131nda 15 ya\u015f\u0131nda bir \u00e7ocu\u011fun da bulundu\u011funu duyurdu. Yaral\u0131lardan \u00fc\u00e7\u00fcn\u00fcn durumunun a\u011f\u0131r oldu\u011fu belirtildi.<\/p>\n\n\n\n<p class=\"wp-block-paragraph\">13 ki\u015finin hastaneye kald\u0131r\u0131ld\u0131\u011f\u0131, 8 ki\u015finin ise olay yerinde tedavi edildi\u011fi aktar\u0131ld\u0131.<\/p>\n\n\n\n<figure class=\"wp-block-image\"><img decoding=\"async\" src=\"https:\/\/foto.sondakika.com\/haber\/2026\/05\/24\/putin-misilleme-emri-verdi-bas-19877323-2188_1_m.jpg\" alt=\"Putin misilleme emri verdi, ba\u015fkent Kiev Ore\u015fnik f\u00fczeleriyle yerle bir edildi\"\/><\/figure>\n\n\n\n<h3 class=\"wp-block-heading\">UKRAYNA: ORE\u015eN\u0130K F\u00dcZES\u0130 FIRLATILDI<\/h3>\n\n\n\n<p class=\"wp-block-paragraph\">Ukrayna Hava Kuvvetleri, gece saatlerinde yapt\u0131\u011f\u0131 a\u00e7\u0131klamada Rusya\u2019n\u0131n \u201cOre\u015fnik\u201d tipi orta menzilli balistik f\u00fcze f\u0131rlatt\u0131\u011f\u0131n\u0131 duyurdu.<\/p>\n\n\n\n<p class=\"wp-block-paragraph\">Kiev Askeri \u0130daresi Ba\u015fkan\u0131 Timur Tka\u00e7enko ise ba\u015fkentin \u201cyo\u011fun balistik f\u00fcze sald\u0131r\u0131s\u0131\u201d alt\u0131nda oldu\u011funu belirterek vatanda\u015flara s\u0131\u011f\u0131naklardan \u00e7\u0131kmamalar\u0131 \u00e7a\u011fr\u0131s\u0131 yapt\u0131.<\/p>\n\n\n\n<p class=\"wp-block-paragraph\">Ukrayna Devlet Ba\u015fkan\u0131 Volodimir Zelenskiy de g\u00fcn i\u00e7inde yapt\u0131\u011f\u0131 a\u00e7\u0131klamada Rusya\u2019n\u0131n Ore\u015fnik f\u00fczesi kullanmaya haz\u0131rland\u0131\u011f\u0131na dair ABD ve Avrupa\u2019dan istihbarat ald\u0131klar\u0131n\u0131 s\u00f6yledi.<\/p>\n\n\n\n<p class=\"wp-block-paragraph\">Zelenskiy, \u201cRusya\u2019n\u0131n Ore\u015fnik sald\u0131r\u0131s\u0131na haz\u0131rland\u0131\u011f\u0131 y\u00f6n\u00fcnde bilgiler geliyor.&nbsp;<a href=\"https:\/\/www.sondakika.com\/dunya\/\">D\u00fcnya<\/a>&nbsp;bu kez sald\u0131r\u0131dan sonra de\u011fil, sald\u0131r\u0131 olmadan \u00f6nce tepki vermeli\u201d ifadelerini kulland\u0131.<\/p>\n\n\n\n<h3 class=\"wp-block-heading\">ABD B\u00dcY\u00dcKEL\u00c7\u0130L\u0130\u011e\u0130NDEN KR\u0130T\u0130K UYARI<\/h3>\n\n\n\n<p class=\"wp-block-paragraph\">ABD D\u0131\u015fi\u015fleri Bakanl\u0131\u011f\u0131 da Kiev B\u00fcy\u00fckel\u00e7ili\u011fi\u2019nin \u201c\u00f6n\u00fcm\u00fczdeki saatlerde herhangi bir anda f\u00fcze sald\u0131r\u0131s\u0131 ger\u00e7ekle\u015febilece\u011fi\u201d y\u00f6n\u00fcnde bilgi ald\u0131\u011f\u0131n\u0131 a\u00e7\u0131klad\u0131.&nbsp;Sald\u0131r\u0131 ihtimali nedeniyle Kiev\u2019de g\u00fcvenlik \u00f6nlemleri art\u0131r\u0131ld\u0131.<\/p>\n\n\n\n<figure class=\"wp-block-image\"><img decoding=\"async\" src=\"https:\/\/foto.sondakika.com\/haber\/2026\/05\/24\/putin-misilleme-emri-verdi-bas-19877323-3161_1_m.jpg\" alt=\"Putin misilleme emri verdi, ba\u015fkent Kiev Ore\u015fnik f\u00fczeleriyle yerle bir edildi\"\/><\/figure>\n\n\n\n<h3 class=\"wp-block-heading\">PUT\u0130N: TER\u00d6R SALDIRISINA CEVAP VER\u0130N<\/h3>\n\n\n\n<p class=\"wp-block-paragraph\">Rusya Devlet Ba\u015fkan\u0131 Vladimir Putin, Ukrayna\u2019n\u0131n cuma g\u00fcn\u00fc Rus i\u015fgali alt\u0131ndaki Luhansk b\u00f6lgesindeki Starobilsk kentinde bulunan bir \u00f6\u011frenci yurdunu insans\u0131z hava ara\u00e7lar\u0131yla vurdu\u011funu \u00f6ne s\u00fcrd\u00fc.<\/p>\n\n\n\n<p class=\"wp-block-paragraph\">Putin sald\u0131r\u0131y\u0131 \u201cter\u00f6r eylemi\u201d olarak nitelendirirken, Rus Savunma Bakanl\u0131\u011f\u0131\u2019na misilleme se\u00e7enekleri haz\u0131rlama talimat\u0131 verdi.<\/p>\n\n\n\n<p class=\"wp-block-paragraph\">Rus haber ajans\u0131 TASS, sald\u0131r\u0131da hayat\u0131n\u0131 kaybeden \u00e7ocuk say\u0131s\u0131n\u0131n 18\u2019e y\u00fckseldi\u011fini, enkaz alt\u0131nda kalan ki\u015filerin bulundu\u011funu duyurdu.<\/p>\n\n\n\n<h3 class=\"wp-block-heading\">UKRAYNA SU\u00c7LAMALARI REDDETT\u0130<\/h3>\n\n\n\n<p class=\"wp-block-paragraph\">Ukrayna ordusu ise Rusya\u2019n\u0131n iddialar\u0131n\u0131 reddederek sald\u0131r\u0131n\u0131n askeri hedeflere y\u00f6nelik ger\u00e7ekle\u015ftirildi\u011fini a\u00e7\u0131klad\u0131.<\/p>\n\n\n\n<p class=\"wp-block-paragraph\">Kiev y\u00f6netimi, Starobilsk b\u00f6lgesinde vurulan noktalardan birinin Rusya\u2019n\u0131n \u201cRubicon\u201d adl\u0131 insans\u0131z hava arac\u0131 biriminin karargah\u0131 oldu\u011funu duyurdu.<\/p>\n\n\n\n<p class=\"wp-block-paragraph\">Rusya\u2019n\u0131n geli\u015fmi\u015f drone teknolojileri \u00fczerinde \u00e7al\u0131\u015fan Rubicon Merkezi\u2019nin 2024 y\u0131l\u0131nda kuruldu\u011fu belirtildi.<\/p>\n\n\n\n<h3 class=\"wp-block-heading\">UKRAYNA\u2019DAN RUSYA \u0130\u00c7LER\u0130NE DER\u0130N SALDIRILAR<\/h3>\n\n\n\n<p class=\"wp-block-paragraph\">Ukrayna son haftalarda Rusya\u2019n\u0131n askeri altyap\u0131s\u0131na y\u00f6nelik uzun menzilli \u0130HA sald\u0131r\u0131lar\u0131n\u0131 art\u0131rd\u0131.&nbsp;Ukrayna \u0130nsans\u0131z Sistemler Kuvvetleri Komutan\u0131 Robert Brovdi, \u00e7ar\u015famba gecesi i\u015fgal alt\u0131ndaki Sniijne kentinde bulunan Rus drone pilot e\u011fitim kamp\u0131na d\u00fczenlenen sald\u0131r\u0131da en az 65 kursiyer ve bir e\u011fitmenin \u00f6ld\u00fc\u011f\u00fcn\u00fc a\u00e7\u0131klad\u0131.&nbsp;Brovdi, sald\u0131r\u0131da drone ve patlay\u0131c\u0131lar\u0131n bulundu\u011fu 2 bin 484 metrekarelik kompleksin hedef al\u0131nd\u0131\u011f\u0131n\u0131 s\u00f6yledi.&nbsp;Sosyal medyada payla\u015f\u0131lan g\u00f6r\u00fcnt\u00fclerde b\u00f6lgede b\u00fcy\u00fck yang\u0131n \u00e7\u0131kt\u0131\u011f\u0131 g\u00f6r\u00fcld\u00fc.<\/p>\n\n\n\n<figure class=\"wp-block-image\"><img decoding=\"async\" src=\"https:\/\/foto.sondakika.com\/haber\/2026\/05\/24\/putin-misilleme-emri-verdi-bas-19877323-3718_1_m.jpg\" alt=\"Putin misilleme emri verdi, ba\u015fkent Kiev Ore\u015fnik f\u00fczeleriyle yerle bir edildi\"\/><\/figure>\n\n\n\n<h3 class=\"wp-block-heading\">ZELENSK\u0130Y: RUSYA\u2019NIN ASKER\u0130 TES\u0130S\u0130N\u0130 VURDUK<\/h3>\n\n\n\n<p class=\"wp-block-paragraph\">Zelenskiy ayr\u0131ca Rusya\u2019n\u0131n Perm b\u00f6lgesinde bulunan ve Rus ordusuna \u00fcretim yapan kimyasal tesisin vuruldu\u011funu a\u00e7\u0131klad\u0131.&nbsp;S\u00f6z konusu tesisin Ukrayna s\u0131n\u0131r\u0131na yakla\u015f\u0131k 1700 kilometre uzakl\u0131kta oldu\u011fu belirtildi.&nbsp;Ukrayna lideri, sald\u0131r\u0131ya ili\u015fkin g\u00f6r\u00fcnt\u00fcler payla\u015farak tesisten yo\u011fun duman y\u00fckseldi\u011fini \u00f6ne s\u00fcrd\u00fc.<\/p>\n\n\n\n<h3 class=\"wp-block-heading\">RUSYA-UKRAYNA HATTINDA GER\u0130L\u0130M TIRMANIYOR<\/h3>\n\n\n\n<p class=\"wp-block-paragraph\">Son sald\u0131r\u0131larla birlikte Rusya-Ukrayna sava\u015f\u0131nda tansiyon yeniden y\u00fckseldi. Moskova\u2019n\u0131n Ore\u015fnik tipi f\u00fcze tehdidi ve Ukrayna\u2019n\u0131n Rusya i\u00e7lerine d\u00fczenledi\u011fi uzun menzilli sald\u0131r\u0131lar, sava\u015f\u0131n daha geni\u015f bir alana yay\u0131labilece\u011fi endi\u015felerini art\u0131rd\u0131.<\/p>\n","protected":false},"excerpt":{"rendered":"<p>Rusya Devlet Ba\u015fkan\u0131 Vladimir Putin\u2019in misilleme emri sonras\u0131 Ukrayna\u2019n\u0131n ba\u015fkenti Kiev\u2019de gece boyunca patlamalar ya\u015fand\u0131.<\/p>\n","protected":false},"author":1,"featured_media":2192,"comment_status":"open","ping_status":"open","sticky":false,"template":"","format":"standard","meta":{"_rtcl_gb_attr":"","footnotes":""},"categories":[65],"tags":[],"class_list":["post-2191","post","type-post","status-publish","format-standard","has-post-thumbnail","hentry","category-dunya"],"_links":{"self":[{"href":"https:\/\/turkiyemhaber.com\/index.php?rest_route=\/wp\/v2\/posts\/2191","targetHints":{"allow":["GET"]}}],"collection":[{"href":"https:\/\/turkiyemhaber.com\/index.php?rest_route=\/wp\/v2\/posts"}],"about":[{"href":"https:\/\/turkiyemhaber.com\/index.php?rest_route=\/wp\/v2\/types\/post"}],"author":[{"embeddable":true,"href":"https:\/\/turkiyemhaber.com\/index.php?rest_route=\/wp\/v2\/users\/1"}],"replies":[{"embeddable":true,"href":"https:\/\/turkiyemhaber.com\/index.php?rest_route=%2Fwp%2Fv2%2Fcomments&post=2191"}],"version-history":[{"count":1,"href":"https:\/\/turkiyemhaber.com\/index.php?rest_route=\/wp\/v2\/posts\/2191\/revisions"}],"predecessor-version":[{"id":2193,"href":"https:\/\/turkiyemhaber.com\/index.php?rest_route=\/wp\/v2\/posts\/2191\/revisions\/2193"}],"wp:featuredmedia":[{"embeddable":true,"href":"https:\/\/turkiyemhaber.com\/index.php?rest_route=\/wp\/v2\/media\/2192"}],"wp:attachment":[{"href":"https:\/\/turkiyemhaber.com\/index.php?rest_route=%2Fwp%2Fv2%2Fmedia&parent=2191"}],"wp:term":[{"taxonomy":"category","embeddable":true,"href":"https:\/\/turkiyemhaber.com\/index.php?rest_route=%2Fwp%2Fv2%2Fcategories&post=2191"},{"taxonomy":"post_tag","embeddable":true,"href":"https:\/\/turkiyemhaber.com\/index.php?rest_route=%2Fwp%2Fv2%2Ftags&post=2191"}],"curies":[{"name":"wp","href":"https:\/\/api.w.org\/{rel}","templated":true}]}}