{"id":2188,"date":"2026-05-24T06:44:11","date_gmt":"2026-05-24T06:44:11","guid":{"rendered":"https:\/\/turkiyemhaber.com\/?p=2188"},"modified":"2026-05-24T06:44:15","modified_gmt":"2026-05-24T06:44:15","slug":"chp-genel-merkezinde-tahliye-gerginligi-buyuk-arbede-yasandi","status":"publish","type":"post","link":"https:\/\/turkiyemhaber.com\/?p=2188","title":{"rendered":"CHP Genel Merkezi&#8217;nde tahliye gerginli\u011fi! B\u00fcy\u00fck arbede ya\u015fand\u0131"},"content":{"rendered":"\n<p class=\"wp-block-paragraph\">CHP Genel merkezinde tahliye karar\u0131 tebli\u011f edilece\u011fi haberlerinin ard\u0131ndan K\u0131l\u0131\u00e7daro\u011flu destek\u00e7ileri ile genel merkezde n\u00f6bet tutanlar aras\u0131nda b\u00fcy\u00fck bir arbede ya\u015fand\u0131.<\/p>\n\n\n\n<p class=\"wp-block-paragraph\">\u0130stinaf\u0131n CHP Kurultay\u0131&#8217;na y\u00f6nelik mutlak butlan karar\u0131n\u0131 vermesinin ard\u0131ndan s\u00fcren hareketlilik gece yar\u0131s\u0131nda&nbsp;<a href=\"https:\/\/www.sondakika.com\/kemal-kilicdaroglu\/\">Kemal K\u0131l\u0131\u00e7daro\u011flu<\/a>&#8216;nun parti genel merkezine y\u00f6nelik tahliye talebinde bulundu\u011fu iddias\u0131n\u0131n CHP Genel Merkezi y\u00f6neticilerine ula\u015fmas\u0131n\u0131n ard\u0131ndan artt\u0131.<\/p>\n\n\n\n<p class=\"wp-block-paragraph\">CHP y\u00f6netimi parti y\u00f6neticilerini Genel Merkez&#8217;e \u00e7a\u011f\u0131r\u0131rken, CHP Ankara \u0130l Ba\u015fkanl\u0131\u011f\u0131 taraf\u0131ndan yap\u0131lan \u00e7a\u011fr\u0131da da &#8220;Partimize sahip \u00e7\u0131kmak i\u00e7in \u015fimdi birlik zaman\u0131&#8221; denilerek \u00fcyelerin ve yurtta\u015flar\u0131n Genel Merkez&#8217;e gelmesi talep edildi.<\/p>\n\n\n\n<figure class=\"wp-block-image\"><img decoding=\"async\" src=\"https:\/\/foto.sondakika.com\/haber\/2026\/05\/24\/chp-genel-merkezinde-tahliye-g-19877326-4952_1_m.jpg\" alt=\"CHP Genel Merkezi'nde tahliye gerginli\u011fi! B\u00fcy\u00fck arbede ya\u015fand\u0131\"\/><\/figure>\n\n\n\n<h3 class=\"wp-block-heading\">POL\u0130S SAYISI ARTTI<\/h3>\n\n\n\n<p class=\"wp-block-paragraph\">Genel Merkez etraf\u0131ndaki polis say\u0131s\u0131 art\u0131r\u0131l\u0131rken, parti otob\u00fcsleri Genel Merkez bah\u00e7esine \u00e7ekildi.&nbsp;N\u00f6bet\u00e7i olanlar d\u0131\u015f\u0131ndaki CHP Milletvekilleri ve parti y\u00f6neticileri de Genel Merkez&#8217;e gelerek beklemeye ba\u015flad\u0131.<\/p>\n\n\n\n<figure class=\"wp-block-image\"><img decoding=\"async\" src=\"https:\/\/foto.sondakika.com\/haber\/2026\/05\/24\/chp-genel-merkezinde-tahliye-g-19877326-9460_2_m.jpg\" alt=\"CHP Genel Merkezi'nde tahliye gerginli\u011fi! B\u00fcy\u00fck arbede ya\u015fand\u0131\"\/><\/figure>\n\n\n\n<h3 class=\"wp-block-heading\">SABAH SAATLER\u0130NDE DE BEKLEY\u0130\u015e S\u00dcR\u00dcYOR<\/h3>\n\n\n\n<p class=\"wp-block-paragraph\">Partililer, CHP milletvekilleri, Parti Meclisi \u00fcyeleri ile il ve il\u00e7e ba\u015fkanlar\u0131 da sabah itibar\u0131yla da CHP Genel Merkezi \u00f6n\u00fcndeki bekleyi\u015fini s\u00fcrd\u00fcr\u00fcyor.<\/p>\n\n\n\n<figure class=\"wp-block-image\"><img decoding=\"async\" src=\"https:\/\/foto.sondakika.com\/haber\/2026\/05\/24\/chp-genel-merkezinde-tahliye-g-19877326-9178_1_m.jpg\" alt=\"CHP Genel Merkezi'nde tahliye gerginli\u011fi! B\u00fcy\u00fck arbede ya\u015fand\u0131\"\/><\/figure>\n\n\n\n<h3 class=\"wp-block-heading\">ARBEDE \u00c7IKTI<\/h3>\n\n\n\n<p class=\"wp-block-paragraph\">Genel Merkez&#8217;in \u00f6n\u00fcne gelen K\u0131l\u0131\u00e7daro\u011flu\u2019na yak\u0131n partililer ile genel merkezde n\u00f6bet tutan partililer aras\u0131nda tart\u0131\u015fma ya\u015fand\u0131.&nbsp;K\u0131sa s\u00fcrede kavgaya d\u00f6n\u00fc\u015fen tart\u0131\u015fmada partililer K\u0131l\u0131\u00e7daro\u011flu\u2019na yak\u0131n oldu\u011fu belirtilen partilileri genel merkezden uzakla\u015ft\u0131rd\u0131.<\/p>\n\n\n\n<figure class=\"wp-block-image\"><img decoding=\"async\" src=\"https:\/\/foto.sondakika.com\/haber\/2026\/05\/24\/chp-genel-merkezinde-tahliye-g-19877326-4464_1_m.jpg\" alt=\"CHP Genel Merkezi'nde tahliye gerginli\u011fi! B\u00fcy\u00fck arbede ya\u015fand\u0131\"\/><\/figure>\n\n\n\n<h3 class=\"wp-block-heading\">GER\u0130L\u0130M\u0130 CHP&#8217;L\u0130 VEK\u0130LLER D\u00dc\u015e\u00dcRD\u00dc<\/h3>\n\n\n\n<p class=\"wp-block-paragraph\">Y\u00fckselen tansiyon sonras\u0131 Suat \u00d6z\u00e7a\u011fda\u015f, Seyit Torun, Aylin Nazl\u0131aka gibi isimler araya girerek gerginli\u011fi da\u011f\u0131tt\u0131. Partililerin i\u00e7eri girmesi \u00e7a\u011fr\u0131s\u0131 yap\u0131ld\u0131.<\/p>\n","protected":false},"excerpt":{"rendered":"<p>CHP Genel merkezinde tahliye karar\u0131 tebli\u011f edilece\u011fi haberlerinin ard\u0131ndan K\u0131l\u0131\u00e7daro\u011flu destek\u00e7ileri ile genel merkezde n\u00f6bet<\/p>\n","protected":false},"author":1,"featured_media":2189,"comment_status":"open","ping_status":"open","sticky":false,"template":"","format":"standard","meta":{"_rtcl_gb_attr":"","footnotes":""},"categories":[44],"tags":[],"class_list":["post-2188","post","type-post","status-publish","format-standard","has-post-thumbnail","hentry","category-politika"],"_links":{"self":[{"href":"https:\/\/turkiyemhaber.com\/index.php?rest_route=\/wp\/v2\/posts\/2188","targetHints":{"allow":["GET"]}}],"collection":[{"href":"https:\/\/turkiyemhaber.com\/index.php?rest_route=\/wp\/v2\/posts"}],"about":[{"href":"https:\/\/turkiyemhaber.com\/index.php?rest_route=\/wp\/v2\/types\/post"}],"author":[{"embeddable":true,"href":"https:\/\/turkiyemhaber.com\/index.php?rest_route=\/wp\/v2\/users\/1"}],"replies":[{"embeddable":true,"href":"https:\/\/turkiyemhaber.com\/index.php?rest_route=%2Fwp%2Fv2%2Fcomments&post=2188"}],"version-history":[{"count":1,"href":"https:\/\/turkiyemhaber.com\/index.php?rest_route=\/wp\/v2\/posts\/2188\/revisions"}],"predecessor-version":[{"id":2190,"href":"https:\/\/turkiyemhaber.com\/index.php?rest_route=\/wp\/v2\/posts\/2188\/revisions\/2190"}],"wp:featuredmedia":[{"embeddable":true,"href":"https:\/\/turkiyemhaber.com\/index.php?rest_route=\/wp\/v2\/media\/2189"}],"wp:attachment":[{"href":"https:\/\/turkiyemhaber.com\/index.php?rest_route=%2Fwp%2Fv2%2Fmedia&parent=2188"}],"wp:term":[{"taxonomy":"category","embeddable":true,"href":"https:\/\/turkiyemhaber.com\/index.php?rest_route=%2Fwp%2Fv2%2Fcategories&post=2188"},{"taxonomy":"post_tag","embeddable":true,"href":"https:\/\/turkiyemhaber.com\/index.php?rest_route=%2Fwp%2Fv2%2Ftags&post=2188"}],"curies":[{"name":"wp","href":"https:\/\/api.w.org\/{rel}","templated":true}]}}