{"id":2185,"date":"2026-05-24T06:38:16","date_gmt":"2026-05-24T06:38:16","guid":{"rendered":"https:\/\/turkiyemhaber.com\/?p=2185"},"modified":"2026-05-24T06:38:21","modified_gmt":"2026-05-24T06:38:21","slug":"kulisleri-karistiran-iddia-kilicdaroglu-ozelden-4-vekilin-ihrac-edilmesini-istedi","status":"publish","type":"post","link":"https:\/\/turkiyemhaber.com\/?p=2185","title":{"rendered":"Kulisleri kar\u0131\u015ft\u0131ran iddia: K\u0131l\u0131\u00e7daro\u011flu, \u00d6zel\u2019den 4 vekilin ihra\u00e7 edilmesini istedi"},"content":{"rendered":"\n<p class=\"wp-block-paragraph\">CHP\u2019de mutlak butlan tart\u0131\u015fmalar\u0131 sonras\u0131 kriz derinle\u015fti. Kemal K\u0131l\u0131\u00e7daro\u011flu\u2019nun, kurultay\u0131n yap\u0131labilmesi i\u00e7in CHP Grup Ba\u015fkanvekili Ali Mahir Ba\u015far\u0131r, CHP Genel Ba\u015fkan Yard\u0131mc\u0131s\u0131 ve Adana Milletvekili Burhanettin Bulut, Malatya Milletvekili Veli A\u011fbaba ile Ankara Milletvekili Umut Akdo\u011fan\u2019\u0131n partiden uzakla\u015ft\u0131r\u0131lmas\u0131n\u0131 ya da istifa ettirilmesini istedi\u011fi \u00f6ne s\u00fcr\u00fcld\u00fc. \u0130ddiaya g\u00f6re \u00d6zg\u00fcr \u00d6zel bu talebe \u201chay\u0131r\u201d yan\u0131t\u0131 verdi.<\/p>\n\n\n\n<p class=\"wp-block-paragraph\">Mutlak butlan tart\u0131\u015fmalar\u0131 sonras\u0131 CHP\u2019de ya\u015fanan gerilim giderek b\u00fcy\u00fcyor. Kemal K\u0131l\u0131\u00e7daro\u011flu\u2019nun,&nbsp;<a href=\"https:\/\/www.sondakika.com\/ozgur-ozel\/\">\u00d6zg\u00fcr \u00d6zel<\/a>&nbsp;ile \u00f6nceki g\u00fcn yapt\u0131\u011f\u0131 g\u00f6r\u00fc\u015fmede kurultay\u0131n toplanabilmesi i\u00e7in dikkat \u00e7eken bir \u015fart \u00f6ne s\u00fcrd\u00fc\u011f\u00fc iddia edildi.<\/p>\n\n\n\n<h3 class=\"wp-block-heading\">KILI\u00c7DARO\u011eLU\u2019NDAN 4 VEK\u0130L \u015eARTI<\/h3>\n\n\n\n<p class=\"wp-block-paragraph\">K\u0131l\u0131\u00e7daro\u011flu\u2019nun, \u00d6zel\u2019e yak\u0131nl\u0131\u011f\u0131yla bilinen 4 milletvekilinin partiden uzakla\u015ft\u0131r\u0131lmas\u0131n\u0131 ya da istifa ettirilmesini istedi\u011fi \u00f6ne s\u00fcr\u00fcld\u00fc.<\/p>\n\n\n\n<p class=\"wp-block-paragraph\">\u0130ddiaya g\u00f6re s\u00f6z konusu isimler CHP Grup Ba\u015fkanvekili&nbsp;<a href=\"https:\/\/www.sondakika.com\/ali-mahir-basarir\/\">Ali Mahir Ba\u015far\u0131r<\/a>, CHP Genel Ba\u015fkan Yard\u0131mc\u0131s\u0131&nbsp;<a href=\"https:\/\/www.sondakika.com\/burhanettin-bulut\/\">Burhanettin Bulut<\/a>, CHP Malatya Milletvekili&nbsp;<a href=\"https:\/\/www.sondakika.com\/veli-agbaba\/\">Veli A\u011fbaba<\/a>&nbsp;ve CHP Ankara Milletvekili&nbsp;<a href=\"https:\/\/www.sondakika.com\/umut-akdogan\/\">Umut Akdo\u011fan<\/a>&nbsp;oldu.<\/p>\n\n\n\n<h3 class=\"wp-block-heading\">\u00d6ZG\u00dcR \u00d6ZEL\u2019DEN \u201cHAYIR\u201d YANITI<\/h3>\n\n\n\n<p class=\"wp-block-paragraph\">\u00d6zg\u00fcr \u00d6zel\u2019in ise K\u0131l\u0131\u00e7daro\u011flu\u2019nun talebine olumlu yakla\u015fmad\u0131\u011f\u0131 belirtildi. Nefes gazetesindeki habere g\u00f6re; g\u00f6r\u00fc\u015fmede \u00d6zel\u2019in, s\u00f6z konusu iste\u011fe \u201chay\u0131r\u201d yan\u0131t\u0131 verdi\u011fi iddia edildi.<\/p>\n\n\n\n<h3 class=\"wp-block-heading\">\u201cKURULTAY \u0130\u00c7\u0130N \u00d6N \u015eART\u201d \u0130DD\u0130ASI<\/h3>\n\n\n\n<p class=\"wp-block-paragraph\">K\u0131l\u0131\u00e7daro\u011flu cephesinden aktar\u0131lan bilgilere g\u00f6re, CHP\u2019nin erken tarihte kurultaya gidebilmesi i\u00e7in bu isimlerin partiden uzakla\u015ft\u0131r\u0131lmas\u0131 \u00f6n \u015fart olarak g\u00fcndeme getirildi.<\/p>\n\n\n\n<p class=\"wp-block-paragraph\">K\u0131l\u0131\u00e7daro\u011flu\u2019na yak\u0131n baz\u0131 milletvekilleri ise \u00d6zg\u00fcr \u00d6zel\u2019in grup ba\u015fkan\u0131 olmas\u0131 nedeniyle gerekli ad\u0131mlar\u0131 atabilecek yetkiye sahip oldu\u011funu savundu.<\/p>\n\n\n\n<h3 class=\"wp-block-heading\">D\u0130S\u0130PL\u0130N KURULU \u00c7A\u011eRISI<\/h3>\n\n\n\n<p class=\"wp-block-paragraph\">K\u0131l\u0131\u00e7daro\u011flu\u2019na yak\u0131n isimler, s\u00f6z konusu milletvekillerinin disiplin kuruluna sevk edilmesi gerekti\u011fini dile getirdi.<\/p>\n\n\n\n<p class=\"wp-block-paragraph\">Baz\u0131 parti kaynaklar\u0131, ihra\u00e7 s\u00fcrecinin ba\u015flat\u0131lmas\u0131n\u0131n kurultay s\u00fcreci a\u00e7\u0131s\u0131ndan kritik oldu\u011funu \u00f6ne s\u00fcrd\u00fc.<\/p>\n","protected":false},"excerpt":{"rendered":"<p>CHP\u2019de mutlak butlan tart\u0131\u015fmalar\u0131 sonras\u0131 kriz derinle\u015fti. Kemal K\u0131l\u0131\u00e7daro\u011flu\u2019nun, kurultay\u0131n yap\u0131labilmesi i\u00e7in CHP Grup Ba\u015fkanvekili<\/p>\n","protected":false},"author":1,"featured_media":2186,"comment_status":"open","ping_status":"open","sticky":false,"template":"","format":"standard","meta":{"_rtcl_gb_attr":"","footnotes":""},"categories":[44],"tags":[],"class_list":["post-2185","post","type-post","status-publish","format-standard","has-post-thumbnail","hentry","category-politika"],"_links":{"self":[{"href":"https:\/\/turkiyemhaber.com\/index.php?rest_route=\/wp\/v2\/posts\/2185","targetHints":{"allow":["GET"]}}],"collection":[{"href":"https:\/\/turkiyemhaber.com\/index.php?rest_route=\/wp\/v2\/posts"}],"about":[{"href":"https:\/\/turkiyemhaber.com\/index.php?rest_route=\/wp\/v2\/types\/post"}],"author":[{"embeddable":true,"href":"https:\/\/turkiyemhaber.com\/index.php?rest_route=\/wp\/v2\/users\/1"}],"replies":[{"embeddable":true,"href":"https:\/\/turkiyemhaber.com\/index.php?rest_route=%2Fwp%2Fv2%2Fcomments&post=2185"}],"version-history":[{"count":1,"href":"https:\/\/turkiyemhaber.com\/index.php?rest_route=\/wp\/v2\/posts\/2185\/revisions"}],"predecessor-version":[{"id":2187,"href":"https:\/\/turkiyemhaber.com\/index.php?rest_route=\/wp\/v2\/posts\/2185\/revisions\/2187"}],"wp:featuredmedia":[{"embeddable":true,"href":"https:\/\/turkiyemhaber.com\/index.php?rest_route=\/wp\/v2\/media\/2186"}],"wp:attachment":[{"href":"https:\/\/turkiyemhaber.com\/index.php?rest_route=%2Fwp%2Fv2%2Fmedia&parent=2185"}],"wp:term":[{"taxonomy":"category","embeddable":true,"href":"https:\/\/turkiyemhaber.com\/index.php?rest_route=%2Fwp%2Fv2%2Fcategories&post=2185"},{"taxonomy":"post_tag","embeddable":true,"href":"https:\/\/turkiyemhaber.com\/index.php?rest_route=%2Fwp%2Fv2%2Ftags&post=2185"}],"curies":[{"name":"wp","href":"https:\/\/api.w.org\/{rel}","templated":true}]}}