{"id":2183,"date":"2026-05-24T06:35:05","date_gmt":"2026-05-24T06:35:05","guid":{"rendered":"https:\/\/turkiyemhaber.com\/?p=2183"},"modified":"2026-05-24T06:35:09","modified_gmt":"2026-05-24T06:35:09","slug":"bayramda-plan-yapanlar-dikkat-meteorolojiden-21-ile-sari-kodlu-uyari-geldi","status":"publish","type":"post","link":"https:\/\/turkiyemhaber.com\/?p=2183","title":{"rendered":"Bayramda plan yapanlar dikkat! Meteoroloji&#8217;den 21 ile sar\u0131 kodlu uyar\u0131 geldi"},"content":{"rendered":"\n<p class=\"wp-block-paragraph\">Meteoroloji Genel M\u00fcd\u00fcrl\u00fc\u011f\u00fc, 21 il i\u00e7in sar\u0131 kodlu g\u00f6k g\u00fcr\u00fclt\u00fcl\u00fc sa\u011fanak ya\u011f\u0131\u015f uyar\u0131s\u0131 yapt\u0131. Bayram boyunca yurt genelinde etkisini s\u00fcrd\u00fcrecek ya\u011f\u0131\u015flarla birlikte baz\u0131 b\u00f6lgelerde ani sel, su bask\u0131n\u0131 ve y\u0131ld\u0131r\u0131m riski beklenirken, s\u0131cakl\u0131klar\u0131n da baz\u0131 illerde 4 derece d\u00fc\u015fece\u011fi tahmin ediliyor.<\/p>\n\n\n\n<p class=\"wp-block-paragraph\">Meteoroloji Genel M\u00fcd\u00fcrl\u00fc\u011f\u00fc\u2019n\u00fcn (MGM) son tahminlerine g\u00f6re T\u00fcrkiye genelinde par\u00e7al\u0131 ve \u00e7ok bulutlu hava hakim olacak. Yurdun b\u00fcy\u00fck b\u00f6l\u00fcm\u00fcnde aral\u0131kl\u0131 sa\u011fanak ve g\u00f6k g\u00fcr\u00fclt\u00fcl\u00fc sa\u011fanak ya\u011f\u0131\u015f g\u00f6r\u00fclecek.<\/p>\n\n\n\n<p class=\"wp-block-paragraph\">\u00d6zellikle Marmara\u2019n\u0131n do\u011fusu, \u0130\u00e7 Ege, Bat\u0131 Akdeniz\u2019in i\u00e7 kesimleri, \u0130\u00e7 Anadolu\u2019nun kuzey ve bat\u0131s\u0131, Karadeniz\u2019in i\u00e7 b\u00f6lgeleri ile Do\u011fu Anadolu\u2019da ya\u011f\u0131\u015flar\u0131n yer yer kuvvetli olmas\u0131 bekleniyor. Hatay, Osmaniye, Kayseri ve Bal\u0131kesir \u00e7evreleri de kuvvetli ya\u011f\u0131\u015f beklenen iller aras\u0131nda yer ald\u0131.<\/p>\n\n\n\n<figure class=\"wp-block-image\"><img decoding=\"async\" src=\"https:\/\/foto.sondakika.com\/haber\/2026\/05\/24\/bayramda-plan-yapanlar-dikkat-19021243-8938_1_m.jpg\" alt=\"Bayramda plan yapanlar dikkat! Meteoroloji'den 21 ile sar\u0131 kodlu uyar\u0131 geldi\"\/><\/figure>\n\n\n\n<h3 class=\"wp-block-heading\">BAYRAM BOYUNCA YA\u011eI\u015e DEVAM EDECEK<\/h3>\n\n\n\n<p class=\"wp-block-paragraph\">MGM\u2019nin de\u011ferlendirmelerine g\u00f6re bayram s\u00fcresince yurt genelinde g\u00f6k g\u00fcr\u00fclt\u00fcl\u00fc sa\u011fanak ya\u011f\u0131\u015f etkisini s\u00fcrd\u00fcrecek. \u00d6zellikle \u00f6\u011fle ve ak\u015fam saatlerinde bir\u00e7ok b\u00f6lgede k\u0131sa s\u00fcreli ancak kuvvetli ya\u011f\u0131\u015f ge\u00e7i\u015fleri ya\u015fanabilece\u011fi belirtildi.<\/p>\n\n\n\n<p class=\"wp-block-paragraph\">Yetkililer, bayram yolculu\u011funa \u00e7\u0131kacak vatanda\u015flar\u0131n hava durumunu takip etmeleri konusunda uyar\u0131da bulundu.<\/p>\n\n\n\n<h3 class=\"wp-block-heading\">SICAKLIKLAR 4 DERECE D\u00dc\u015eECEK<\/h3>\n\n\n\n<p class=\"wp-block-paragraph\">Meteoroloji verilerine g\u00f6re hava s\u0131cakl\u0131klar\u0131 Do\u011fu Karadeniz\u2019in i\u00e7 kesimleri ile Do\u011fu Anadolu\u2019nun g\u00fcneydo\u011fusunda 2 ila 4 derece azalacak. Di\u011fer b\u00f6lgelerde ise s\u0131cakl\u0131klarda \u00f6nemli bir de\u011fi\u015fiklik beklenmiyor.<\/p>\n\n\n\n<h3 class=\"wp-block-heading\">21 \u0130L \u0130\u00c7\u0130N SARI KODLU UYARI<\/h3>\n\n\n\n<p class=\"wp-block-paragraph\">Meteoroloji Genel M\u00fcd\u00fcrl\u00fc\u011f\u00fc\u2019n\u00fcn sar\u0131 kodlu uyar\u0131 verdi\u011fi iller \u015f\u00f6yle:<\/p>\n\n\n\n<p class=\"wp-block-paragraph\">Adana, Bilecik, Burdur, Diyarbak\u0131r, Hatay, Mersin, Kahramanmara\u015f, Sakarya, Van, \u015e\u0131rnak, Osmaniye, Antalya, Bitlis, Bursa, Hakkari, Isparta, Kocaeli, Mu\u015f, Siirt, Batman ve Yalova.<\/p>\n\n\n\n<h3 class=\"wp-block-heading\">5 G\u00dcNL\u00dcK HAVA DURUMU TAHM\u0130N\u0130<br>24 MAYIS PAZAR<\/h3>\n\n\n\n<figure class=\"wp-block-image\"><img decoding=\"async\" src=\"https:\/\/foto.sondakika.com\/haber\/2026\/05\/24\/bayramda-plan-yapanlar-dikkat-30366348-1748_1_m.jpg\" alt=\"Bayramda plan yapanlar dikkat! Meteoroloji'den 21 ile sar\u0131 kodlu uyar\u0131 geldi\"\/><\/figure>\n\n\n\n<h3 class=\"wp-block-heading\"><br>25 MAYIS PAZARTES\u0130<\/h3>\n\n\n\n<figure class=\"wp-block-image\"><img decoding=\"async\" src=\"https:\/\/foto.sondakika.com\/haber\/2026\/05\/24\/bayramda-plan-yapanlar-dikkat-89890559-3721_1_m.jpg\" alt=\"Bayramda plan yapanlar dikkat! Meteoroloji'den 21 ile sar\u0131 kodlu uyar\u0131 geldi\"\/><\/figure>\n\n\n\n<h3 class=\"wp-block-heading\"><br>26 MAYIS SALI<\/h3>\n\n\n\n<figure class=\"wp-block-image\"><img decoding=\"async\" src=\"https:\/\/foto.sondakika.com\/haber\/2026\/05\/24\/bayramda-plan-yapanlar-dikkat-46066236-9821_1_m.jpg\" alt=\"Bayramda plan yapanlar dikkat! Meteoroloji'den 21 ile sar\u0131 kodlu uyar\u0131 geldi\"\/><\/figure>\n\n\n\n<h3 class=\"wp-block-heading\"><br>27 MAYIS \u00c7AR\u015eAMBA<\/h3>\n\n\n\n<figure class=\"wp-block-image\"><img decoding=\"async\" src=\"https:\/\/foto.sondakika.com\/haber\/2026\/05\/24\/bayramda-plan-yapanlar-dikkat-12102154-4150_1_m.jpg\" alt=\"Bayramda plan yapanlar dikkat! Meteoroloji'den 21 ile sar\u0131 kodlu uyar\u0131 geldi\"\/><\/figure>\n\n\n\n<h3 class=\"wp-block-heading\"><br>28 MAYIS PER\u015eEMBE<\/h3>\n\n\n\n<figure class=\"wp-block-image\"><img decoding=\"async\" src=\"https:\/\/foto.sondakika.com\/haber\/2026\/05\/24\/bayramda-plan-yapanlar-dikkat-20926663-7659_1_m.jpg\" alt=\"Bayramda plan yapanlar dikkat! Meteoroloji'den 21 ile sar\u0131 kodlu uyar\u0131 geldi\"\/><\/figure>\n","protected":false},"excerpt":{"rendered":"<p>Meteoroloji Genel M\u00fcd\u00fcrl\u00fc\u011f\u00fc, 21 il i\u00e7in sar\u0131 kodlu g\u00f6k g\u00fcr\u00fclt\u00fcl\u00fc sa\u011fanak ya\u011f\u0131\u015f uyar\u0131s\u0131 yapt\u0131. Bayram<\/p>\n","protected":false},"author":1,"featured_media":0,"comment_status":"open","ping_status":"open","sticky":false,"template":"","format":"standard","meta":{"_rtcl_gb_attr":"","footnotes":""},"categories":[43],"tags":[],"class_list":["post-2183","post","type-post","status-publish","format-standard","hentry","category-son-dakika"],"_links":{"self":[{"href":"https:\/\/turkiyemhaber.com\/index.php?rest_route=\/wp\/v2\/posts\/2183","targetHints":{"allow":["GET"]}}],"collection":[{"href":"https:\/\/turkiyemhaber.com\/index.php?rest_route=\/wp\/v2\/posts"}],"about":[{"href":"https:\/\/turkiyemhaber.com\/index.php?rest_route=\/wp\/v2\/types\/post"}],"author":[{"embeddable":true,"href":"https:\/\/turkiyemhaber.com\/index.php?rest_route=\/wp\/v2\/users\/1"}],"replies":[{"embeddable":true,"href":"https:\/\/turkiyemhaber.com\/index.php?rest_route=%2Fwp%2Fv2%2Fcomments&post=2183"}],"version-history":[{"count":1,"href":"https:\/\/turkiyemhaber.com\/index.php?rest_route=\/wp\/v2\/posts\/2183\/revisions"}],"predecessor-version":[{"id":2184,"href":"https:\/\/turkiyemhaber.com\/index.php?rest_route=\/wp\/v2\/posts\/2183\/revisions\/2184"}],"wp:attachment":[{"href":"https:\/\/turkiyemhaber.com\/index.php?rest_route=%2Fwp%2Fv2%2Fmedia&parent=2183"}],"wp:term":[{"taxonomy":"category","embeddable":true,"href":"https:\/\/turkiyemhaber.com\/index.php?rest_route=%2Fwp%2Fv2%2Fcategories&post=2183"},{"taxonomy":"post_tag","embeddable":true,"href":"https:\/\/turkiyemhaber.com\/index.php?rest_route=%2Fwp%2Fv2%2Ftags&post=2183"}],"curies":[{"name":"wp","href":"https:\/\/api.w.org\/{rel}","templated":true}]}}