{"id":2180,"date":"2026-05-24T06:32:09","date_gmt":"2026-05-24T06:32:09","guid":{"rendered":"https:\/\/turkiyemhaber.com\/?p=2180"},"modified":"2026-05-24T06:32:13","modified_gmt":"2026-05-24T06:32:13","slug":"ozgur-ozelden-vekillerin-yeni-parti-kuralim-teklifine-sert-yanit","status":"publish","type":"post","link":"https:\/\/turkiyemhaber.com\/?p=2180","title":{"rendered":"\u00d6zg\u00fcr \u00d6zel&#8217;den vekillerin &#8220;Yeni parti kural\u0131m&#8221; teklifine sert yan\u0131t"},"content":{"rendered":"\n<p class=\"wp-block-paragraph\">CHP\u2019de mutlak butlan tart\u0131\u015fmalar\u0131 s\u00fcrerken dikkat \u00e7eken kulis bilgileri g\u00fcndeme geldi. Baz\u0131 CHP milletvekilleri, \u00d6zg\u00fcr \u00d6zel\u2019e yeni parti kurulmas\u0131n\u0131 \u00f6nerdi. Ancak \u00d6zel, bu fikre kar\u015f\u0131 \u00e7\u0131karak m\u00fccadelesini son ana kadar CHP \u00e7at\u0131s\u0131 alt\u0131nda s\u00fcrd\u00fcrece\u011fi mesaj\u0131n\u0131 verdi. Genel merkezden polis zoruyla \u00e7\u0131kar\u0131lmalar\u0131 durumunda ise \u00e7al\u0131\u015fmalar\u0131n T\u00fcrkiye B\u00fcy\u00fck Millet Meclisi\u2019nde devam ettirilece\u011fi konu\u015fuluyor.<\/p>\n\n\n\n<p class=\"wp-block-paragraph\">CHP\u2019de mutlak butlan tart\u0131\u015fmalar\u0131 ve kurultay krizi s\u00fcrerken, NTV yay\u0131n\u0131nda gazeteci \u00d6zg\u00fcr Akba\u015f\u2019\u0131n aktard\u0131\u011f\u0131 kulis bilgileri dikkat \u00e7ekti. \u0130ddiaya g\u00f6re baz\u0131 milletvekilleri, \u00d6zg\u00fcr \u00d6zel\u2019e yeni parti kurulmas\u0131 y\u00f6n\u00fcnde \u00f6neride bulundu. Ancak \u00d6zel\u2019in bu teklife s\u0131cak bakmad\u0131\u011f\u0131 ve son ana kadar m\u00fccadelesini CHP \u00e7at\u0131s\u0131 alt\u0131nda s\u00fcrd\u00fcrece\u011fi mesaj\u0131n\u0131 verdi\u011fi \u00f6ne s\u00fcr\u00fcld\u00fc.<\/p>\n\n\n\n<h3 class=\"wp-block-heading\">\u201cPOL\u0130S ZORUYLA \u00c7IKARILIRSAK MECL\u0130S\u2019E GE\u00c7ER\u0130Z\u201d<\/h3>\n\n\n\n<p class=\"wp-block-paragraph\">Kulislerde konu\u015fulan en dikkat \u00e7ekici detay ise CHP y\u00f6netiminin olas\u0131 bir senaryoya kar\u015f\u0131 haz\u0131rl\u0131k yapt\u0131\u011f\u0131 iddias\u0131 oldu.<\/p>\n\n\n\n<p class=\"wp-block-paragraph\">\u00d6zel cephesinin, parti genel merkezinden polis zoruyla \u00e7\u0131kar\u0131lmalar\u0131 halinde siyasi \u00e7al\u0131\u015fmalar\u0131n\u0131 T\u00fcrkiye B\u00fcy\u00fck Millet Meclisi\u2019nde s\u00fcrd\u00fcrecekleri g\u00f6r\u00fc\u015f\u00fcn\u00fc dile getirdi\u011fi iddia edildi.<\/p>\n\n\n\n<p class=\"wp-block-paragraph\">Bu de\u011ferlendirme, CHP\u2019deki mutlak butlan tart\u0131\u015fmalar\u0131n\u0131n ve olas\u0131 yarg\u0131 s\u00fcrecinin parti i\u00e7inde yaratt\u0131\u011f\u0131 gerilimi bir kez daha g\u00f6zler \u00f6n\u00fcne serdi.<\/p>\n\n\n\n<h3 class=\"wp-block-heading\">CHP\u2019DE G\u00d6ZLER KURULTAY S\u00dcREC\u0130NDE<\/h3>\n\n\n\n<p class=\"wp-block-paragraph\">Parti kulislerinde bir yandan ola\u011fan\u00fcst\u00fc kurultay tart\u0131\u015fmalar\u0131 devam ederken, di\u011fer yandan y\u00f6netim de\u011fi\u015fikli\u011fi ve hukuki s\u00fcre\u00e7 senaryolar\u0131 konu\u015fuluyor.&nbsp;\u00d6zg\u00fcr \u00d6zel cephesinin ise mevcut yap\u0131y\u0131 koruma konusunda geri ad\u0131m atmayaca\u011f\u0131 yorumlar\u0131 yap\u0131l\u0131yor.<\/p>\n\n\n\n<h3 class=\"wp-block-heading\">NE OLMU\u015eTU?<\/h3>\n\n\n\n<p class=\"wp-block-paragraph\">Ankara B\u00f6lge Adliye Mahkemesi, CHP i\u00e7in mutlak butlan karar\u0131 verdi. 4-5 Kas\u0131m 2023&#8217;te CHP&#8217;nin 38. Ola\u011fan Kurultay\u0131&#8217;n\u0131n iptaline karar verildi.<\/p>\n\n\n\n<p class=\"wp-block-paragraph\">CHP Genel Ba\u015fkan\u0131 \u00d6zg\u00fcr \u00d6zel, MYK ve YDK \u00fcyelerinin g\u00f6revden uzakla\u015ft\u0131r\u0131lmas\u0131na karar verildi. Mahkeme&nbsp;<a href=\"https:\/\/www.sondakika.com\/kemal-kilicdaroglu\/\">Kemal K\u0131l\u0131\u00e7daro\u011flu<\/a>, PM ve YDK \u00fcyelerinin tedbiren g\u00f6rev \u00fcstlenmesini de kararla\u015ft\u0131rd\u0131. Kurultay\u0131n iptal edilmesiyle o tarihten sonra yap\u0131lan t\u00fcm ola\u011fan ve ola\u011fan\u00fcst\u00fc kurultaylar ve al\u0131nan kararlar da h\u00fck\u00fcms\u00fcz kald\u0131.<\/p>\n\n\n\n<h3 class=\"wp-block-heading\">MAHKEME KARARINDA NE DEN\u0130LD\u0130?<\/h3>\n\n\n\n<p class=\"wp-block-paragraph\">Ankara B\u00f6lge Adliye Mahkemesi 36. Hukuk Dairesi karar\u0131nda, &#8220;Mutlak butlanla sakatlanm\u0131\u015f 4-5 Kas\u0131m 2023 tarihli kurultay ile g\u00f6reve gelen genel ba\u015fkan \u00d6zg\u00fcr \u00d6zel\u2019in, Merkez Y\u00f6netim Kurulu \u00fcyelerinin, Parti Meclisi \u00dcyelerinin ve Y\u00fcksek Disiplin Kurulu \u00dcyelerinin tedbiren g\u00f6revden uzakla\u015ft\u0131r\u0131lmalar\u0131na ve 4-5 Kas\u0131m 2023 tarihli kurultay \u00f6ncesi g\u00f6revde bulunan genel ba\u015fkan Kemal K\u0131l\u0131\u00e7daro\u011flu ile Parti Meclisi ve Y\u00fcksek Disiplin Kurulu \u00fcyelerinin karar kesinle\u015finceye kadar tedbiren g\u00f6revi \u00fcstlenmelerine ve g\u00f6rev iadelerine&#8221; ifadesine yer verildi.&nbsp;<\/p>\n","protected":false},"excerpt":{"rendered":"<p>CHP\u2019de mutlak butlan tart\u0131\u015fmalar\u0131 s\u00fcrerken dikkat \u00e7eken kulis bilgileri g\u00fcndeme geldi. Baz\u0131 CHP milletvekilleri, \u00d6zg\u00fcr<\/p>\n","protected":false},"author":1,"featured_media":2181,"comment_status":"open","ping_status":"open","sticky":false,"template":"","format":"standard","meta":{"_rtcl_gb_attr":"","footnotes":""},"categories":[44],"tags":[],"class_list":["post-2180","post","type-post","status-publish","format-standard","has-post-thumbnail","hentry","category-politika"],"_links":{"self":[{"href":"https:\/\/turkiyemhaber.com\/index.php?rest_route=\/wp\/v2\/posts\/2180","targetHints":{"allow":["GET"]}}],"collection":[{"href":"https:\/\/turkiyemhaber.com\/index.php?rest_route=\/wp\/v2\/posts"}],"about":[{"href":"https:\/\/turkiyemhaber.com\/index.php?rest_route=\/wp\/v2\/types\/post"}],"author":[{"embeddable":true,"href":"https:\/\/turkiyemhaber.com\/index.php?rest_route=\/wp\/v2\/users\/1"}],"replies":[{"embeddable":true,"href":"https:\/\/turkiyemhaber.com\/index.php?rest_route=%2Fwp%2Fv2%2Fcomments&post=2180"}],"version-history":[{"count":1,"href":"https:\/\/turkiyemhaber.com\/index.php?rest_route=\/wp\/v2\/posts\/2180\/revisions"}],"predecessor-version":[{"id":2182,"href":"https:\/\/turkiyemhaber.com\/index.php?rest_route=\/wp\/v2\/posts\/2180\/revisions\/2182"}],"wp:featuredmedia":[{"embeddable":true,"href":"https:\/\/turkiyemhaber.com\/index.php?rest_route=\/wp\/v2\/media\/2181"}],"wp:attachment":[{"href":"https:\/\/turkiyemhaber.com\/index.php?rest_route=%2Fwp%2Fv2%2Fmedia&parent=2180"}],"wp:term":[{"taxonomy":"category","embeddable":true,"href":"https:\/\/turkiyemhaber.com\/index.php?rest_route=%2Fwp%2Fv2%2Fcategories&post=2180"},{"taxonomy":"post_tag","embeddable":true,"href":"https:\/\/turkiyemhaber.com\/index.php?rest_route=%2Fwp%2Fv2%2Ftags&post=2180"}],"curies":[{"name":"wp","href":"https:\/\/api.w.org\/{rel}","templated":true}]}}