{"id":2177,"date":"2026-05-24T06:29:34","date_gmt":"2026-05-24T06:29:34","guid":{"rendered":"https:\/\/turkiyemhaber.com\/?p=2177"},"modified":"2026-05-24T06:29:38","modified_gmt":"2026-05-24T06:29:38","slug":"bagcilarda-gizemli-olum-haber-alinamayan-magaza-sahibi-otomobilinin-bagajinda-olu-bulundu","status":"publish","type":"post","link":"https:\/\/turkiyemhaber.com\/?p=2177","title":{"rendered":"Ba\u011fc\u0131lar&#8217;da gizemli \u00f6l\u00fcm: Haber al\u0131namayan ma\u011faza sahibi otomobilinin bagaj\u0131nda \u00f6l\u00fc bulundu"},"content":{"rendered":"\n<p class=\"wp-block-paragraph\">\u0130stanbul Ba\u011fc\u0131lar&#8217;da kendisinden haber al\u0131namayan ev tekstili ma\u011fazas\u0131 sahibi H\u00fcseyin Yal\u00e7\u0131n, park halindeki otomobilinin bagaj\u0131nda \u00f6l\u00fc bulundu. Sabah i\u015fe gelmemesi \u00fczerine \u015f\u00fcphelenen \u00e7al\u0131\u015fanlar\u0131, patronlar\u0131n\u0131n arac\u0131n\u0131 bir AVM yak\u0131n\u0131nda fark etti. \u0130hbarla olay yerine gelen ekipler, kilitli arac\u0131n cam\u0131n\u0131 k\u0131rarak i\u00e7eri girdi\u011finde Yal\u00e7\u0131n\u2019\u0131n cans\u0131z bedeniyle kar\u015f\u0131la\u015ft\u0131. Yak\u0131nlar\u0131n\u0131 yasa bo\u011fan s\u0131r \u00f6l\u00fcm\u00fcn kesin sebebi Adli T\u0131p incelemesiyle netle\u015fecek.<\/p>\n\n\n\n<p class=\"wp-block-paragraph\">\u0130stanbul\u2019un&nbsp;<a href=\"https:\/\/www.sondakika.com\/bagcilar\/\">Ba\u011fc\u0131lar<\/a>&nbsp;il\u00e7esinde, sabah saatlerinden itibaren kendisinden haber al\u0131namayan ev tekstili ma\u011fazas\u0131 sahibi H\u00fcseyin Yal\u00e7\u0131n, bir al\u0131\u015fveri\u015f merkezinin yak\u0131n\u0131nda park halindeki otomobilinin bagaj\u0131nda \u00f6l\u00fc olarak bulundu. Kilitli arac\u0131n cam\u0131n\u0131 k\u0131rarak i\u00e7eri giren ekiplerin kar\u015f\u0131la\u015ft\u0131\u011f\u0131 korkun\u00e7 manzara sonras\u0131, polis olayla ilgili geni\u015f \u00e7apl\u0131 bir soru\u015fturma ba\u015flatt\u0131.<\/p>\n\n\n\n<h3 class=\"wp-block-heading\">SABAH \u0130\u015eE GELMEY\u0130NCE \u00c7ALI\u015eANLARI HAREKETE GE\u00c7T\u0130&nbsp;<\/h3>\n\n\n\n<p class=\"wp-block-paragraph\">Olay, Ba\u011fc\u0131lar Mahmutbey Mahallesi 2660 Sokak \u00fczerinde meydana geldi. Bir al\u0131\u015fveri\u015f merkezinde bulunan ev tekstili ma\u011fazas\u0131n\u0131n sahibi olan H\u00fcseyin Yal\u00e7\u0131n, sabah saatlerinde i\u015f yerini a\u00e7mad\u0131. Durumdan \u015f\u00fcphelenen ve Yal\u00e7\u0131n\u2019a telefonla da ula\u015famayan ma\u011faza \u00e7al\u0131\u015fanlar\u0131, patronlar\u0131n\u0131 aramaya ba\u015flad\u0131. Arama \u00e7al\u0131\u015fmalar\u0131 s\u0131ras\u0131nda bir \u00e7al\u0131\u015fan, Yal\u00e7\u0131n\u2019a ait l\u00fcks otomobili AVM\u2019nin hemen yak\u0131n\u0131ndaki sokakta park halinde fark etti.<\/p>\n\n\n\n<figure class=\"wp-block-image\"><img decoding=\"async\" src=\"https:\/\/foto.sondakika.com\/haber\/2026\/05\/23\/bagcilarda-gizemli-olum-haber-19876348-9348_1_m.jpg\" alt=\"Ba\u011fc\u0131lar'da gizemli \u00f6l\u00fcm: Haber al\u0131namayan ma\u011faza sahibi otomobilinin bagaj\u0131nda \u00f6l\u00fc bulundu\"\/><\/figure>\n\n\n\n<h3 class=\"wp-block-heading\">CAMI KIRIP \u0130\u00c7ER\u0130 G\u0130RD\u0130LER: BAGAJDA HAREKETS\u0130Z YATIYORDU&nbsp;<\/h3>\n\n\n\n<p class=\"wp-block-paragraph\">Arac\u0131n yan\u0131na giden i\u015f arkada\u015flar\u0131, camdan i\u00e7eri bakt\u0131klar\u0131nda H\u00fcseyin Yal\u00e7\u0131n\u2019\u0131n otomobilin bagaj k\u0131sm\u0131nda yatar vaziyette oldu\u011funu g\u00f6rd\u00fc. Kap\u0131lara ve camlara vurarak tepki alamayan \u00e7al\u0131\u015fanlar, durumu hemen 112 Acil \u00c7a\u011fr\u0131 Merkezi&#8217;ne bildirdi. \u0130hbar \u00fczerine olay yerine polis, itfaiye ve sa\u011fl\u0131k ekipleri sevk edildi.<\/p>\n\n\n\n<figure class=\"wp-block-image\"><img decoding=\"async\" src=\"https:\/\/foto.sondakika.com\/haber\/2026\/05\/23\/bagcilarda-gizemli-olum-haber-19876348-9645_1_m.jpg\" alt=\"Ba\u011fc\u0131lar'da gizemli \u00f6l\u00fcm: Haber al\u0131namayan ma\u011faza sahibi otomobilinin bagaj\u0131nda \u00f6l\u00fc bulundu\"\/><\/figure>\n\n\n\n<p class=\"wp-block-paragraph\">Kilitli olan kap\u0131lar nedeniyle otomobile m\u00fcdahale edemeyen ekipler, arac\u0131n cam\u0131n\u0131 k\u0131rarak i\u00e7eri girdi. Bagaj kapa\u011f\u0131n\u0131 a\u00e7an sa\u011fl\u0131k ekiplerinin yapt\u0131\u011f\u0131 ilk kontrollerde, talihsiz adam\u0131n hayat\u0131n\u0131 kaybetti\u011fi belirlendi. Ac\u0131 haberi alan i\u015f arkada\u015flar\u0131 ve olay yerine gelen yak\u0131nlar\u0131 g\u00f6zya\u015flar\u0131na bo\u011fuldu.<\/p>\n\n\n\n<h3 class=\"wp-block-heading\">SIR \u00d6L\u00dcM \u0130\u00c7\u0130N GEN\u0130\u015e \u00c7APLI SORU\u015eTURMA BA\u015eLATILDI&nbsp;<\/h3>\n\n\n\n<p class=\"wp-block-paragraph\">Asayi\u015f \u015eube M\u00fcd\u00fcrl\u00fc\u011f\u00fc ve Olay Yeri \u0130nceleme ekipleri, kilitli otomobilin i\u00e7erisinde ve H\u00fcseyin Yal\u00e7\u0131n\u2019\u0131n cans\u0131z bedeni \u00fczerinde detayl\u0131 incelemelerde bulundu. Yal\u00e7\u0131n\u2019\u0131n cenazesi, kesin \u00f6l\u00fcm sebebinin (cinayet, intihar ya da zehirlenme ihtimalleri \u00fczerinde duruluyor) belirlenebilmesi amac\u0131yla Adli T\u0131p Kurumu morguna kald\u0131r\u0131ld\u0131. Polisin \u00e7evredeki g\u00fcvenlik kameralar\u0131n\u0131 incelemeye ald\u0131\u011f\u0131 bildirildi.<\/p>\n\n\n\n<figure class=\"wp-block-image\"><img decoding=\"async\" src=\"https:\/\/foto.sondakika.com\/haber\/2026\/05\/23\/bagcilarda-gizemli-olum-haber-19876348-5398_1_m.jpg\" alt=\"Ba\u011fc\u0131lar'da gizemli \u00f6l\u00fcm: Haber al\u0131namayan ma\u011faza sahibi otomobilinin bagaj\u0131nda \u00f6l\u00fc bulundu\"\/><\/figure>\n","protected":false},"excerpt":{"rendered":"<p>\u0130stanbul Ba\u011fc\u0131lar&#8217;da kendisinden haber al\u0131namayan ev tekstili ma\u011fazas\u0131 sahibi H\u00fcseyin Yal\u00e7\u0131n, park halindeki otomobilinin bagaj\u0131nda<\/p>\n","protected":false},"author":1,"featured_media":2178,"comment_status":"open","ping_status":"open","sticky":false,"template":"","format":"standard","meta":{"_rtcl_gb_attr":"","footnotes":""},"categories":[43],"tags":[],"class_list":["post-2177","post","type-post","status-publish","format-standard","has-post-thumbnail","hentry","category-son-dakika"],"_links":{"self":[{"href":"https:\/\/turkiyemhaber.com\/index.php?rest_route=\/wp\/v2\/posts\/2177","targetHints":{"allow":["GET"]}}],"collection":[{"href":"https:\/\/turkiyemhaber.com\/index.php?rest_route=\/wp\/v2\/posts"}],"about":[{"href":"https:\/\/turkiyemhaber.com\/index.php?rest_route=\/wp\/v2\/types\/post"}],"author":[{"embeddable":true,"href":"https:\/\/turkiyemhaber.com\/index.php?rest_route=\/wp\/v2\/users\/1"}],"replies":[{"embeddable":true,"href":"https:\/\/turkiyemhaber.com\/index.php?rest_route=%2Fwp%2Fv2%2Fcomments&post=2177"}],"version-history":[{"count":1,"href":"https:\/\/turkiyemhaber.com\/index.php?rest_route=\/wp\/v2\/posts\/2177\/revisions"}],"predecessor-version":[{"id":2179,"href":"https:\/\/turkiyemhaber.com\/index.php?rest_route=\/wp\/v2\/posts\/2177\/revisions\/2179"}],"wp:featuredmedia":[{"embeddable":true,"href":"https:\/\/turkiyemhaber.com\/index.php?rest_route=\/wp\/v2\/media\/2178"}],"wp:attachment":[{"href":"https:\/\/turkiyemhaber.com\/index.php?rest_route=%2Fwp%2Fv2%2Fmedia&parent=2177"}],"wp:term":[{"taxonomy":"category","embeddable":true,"href":"https:\/\/turkiyemhaber.com\/index.php?rest_route=%2Fwp%2Fv2%2Fcategories&post=2177"},{"taxonomy":"post_tag","embeddable":true,"href":"https:\/\/turkiyemhaber.com\/index.php?rest_route=%2Fwp%2Fv2%2Ftags&post=2177"}],"curies":[{"name":"wp","href":"https:\/\/api.w.org\/{rel}","templated":true}]}}