{"id":2174,"date":"2026-05-23T16:21:12","date_gmt":"2026-05-23T16:21:12","guid":{"rendered":"https:\/\/turkiyemhaber.com\/?p=2174"},"modified":"2026-05-23T16:21:16","modified_gmt":"2026-05-23T16:21:16","slug":"fethiye-belediye-baskani-alim-karacaya-silahli-saldiri","status":"publish","type":"post","link":"https:\/\/turkiyemhaber.com\/?p=2174","title":{"rendered":"Fethiye Belediye Ba\u015fkan\u0131 Alim Karaca\u2019ya silahl\u0131 sald\u0131r\u0131"},"content":{"rendered":"\n<p class=\"wp-block-paragraph\">Fethiye Belediye Ba\u015fkan\u0131 Alim Karaca\u2019ya silahl\u0131 sald\u0131r\u0131 d\u00fczenlendi. Aya\u011f\u0131ndan yaraland\u0131\u011f\u0131 \u00f6\u011frenilen Alim Karaca\u2019n\u0131n hastanede tedavisi s\u00fcr\u00fcyor.<\/p>\n\n\n\n<p class=\"wp-block-paragraph\">Fethiye Belediye Ba\u015fkan\u0131 Alim Karaca, u\u011frad\u0131\u011f\u0131 silahl\u0131 sald\u0131r\u0131 sonucu aya\u011f\u0131ndan yaraland\u0131. Olay sonras\u0131 hastaneye kald\u0131r\u0131lan Karaca\u2019n\u0131n tedavisinin s\u00fcrd\u00fc\u011f\u00fc \u00f6\u011frenildi.<\/p>\n\n\n\n<p class=\"wp-block-paragraph\">Edinilen bilgilere g\u00f6re, sald\u0131rgan\u0131n, y\u00fcz\u00fcnde maske ile Karaca\u2019n\u0131n evinin bulundu\u011fu b\u00f6lgeye geldi\u011fi ve burada silahla ate\u015f a\u00e7t\u0131\u011f\u0131 \u00f6\u011frenildi. Sald\u0131r\u0131n\u0131n ard\u0131ndan \u015f\u00fcphelinin olay yerinden ka\u00e7t\u0131\u011f\u0131, ka\u00e7\u0131\u015f s\u0131ras\u0131nda ise in\u015faat halindeki bir b\u00f6lgede g\u00f6r\u00fcld\u00fc\u011f\u00fc \u00f6ne s\u00fcr\u00fcld\u00fc.<\/p>\n\n\n\n<p class=\"wp-block-paragraph\">\u0130hbar \u00fczerine b\u00f6lgeye \u00e7ok say\u0131da polis ve sa\u011fl\u0131k ekibi sevk edildi. Yaral\u0131 olarak hastaneye kald\u0131r\u0131lan Alim Karaca\u2019n\u0131n sa\u011fl\u0131k durumuyla ilgili resmi a\u00e7\u0131klama beklenirken, polis ekipleri ka\u00e7an \u015f\u00fcphelinin yakalanmas\u0131 i\u00e7in geni\u015f \u00e7apl\u0131 \u00e7al\u0131\u015fma ba\u015flatt\u0131.<\/p>\n\n\n\n<p class=\"wp-block-paragraph\">Fethiye Kaymakam\u0131 Fatih Akkaya, hastaneye gelerek Fethiye Belediye Ba\u015fkan\u0131 Alim Karaca\u2019n\u0131n sa\u011fl\u0131k durumu hakk\u0131nda bilgi ald\u0131. Kaymakam Akkaya hastane \u00e7\u0131k\u0131\u015f\u0131nda, &#8220;Ba\u015fkan\u0131m\u0131z\u0131n sa\u011fl\u0131k durumu gayet iyi. Gerekli tedavisi doktorlar\u0131m\u0131z taraf\u0131ndan yap\u0131l\u0131yor. Fail ve failleri yakalamak i\u00e7in \u00e7al\u0131\u015fmalar\u0131m\u0131z s\u00fcr\u00fcyor.<\/p>\n","protected":false},"excerpt":{"rendered":"<p>Fethiye Belediye Ba\u015fkan\u0131 Alim Karaca\u2019ya silahl\u0131 sald\u0131r\u0131 d\u00fczenlendi. Aya\u011f\u0131ndan yaraland\u0131\u011f\u0131 \u00f6\u011frenilen Alim Karaca\u2019n\u0131n hastanede tedavisi<\/p>\n","protected":false},"author":1,"featured_media":2175,"comment_status":"open","ping_status":"open","sticky":false,"template":"","format":"standard","meta":{"_rtcl_gb_attr":"","footnotes":""},"categories":[43],"tags":[],"class_list":["post-2174","post","type-post","status-publish","format-standard","has-post-thumbnail","hentry","category-son-dakika"],"_links":{"self":[{"href":"https:\/\/turkiyemhaber.com\/index.php?rest_route=\/wp\/v2\/posts\/2174","targetHints":{"allow":["GET"]}}],"collection":[{"href":"https:\/\/turkiyemhaber.com\/index.php?rest_route=\/wp\/v2\/posts"}],"about":[{"href":"https:\/\/turkiyemhaber.com\/index.php?rest_route=\/wp\/v2\/types\/post"}],"author":[{"embeddable":true,"href":"https:\/\/turkiyemhaber.com\/index.php?rest_route=\/wp\/v2\/users\/1"}],"replies":[{"embeddable":true,"href":"https:\/\/turkiyemhaber.com\/index.php?rest_route=%2Fwp%2Fv2%2Fcomments&post=2174"}],"version-history":[{"count":1,"href":"https:\/\/turkiyemhaber.com\/index.php?rest_route=\/wp\/v2\/posts\/2174\/revisions"}],"predecessor-version":[{"id":2176,"href":"https:\/\/turkiyemhaber.com\/index.php?rest_route=\/wp\/v2\/posts\/2174\/revisions\/2176"}],"wp:featuredmedia":[{"embeddable":true,"href":"https:\/\/turkiyemhaber.com\/index.php?rest_route=\/wp\/v2\/media\/2175"}],"wp:attachment":[{"href":"https:\/\/turkiyemhaber.com\/index.php?rest_route=%2Fwp%2Fv2%2Fmedia&parent=2174"}],"wp:term":[{"taxonomy":"category","embeddable":true,"href":"https:\/\/turkiyemhaber.com\/index.php?rest_route=%2Fwp%2Fv2%2Fcategories&post=2174"},{"taxonomy":"post_tag","embeddable":true,"href":"https:\/\/turkiyemhaber.com\/index.php?rest_route=%2Fwp%2Fv2%2Ftags&post=2174"}],"curies":[{"name":"wp","href":"https:\/\/api.w.org\/{rel}","templated":true}]}}