{"id":2171,"date":"2026-05-23T12:50:42","date_gmt":"2026-05-23T12:50:42","guid":{"rendered":"https:\/\/turkiyemhaber.com\/?p=2171"},"modified":"2026-05-23T12:50:47","modified_gmt":"2026-05-23T12:50:47","slug":"silahli-saldiriya-ugrayan-is-adami-oldu-zanli-yasamina-son-verdi","status":"publish","type":"post","link":"https:\/\/turkiyemhaber.com\/?p=2171","title":{"rendered":"Silahl\u0131 sald\u0131r\u0131ya u\u011frayan i\u015f adam\u0131 \u00f6ld\u00fc, zanl\u0131 ya\u015fam\u0131na son verdi"},"content":{"rendered":"\n<p class=\"wp-block-paragraph\">Kocaeli&#8217;nin \u0130zmit il\u00e7esinde i\u015f adam\u0131 Geylani Yenig\u00fcn (44), orta\u011f\u0131 taraf\u0131ndan u\u011frad\u0131\u011f\u0131 silahl\u0131 sald\u0131r\u0131 sonucu ya\u015fam\u0131n\u0131 yitirdi. Cinayet zanl\u0131s\u0131 U.\u00d6. ise olay\u0131n ard\u0131ndan ayn\u0131 silahla intihar etti.<\/p>\n\n\n\n<p class=\"wp-block-paragraph\">Olay, Yahyakaptan Mahallesi Sa\u011fl\u0131k Sokak&#8217;taki Geylani Yenig\u00fcn&#8217;e ait evde meydana geldi. \u0130ddiaya g\u00f6re, Geylani Yenig\u00fcn ile orta\u011f\u0131 U.\u00d6. aras\u0131nda evde tart\u0131\u015fma \u00e7\u0131kt\u0131. Tart\u0131\u015fman\u0131n b\u00fcy\u00fcmesi \u00fczerine U.\u00d6., yan\u0131ndaki tabancayla Yenig\u00fcn&#8217;e ate\u015f etti. U\u011fur \u00d6., daha sonra sitenin bah\u00e7esine \u00e7\u0131karak ayn\u0131 silahla kendine ate\u015f edip intihar etti.<\/p>\n\n\n\n<p class=\"wp-block-paragraph\">Site sakinlerinin 112 Acil \u00c7a\u011fr\u0131 Merkezine ihbar\u0131 \u00fczerine olay yerine sa\u011fl\u0131k ve polis ekibi sevk edildi. A\u011f\u0131r yaralanan Yenig\u00fcn, sa\u011fl\u0131k ekiplerinin ilk m\u00fcdahalesinin ard\u0131ndan hastaneye kald\u0131r\u0131ld\u0131 ancak burada yap\u0131lan t\u00fcm m\u00fcdahalelere ra\u011fmen kurtar\u0131lamayarak hayat\u0131n\u0131 kaybetti.<\/p>\n\n\n\n<p class=\"wp-block-paragraph\">Yerel bir gazetenin orta\u011f\u0131 da olan Yenig\u00fcn&#8217;\u00fcn kimya, e\u011flence ve in\u015faat sekt\u00f6rlerinde faaliyet g\u00f6sterdi\u011fi; 2 \u00e7ocuk babas\u0131 oldu\u011fu \u00f6\u011frenildi. Yenig\u00fcn ve U.\u00d6. aras\u0131nda bir s\u00fcre \u00f6nce devir i\u015flemlerine ba\u011fl\u0131 alacak verecek meselesi y\u00fcz\u00fcnden anla\u015fmazl\u0131k ba\u015flad\u0131\u011f\u0131, orta\u011f\u0131n\u0131n evine bu sebeple konu\u015fmak i\u00e7in gitti\u011fi ileri s\u00fcr\u00fcld\u00fc.<\/p>\n\n\n\n<p class=\"wp-block-paragraph\">Olayla ilgili soru\u015fturma s\u00fcr\u00fcyor.<\/p>\n","protected":false},"excerpt":{"rendered":"<p>Kocaeli&#8217;nin \u0130zmit il\u00e7esinde i\u015f adam\u0131 Geylani Yenig\u00fcn (44), orta\u011f\u0131 taraf\u0131ndan u\u011frad\u0131\u011f\u0131 silahl\u0131 sald\u0131r\u0131 sonucu ya\u015fam\u0131n\u0131<\/p>\n","protected":false},"author":1,"featured_media":2172,"comment_status":"open","ping_status":"open","sticky":false,"template":"","format":"standard","meta":{"_rtcl_gb_attr":"","footnotes":""},"categories":[43],"tags":[],"class_list":["post-2171","post","type-post","status-publish","format-standard","has-post-thumbnail","hentry","category-son-dakika"],"_links":{"self":[{"href":"https:\/\/turkiyemhaber.com\/index.php?rest_route=\/wp\/v2\/posts\/2171","targetHints":{"allow":["GET"]}}],"collection":[{"href":"https:\/\/turkiyemhaber.com\/index.php?rest_route=\/wp\/v2\/posts"}],"about":[{"href":"https:\/\/turkiyemhaber.com\/index.php?rest_route=\/wp\/v2\/types\/post"}],"author":[{"embeddable":true,"href":"https:\/\/turkiyemhaber.com\/index.php?rest_route=\/wp\/v2\/users\/1"}],"replies":[{"embeddable":true,"href":"https:\/\/turkiyemhaber.com\/index.php?rest_route=%2Fwp%2Fv2%2Fcomments&post=2171"}],"version-history":[{"count":1,"href":"https:\/\/turkiyemhaber.com\/index.php?rest_route=\/wp\/v2\/posts\/2171\/revisions"}],"predecessor-version":[{"id":2173,"href":"https:\/\/turkiyemhaber.com\/index.php?rest_route=\/wp\/v2\/posts\/2171\/revisions\/2173"}],"wp:featuredmedia":[{"embeddable":true,"href":"https:\/\/turkiyemhaber.com\/index.php?rest_route=\/wp\/v2\/media\/2172"}],"wp:attachment":[{"href":"https:\/\/turkiyemhaber.com\/index.php?rest_route=%2Fwp%2Fv2%2Fmedia&parent=2171"}],"wp:term":[{"taxonomy":"category","embeddable":true,"href":"https:\/\/turkiyemhaber.com\/index.php?rest_route=%2Fwp%2Fv2%2Fcategories&post=2171"},{"taxonomy":"post_tag","embeddable":true,"href":"https:\/\/turkiyemhaber.com\/index.php?rest_route=%2Fwp%2Fv2%2Ftags&post=2171"}],"curies":[{"name":"wp","href":"https:\/\/api.w.org\/{rel}","templated":true}]}}