{"id":2168,"date":"2026-05-23T10:46:57","date_gmt":"2026-05-23T10:46:57","guid":{"rendered":"https:\/\/turkiyemhaber.com\/?p=2168"},"modified":"2026-05-23T10:47:01","modified_gmt":"2026-05-23T10:47:01","slug":"samsunda-dagcilik-yuruyusu-basladi","status":"publish","type":"post","link":"https:\/\/turkiyemhaber.com\/?p=2168","title":{"rendered":"Samsun&#8217;da Da\u011fc\u0131l\u0131k Y\u00fcr\u00fcy\u00fc\u015f\u00fc Ba\u015flad\u0131"},"content":{"rendered":"\n<p class=\"wp-block-paragraph\">16. Da\u011fc\u0131l\u0131k Ulusal Kurtulu\u015f M\u00fccadelesi Y\u00fcr\u00fcy\u00fc\u015f\u00fc, T\u00fct\u00fcn \u0130skelesi&#8217;nden ba\u015flad\u0131 ve 25 May\u0131s&#8217;ta sona erecek.<\/p>\n\n\n\n<p class=\"wp-block-paragraph\"><a href=\"https:\/\/www.sondakika.com\/samsun\/\">Samsun<\/a>&#8216;da bu y\u0131l 16.&#8217;s\u0131 d\u00fczenlenen Da\u011fc\u0131l\u0131k Ulusal Kurtulu\u015f M\u00fccadelesi Anma Y\u00fcr\u00fcy\u00fc\u015f\u00fc, Atat\u00fcrk&#8217;\u00fcn Kurtulu\u015f Sava\u015f\u0131&#8217;n\u0131 ba\u015flatt\u0131\u011f\u0131 Samsun&#8217;daki T\u00fct\u00fcn \u0130skelesi&#8217;nden ba\u015flad\u0131.<\/p>\n\n\n\n<p class=\"wp-block-paragraph\">19 May\u0131s Atat\u00fcrk&#8217;\u00fc Anma, Gen\u00e7lik ve&nbsp;<a href=\"https:\/\/www.sondakika.com\/Spor\/\">Spor<\/a>&nbsp;Bayram\u0131 kutlama etkinlikleri Samsun&#8217;da devam ediyor. Bu y\u0131l 16.&#8217;s\u0131 d\u00fczenlenen y\u00fcr\u00fcy\u00fc\u015f etkinli\u011fi, T\u00fct\u00fcn \u0130skelesi&#8217;nde d\u00fczenlenen programla start ald\u0131. T\u00fct\u00fcn \u0130skelesi&#8217;nde toplanan gen\u00e7ler, Havza&#8217;da teslim edecekleri ay-y\u0131ld\u0131zl\u0131 T\u00fcrk bayra\u011f\u0131n\u0131 Samsun Gen\u00e7lik ve Spor \u0130l M\u00fcd\u00fcrl\u00fc\u011f\u00fc Spor Faaliyetleri \u015eube M\u00fcd\u00fcr\u00fc Erdem Okandan&#8217;dan \u00f6perek teslim ald\u0131. Y\u00fcr\u00fcy\u00fc\u015f, bayrak teslim t\u00f6reninin ard\u0131ndan polis eskortu ve sa\u011fl\u0131k\u00e7\u0131lar\u0131n e\u015fli\u011finde ba\u015flad\u0131.<\/p>\n\n\n\n<p class=\"wp-block-paragraph\">Y\u00fcr\u00fcy\u00fc\u015fe kat\u0131lan da\u011fc\u0131lara ve vatanda\u015flara te\u015fekk\u00fcr eden Erdem Okandan, &#8220;Kurtulu\u015f M\u00fccadelesi&#8217;nin ilk ad\u0131m\u0131n\u0131n at\u0131ld\u0131\u011f\u0131 Samsun&#8217;da 19 May\u0131s Atat\u00fcrk&#8217;\u00fc Anma, Gen\u00e7lik ve Spor Bayram\u0131 kutlamalar\u0131, 1 ay boyunca farkl\u0131 etkinliklerle kutlan\u0131yor. Bug\u00fcn de Da\u011fc\u0131l\u0131k Ulusal Kurtulu\u015f M\u00fccadelesi Anma Y\u00fcr\u00fcy\u00fc\u015f\u00fc&#8217;n\u00fcn 16&#8217;nc\u0131s\u0131n\u0131 d\u00fczenledik. 7&#8217;den 70&#8217;e her ya\u015ftan sporcumuzun kat\u0131ld\u0131\u011f\u0131 y\u00fcr\u00fcy\u00fc\u015f\u00fcm\u00fcz, T\u00fct\u00fcn \u0130skelesi&#8217;nden ba\u015flay\u0131p 25 May\u0131s&#8217;ta Havza&#8217;da sonlanacak. Bu y\u00fcr\u00fcy\u00fc\u015fe destek veren t\u00fcm kamu kurumlar\u0131na ve sporcular\u0131m\u0131za \u015f\u00fckranlar\u0131m\u0131z\u0131 sunuyorum&#8221; dedi.<\/p>\n\n\n\n<p class=\"wp-block-paragraph\">Atat\u00fcrk&#8217;\u00fcn Kurtulu\u015f Sava\u015f\u0131&#8217;n\u0131 ba\u015flatmak i\u00e7in Samsun&#8217;da karaya ayak bast\u0131\u011f\u0131 T\u00fct\u00fcn \u0130skelesi&#8217;nde ba\u015flayan ve 2 g\u00fcn s\u00fcrecek y\u00fcr\u00fcy\u00fc\u015f, Havza Atat\u00fcrk Evi&#8217;nde son bulacak. &#8211; SAMSUN<\/p>\n","protected":false},"excerpt":{"rendered":"<p>16. Da\u011fc\u0131l\u0131k Ulusal Kurtulu\u015f M\u00fccadelesi Y\u00fcr\u00fcy\u00fc\u015f\u00fc, T\u00fct\u00fcn \u0130skelesi&#8217;nden ba\u015flad\u0131 ve 25 May\u0131s&#8217;ta sona erecek. Samsun&#8216;da<\/p>\n","protected":false},"author":1,"featured_media":2169,"comment_status":"open","ping_status":"open","sticky":false,"template":"","format":"standard","meta":{"_rtcl_gb_attr":"","footnotes":""},"categories":[1],"tags":[],"class_list":["post-2168","post","type-post","status-publish","format-standard","has-post-thumbnail","hentry","category-http-turkiyemhaber-com-wp-content-uploads-2026-03-saray-59-haber-13-mart-pdf"],"_links":{"self":[{"href":"https:\/\/turkiyemhaber.com\/index.php?rest_route=\/wp\/v2\/posts\/2168","targetHints":{"allow":["GET"]}}],"collection":[{"href":"https:\/\/turkiyemhaber.com\/index.php?rest_route=\/wp\/v2\/posts"}],"about":[{"href":"https:\/\/turkiyemhaber.com\/index.php?rest_route=\/wp\/v2\/types\/post"}],"author":[{"embeddable":true,"href":"https:\/\/turkiyemhaber.com\/index.php?rest_route=\/wp\/v2\/users\/1"}],"replies":[{"embeddable":true,"href":"https:\/\/turkiyemhaber.com\/index.php?rest_route=%2Fwp%2Fv2%2Fcomments&post=2168"}],"version-history":[{"count":1,"href":"https:\/\/turkiyemhaber.com\/index.php?rest_route=\/wp\/v2\/posts\/2168\/revisions"}],"predecessor-version":[{"id":2170,"href":"https:\/\/turkiyemhaber.com\/index.php?rest_route=\/wp\/v2\/posts\/2168\/revisions\/2170"}],"wp:featuredmedia":[{"embeddable":true,"href":"https:\/\/turkiyemhaber.com\/index.php?rest_route=\/wp\/v2\/media\/2169"}],"wp:attachment":[{"href":"https:\/\/turkiyemhaber.com\/index.php?rest_route=%2Fwp%2Fv2%2Fmedia&parent=2168"}],"wp:term":[{"taxonomy":"category","embeddable":true,"href":"https:\/\/turkiyemhaber.com\/index.php?rest_route=%2Fwp%2Fv2%2Fcategories&post=2168"},{"taxonomy":"post_tag","embeddable":true,"href":"https:\/\/turkiyemhaber.com\/index.php?rest_route=%2Fwp%2Fv2%2Ftags&post=2168"}],"curies":[{"name":"wp","href":"https:\/\/api.w.org\/{rel}","templated":true}]}}