{"id":2162,"date":"2026-05-23T10:40:08","date_gmt":"2026-05-23T10:40:08","guid":{"rendered":"https:\/\/turkiyemhaber.com\/?p=2162"},"modified":"2026-05-23T10:40:12","modified_gmt":"2026-05-23T10:40:12","slug":"bakan-ciftci-bayram-tatili-icin-yola-cikacaklari-uyardi","status":"publish","type":"post","link":"https:\/\/turkiyemhaber.com\/?p=2162","title":{"rendered":"Bakan \u00c7ift\u00e7i, bayram tatili i\u00e7in yola \u00e7\u0131kacaklar\u0131 uyard\u0131"},"content":{"rendered":"\n<p class=\"wp-block-paragraph\">\u0130\u00e7i\u015fleri Bakan\u0131 Mustafa \u00c7ift\u00e7i, Kurban Bayram\u0131 dolay\u0131s\u0131yla yolculu\u011fa \u00e7\u0131kacaklara uyar\u0131da bulundu.<\/p>\n\n\n\n<p class=\"wp-block-paragraph\">Ankara<\/p>\n\n\n\n<p class=\"wp-block-paragraph\">Bakan \u00c7ift\u00e7i, NSosyal hesab\u0131ndan yapt\u0131\u011f\u0131 payla\u015f\u0131mda, bayram yolculuklar\u0131n\u0131n ba\u015flamas\u0131yla yollarda trafik yo\u011funlu\u011funun \u00f6nemli \u00f6l\u00e7\u00fcde artt\u0131\u011f\u0131n\u0131 belirtti.<\/p>\n\n\n\n<p class=\"wp-block-paragraph\">Vatanda\u015flar\u0131n sevdiklerine g\u00fcven i\u00e7inde kavu\u015fabilmesi i\u00e7in \u00fclke genelinde denetimleri aral\u0131ks\u0131z s\u00fcrd\u00fcrd\u00fcklerini aktaran \u00c7ift\u00e7i, \u015funlar\u0131 kaydetti:<\/p>\n\n\n\n<p class=\"wp-block-paragraph\">&#8220;Amac\u0131m\u0131z ceza kesmek de\u011fil, tek bir can\u0131m\u0131z\u0131 dahi trafik kazalar\u0131nda kaybetmemektir. Bir anl\u0131k dikkatsizlik, a\u015f\u0131r\u0131 h\u0131z ya da ihmal, telafisi m\u00fcmk\u00fcn olmayan ac\u0131lara neden olabilmektedir. L\u00fctfen h\u0131z kurallar\u0131na uyal\u0131m. Emniyet kemerimizi mutlaka takal\u0131m. Direksiyon ba\u015f\u0131nda cep telefonu kullanmayal\u0131m. Yorgun ve uykusuz \u015fekilde yola \u00e7\u0131kmayal\u0131m. Trafikte sab\u0131rl\u0131 ve dikkatli olal\u0131m. Unutmayal\u0131m, bayram\u0131n ger\u00e7ek mutlulu\u011fu, sevdiklerimize sa\u011f salim kavu\u015fabilmektir. T\u00fcm vatanda\u015flar\u0131m\u0131za hay\u0131rl\u0131 yolculuklar diliyorum.&#8221;<\/p>\n\n\n\n<figure class=\"wp-block-video\"><\/figure>\n","protected":false},"excerpt":{"rendered":"<p>\u0130\u00e7i\u015fleri Bakan\u0131 Mustafa \u00c7ift\u00e7i, Kurban Bayram\u0131 dolay\u0131s\u0131yla yolculu\u011fa \u00e7\u0131kacaklara uyar\u0131da bulundu. Ankara Bakan \u00c7ift\u00e7i, NSosyal<\/p>\n","protected":false},"author":1,"featured_media":2163,"comment_status":"open","ping_status":"open","sticky":false,"template":"","format":"standard","meta":{"_rtcl_gb_attr":"","footnotes":""},"categories":[1],"tags":[],"class_list":["post-2162","post","type-post","status-publish","format-standard","has-post-thumbnail","hentry","category-http-turkiyemhaber-com-wp-content-uploads-2026-03-saray-59-haber-13-mart-pdf"],"_links":{"self":[{"href":"https:\/\/turkiyemhaber.com\/index.php?rest_route=\/wp\/v2\/posts\/2162","targetHints":{"allow":["GET"]}}],"collection":[{"href":"https:\/\/turkiyemhaber.com\/index.php?rest_route=\/wp\/v2\/posts"}],"about":[{"href":"https:\/\/turkiyemhaber.com\/index.php?rest_route=\/wp\/v2\/types\/post"}],"author":[{"embeddable":true,"href":"https:\/\/turkiyemhaber.com\/index.php?rest_route=\/wp\/v2\/users\/1"}],"replies":[{"embeddable":true,"href":"https:\/\/turkiyemhaber.com\/index.php?rest_route=%2Fwp%2Fv2%2Fcomments&post=2162"}],"version-history":[{"count":1,"href":"https:\/\/turkiyemhaber.com\/index.php?rest_route=\/wp\/v2\/posts\/2162\/revisions"}],"predecessor-version":[{"id":2164,"href":"https:\/\/turkiyemhaber.com\/index.php?rest_route=\/wp\/v2\/posts\/2162\/revisions\/2164"}],"wp:featuredmedia":[{"embeddable":true,"href":"https:\/\/turkiyemhaber.com\/index.php?rest_route=\/wp\/v2\/media\/2163"}],"wp:attachment":[{"href":"https:\/\/turkiyemhaber.com\/index.php?rest_route=%2Fwp%2Fv2%2Fmedia&parent=2162"}],"wp:term":[{"taxonomy":"category","embeddable":true,"href":"https:\/\/turkiyemhaber.com\/index.php?rest_route=%2Fwp%2Fv2%2Fcategories&post=2162"},{"taxonomy":"post_tag","embeddable":true,"href":"https:\/\/turkiyemhaber.com\/index.php?rest_route=%2Fwp%2Fv2%2Ftags&post=2162"}],"curies":[{"name":"wp","href":"https:\/\/api.w.org\/{rel}","templated":true}]}}