{"id":2159,"date":"2026-05-23T10:36:18","date_gmt":"2026-05-23T10:36:18","guid":{"rendered":"https:\/\/turkiyemhaber.com\/?p=2159"},"modified":"2026-05-23T10:36:22","modified_gmt":"2026-05-23T10:36:22","slug":"tbmm-baskani-numan-kurtulmustan-gazeteci-yazar-akif-emreyi-anma-mesaji","status":"publish","type":"post","link":"https:\/\/turkiyemhaber.com\/?p=2159","title":{"rendered":"TBMM Ba\u015fkan\u0131 Numan Kurtulmu\u015f&#8217;tan gazeteci-yazar Akif Emre&#8217;yi anma mesaj\u0131"},"content":{"rendered":"\n<p class=\"wp-block-paragraph\">TBMM Ba\u015fkan\u0131 Numan Kurtulmu\u015f, gazeteci-yazar Akif Emre&#8217;yi vefat\u0131n\u0131n 9. y\u0131l\u0131nda rahmetle and\u0131.<\/p>\n\n\n\n<p class=\"wp-block-paragraph\">TBMM<\/p>\n\n\n\n<p class=\"wp-block-paragraph\">Kurtulmu\u015f, sosyal medya hesab\u0131ndan yay\u0131mlad\u0131\u011f\u0131 mesaj\u0131nda, &#8220;Fikriyle ve ameliyle \u00fcmmet co\u011frafyas\u0131nda ho\u015f bir sada b\u0131rakm\u0131\u015f k\u0131ymetli dostum Akif Emre&#8217;yi rahmetle ve h\u00fcrmetle yad ediyorum. Mekan\u0131 cennet, makam\u0131 ali olsun.&#8221; ifadelerine yer verdi.<\/p>\n\n\n\n<figure class=\"wp-block-image\"><a href=\"https:\/\/www.aa.com.tr\/tr\/info\/infografik\/52062\" target=\"_blank\" rel=\"noreferrer noopener\"><img decoding=\"async\" src=\"https:\/\/web-cdnprod.aa.com.tr\/uploads\/InfoGraphic\/2026\/05\/23\/17761ef7369e0dba7654666577aaf402.jpg\" alt=\"\u0130stikamet \u00fczere ya\u015fanan bir \u00f6m\u00fcr: Akif Emre\"\/><\/a><\/figure>\n","protected":false},"excerpt":{"rendered":"<p>TBMM Ba\u015fkan\u0131 Numan Kurtulmu\u015f, gazeteci-yazar Akif Emre&#8217;yi vefat\u0131n\u0131n 9. y\u0131l\u0131nda rahmetle and\u0131. TBMM Kurtulmu\u015f, sosyal<\/p>\n","protected":false},"author":1,"featured_media":2160,"comment_status":"open","ping_status":"open","sticky":false,"template":"","format":"standard","meta":{"_rtcl_gb_attr":"","footnotes":""},"categories":[1],"tags":[],"class_list":["post-2159","post","type-post","status-publish","format-standard","has-post-thumbnail","hentry","category-http-turkiyemhaber-com-wp-content-uploads-2026-03-saray-59-haber-13-mart-pdf"],"_links":{"self":[{"href":"https:\/\/turkiyemhaber.com\/index.php?rest_route=\/wp\/v2\/posts\/2159","targetHints":{"allow":["GET"]}}],"collection":[{"href":"https:\/\/turkiyemhaber.com\/index.php?rest_route=\/wp\/v2\/posts"}],"about":[{"href":"https:\/\/turkiyemhaber.com\/index.php?rest_route=\/wp\/v2\/types\/post"}],"author":[{"embeddable":true,"href":"https:\/\/turkiyemhaber.com\/index.php?rest_route=\/wp\/v2\/users\/1"}],"replies":[{"embeddable":true,"href":"https:\/\/turkiyemhaber.com\/index.php?rest_route=%2Fwp%2Fv2%2Fcomments&post=2159"}],"version-history":[{"count":1,"href":"https:\/\/turkiyemhaber.com\/index.php?rest_route=\/wp\/v2\/posts\/2159\/revisions"}],"predecessor-version":[{"id":2161,"href":"https:\/\/turkiyemhaber.com\/index.php?rest_route=\/wp\/v2\/posts\/2159\/revisions\/2161"}],"wp:featuredmedia":[{"embeddable":true,"href":"https:\/\/turkiyemhaber.com\/index.php?rest_route=\/wp\/v2\/media\/2160"}],"wp:attachment":[{"href":"https:\/\/turkiyemhaber.com\/index.php?rest_route=%2Fwp%2Fv2%2Fmedia&parent=2159"}],"wp:term":[{"taxonomy":"category","embeddable":true,"href":"https:\/\/turkiyemhaber.com\/index.php?rest_route=%2Fwp%2Fv2%2Fcategories&post=2159"},{"taxonomy":"post_tag","embeddable":true,"href":"https:\/\/turkiyemhaber.com\/index.php?rest_route=%2Fwp%2Fv2%2Ftags&post=2159"}],"curies":[{"name":"wp","href":"https:\/\/api.w.org\/{rel}","templated":true}]}}