{"id":2156,"date":"2026-05-23T10:34:42","date_gmt":"2026-05-23T10:34:42","guid":{"rendered":"https:\/\/turkiyemhaber.com\/?p=2156"},"modified":"2026-05-23T10:34:46","modified_gmt":"2026-05-23T10:34:46","slug":"ankarada-damperi-acik-sekilde-ilerleyen-tirin-carptigi-ust-gecit-yikildi","status":"publish","type":"post","link":"https:\/\/turkiyemhaber.com\/?p=2156","title":{"rendered":"Ankara&#8217;da damperi a\u00e7\u0131k \u015fekilde ilerleyen t\u0131r\u0131n \u00e7arpt\u0131\u011f\u0131 \u00fcst ge\u00e7it y\u0131k\u0131ld\u0131"},"content":{"rendered":"\n<p class=\"wp-block-paragraph\">Ankara&#8217;n\u0131n Alt\u0131nda\u011f il\u00e7esinde damperi a\u00e7\u0131k \u015fekilde seyreden t\u0131r \u00fcst ge\u00e7ide \u00e7arparak y\u0131k\u0131lmas\u0131na neden oldu.<\/p>\n\n\n\n<p class=\"wp-block-paragraph\">Ankara<\/p>\n\n\n\n<p class=\"wp-block-paragraph\">Z\u00fcbeyde Han\u0131m Mahallesi Turgut \u00d6zal Bulvar\u0131&#8217;nda damperi a\u00e7\u0131k \u015fekilde ilerleyen t\u0131r\u0131n \u00e7arpt\u0131\u011f\u0131 \u00fcst ge\u00e7it y\u0131k\u0131ld\u0131.<\/p>\n\n\n\n<p class=\"wp-block-paragraph\">Yolda seyir halinde bulunan 2 arac\u0131n da kar\u0131\u015ft\u0131\u011f\u0131 kazada 3 ki\u015fi hafif yaraland\u0131.<\/p>\n\n\n\n<p class=\"wp-block-paragraph\">Yaral\u0131lar, Ankara Etlik \u015eehir Hastanesine kald\u0131r\u0131ld\u0131.<\/p>\n\n\n\n<p class=\"wp-block-paragraph\">\u0130tfaiye ekiplerinin kapanan yolu trafi\u011fe a\u00e7ma \u00e7al\u0131\u015fmalar\u0131 s\u00fcr\u00fcyor.<\/p>\n\n\n\n<p class=\"wp-block-paragraph\">Kazayla ilgili soru\u015fturma ba\u015flat\u0131ld\u0131.<\/p>\n\n\n\n<figure class=\"wp-block-image\"><img decoding=\"async\" src=\"https:\/\/web-cdnprod.aa.com.tr\/uploads\/Contents\/2026\/05\/23\/255c999650a0ddfe87d6adbd105c57de.jpg\" alt=\"\"\/><\/figure>\n","protected":false},"excerpt":{"rendered":"<p>Ankara&#8217;n\u0131n Alt\u0131nda\u011f il\u00e7esinde damperi a\u00e7\u0131k \u015fekilde seyreden t\u0131r \u00fcst ge\u00e7ide \u00e7arparak y\u0131k\u0131lmas\u0131na neden oldu. Ankara<\/p>\n","protected":false},"author":1,"featured_media":2157,"comment_status":"open","ping_status":"open","sticky":false,"template":"","format":"standard","meta":{"_rtcl_gb_attr":"","footnotes":""},"categories":[1],"tags":[],"class_list":["post-2156","post","type-post","status-publish","format-standard","has-post-thumbnail","hentry","category-http-turkiyemhaber-com-wp-content-uploads-2026-03-saray-59-haber-13-mart-pdf"],"_links":{"self":[{"href":"https:\/\/turkiyemhaber.com\/index.php?rest_route=\/wp\/v2\/posts\/2156","targetHints":{"allow":["GET"]}}],"collection":[{"href":"https:\/\/turkiyemhaber.com\/index.php?rest_route=\/wp\/v2\/posts"}],"about":[{"href":"https:\/\/turkiyemhaber.com\/index.php?rest_route=\/wp\/v2\/types\/post"}],"author":[{"embeddable":true,"href":"https:\/\/turkiyemhaber.com\/index.php?rest_route=\/wp\/v2\/users\/1"}],"replies":[{"embeddable":true,"href":"https:\/\/turkiyemhaber.com\/index.php?rest_route=%2Fwp%2Fv2%2Fcomments&post=2156"}],"version-history":[{"count":1,"href":"https:\/\/turkiyemhaber.com\/index.php?rest_route=\/wp\/v2\/posts\/2156\/revisions"}],"predecessor-version":[{"id":2158,"href":"https:\/\/turkiyemhaber.com\/index.php?rest_route=\/wp\/v2\/posts\/2156\/revisions\/2158"}],"wp:featuredmedia":[{"embeddable":true,"href":"https:\/\/turkiyemhaber.com\/index.php?rest_route=\/wp\/v2\/media\/2157"}],"wp:attachment":[{"href":"https:\/\/turkiyemhaber.com\/index.php?rest_route=%2Fwp%2Fv2%2Fmedia&parent=2156"}],"wp:term":[{"taxonomy":"category","embeddable":true,"href":"https:\/\/turkiyemhaber.com\/index.php?rest_route=%2Fwp%2Fv2%2Fcategories&post=2156"},{"taxonomy":"post_tag","embeddable":true,"href":"https:\/\/turkiyemhaber.com\/index.php?rest_route=%2Fwp%2Fv2%2Ftags&post=2156"}],"curies":[{"name":"wp","href":"https:\/\/api.w.org\/{rel}","templated":true}]}}