{"id":2153,"date":"2026-05-23T10:32:30","date_gmt":"2026-05-23T10:32:30","guid":{"rendered":"https:\/\/turkiyemhaber.com\/?p=2153"},"modified":"2026-05-23T10:32:35","modified_gmt":"2026-05-23T10:32:35","slug":"istanbulda-kurban-bayraminda-toplu-ulasim-ucretsiz-olacak","status":"publish","type":"post","link":"https:\/\/turkiyemhaber.com\/?p=2153","title":{"rendered":"\u0130stanbul&#8217;da Kurban Bayram\u0131&#8217;nda toplu ula\u015f\u0131m \u00fccretsiz olacak"},"content":{"rendered":"\n<p class=\"wp-block-paragraph\">Kurban Bayram\u0131 boyunca ki\u015fiselle\u015ftirilmi\u015f \u0130stanbulkart sahipleri, \u0130stanbul B\u00fcy\u00fck\u015fehir Belediyesine (\u0130BB) ait toplu ula\u015f\u0131m hizmetlerinden \u00fccretsiz yararlanacak.<\/p>\n\n\n\n<p class=\"wp-block-paragraph\">\u0130stanbul<\/p>\n\n\n\n<p class=\"wp-block-paragraph\">\u0130BB&#8217;den yap\u0131lan a\u00e7\u0131klamaya g\u00f6re, Kurban Bayram\u0131 s\u00fcresince vatanda\u015flar\u0131n huzurlu, g\u00fcvenli ve sa\u011fl\u0131kl\u0131 bir bayram ge\u00e7irmesi ve kentte olumsuzluk ya\u015fanmamas\u0131 i\u00e7in y\u00fcr\u00fct\u00fclen haz\u0131rl\u0131klar tamamland\u0131.<\/p>\n\n\n\n<p class=\"wp-block-paragraph\">Ki\u015fiselle\u015ftirilmi\u015f \u0130stanbulkart sahipleri, 27-30 May\u0131s&#8217;ta \u0130BB&#8217;ye ait t\u00fcm toplu ula\u015f\u0131m ara\u00e7lar\u0131ndan \u00fccretsiz yararlanabilecek.<\/p>\n\n\n\n<p class=\"wp-block-paragraph\">Metro \u0130stanbul A\u015e, bayram\u0131n ilk g\u00fcn\u00fc hatlarda pazar g\u00fcn\u00fc tarifesi uygulayacak. Bayram\u0131n di\u011fer g\u00fcnlerinde ise cumartesi g\u00fcn\u00fc tarifesiyle hizmet verilecek. Gece metrosu hizmeti, cumay\u0131 cumartesiye ve cumartesiyi pazara ba\u011flayan gecelerde, gece metrosu i\u015fletilen hatlarda kesintisiz olarak devam edecek.<\/p>\n\n\n\n<p class=\"wp-block-paragraph\">\u0130ETT, Metro \u0130stanbul A\u015e ve \u015eehir Hatlar\u0131 A\u015e gerekli hallerde ek seferler koyacak.<\/p>\n\n\n\n<p class=\"wp-block-paragraph\">Ayr\u0131ca \u0130ETT, \u0130stanbullular\u0131n kurban sat\u0131\u015f ve kesim alanlar\u0131na rahat ula\u015f\u0131m sa\u011flayabilmesi i\u00e7in Alibeyk\u00f6y-Ferthatpa\u015fa ve Pa\u015fak\u00f6y kurban sat\u0131\u015f ve kesim yerleri i\u00e7in 15 farkl\u0131 hatta hizmet verecek.<\/p>\n\n\n\n<p class=\"wp-block-paragraph\">Alibeyk\u00f6y Kurban Sat\u0131\u015f ve Kesim Alan\u0131 i\u00e7in TM11-Ye\u015filp\u0131nar-Alibeyk\u00f6y, TM17-Sultangazi-Alibeyk\u00f6y, TM6-Mevlana-Alibeyk\u00f6y, TM8-Ak\u015femsettin-Alibeyk\u00f6y hatlar\u0131, Ferhatpa\u015fa Kurban Sat\u0131\u015f ve Kesim Alan\u0131 i\u00e7in 14KS-Sultanbeyli G\u00f6let-Kozyata\u011f\u0131 Metro, 18UK-Uzundere-Kozyata\u011f\u0131, 19YK-Yenido\u011fan-Kay\u0131\u015fda\u011f\u0131, 320A-Sultanbeyli Mimarsinan\/Samand\u0131ra-\u00dcsk\u00fcdar, 320Y-Yenido\u011fan-Kozyata\u011f\u0131 Metro hatlar\u0131 kullan\u0131labilecek.<\/p>\n\n\n\n<p class=\"wp-block-paragraph\">Vatanda\u015flar, Pa\u015fak\u00f6y Kurban Sat\u0131\u015f ve Kesim Alan\u0131&#8217;na, 132M-Sultanbeyli Mimarsinan-Kartal Metro\/Cevizli, 18M-Sultanbeyli Mimarsinan-Uzun\u00e7ay\u0131r Metrob\u00fcs\/Harem, SM3-Mimar Sinan Mahallesi-Prof. Dr. Feriha \u00d6z Hastanesi, UM74-Sultanbeyli Devlet Hastanesi\/Necip Faz\u0131l Metro-Dudullu OSB, SM6-Sultanbeyli Devlet Hastanesi-Samand\u0131ra Merkez Metro hatt\u0131yla ula\u015f\u0131m sa\u011flayabilecek.<\/p>\n\n\n\n<p class=\"wp-block-paragraph\">\u00d6te yandan Pendik Kurnak\u00f6y Kurban Pazar\u0131 i\u00e7in 20 May\u0131s itibar\u0131yla KRB3 Pendik-Kurnak\u00f6y hatt\u0131 da hizmete al\u0131nd\u0131.<\/p>\n","protected":false},"excerpt":{"rendered":"<p>Kurban Bayram\u0131 boyunca ki\u015fiselle\u015ftirilmi\u015f \u0130stanbulkart sahipleri, \u0130stanbul B\u00fcy\u00fck\u015fehir Belediyesine (\u0130BB) ait toplu ula\u015f\u0131m hizmetlerinden \u00fccretsiz<\/p>\n","protected":false},"author":1,"featured_media":2154,"comment_status":"open","ping_status":"open","sticky":false,"template":"","format":"standard","meta":{"_rtcl_gb_attr":"","footnotes":""},"categories":[43],"tags":[],"class_list":["post-2153","post","type-post","status-publish","format-standard","has-post-thumbnail","hentry","category-son-dakika"],"_links":{"self":[{"href":"https:\/\/turkiyemhaber.com\/index.php?rest_route=\/wp\/v2\/posts\/2153","targetHints":{"allow":["GET"]}}],"collection":[{"href":"https:\/\/turkiyemhaber.com\/index.php?rest_route=\/wp\/v2\/posts"}],"about":[{"href":"https:\/\/turkiyemhaber.com\/index.php?rest_route=\/wp\/v2\/types\/post"}],"author":[{"embeddable":true,"href":"https:\/\/turkiyemhaber.com\/index.php?rest_route=\/wp\/v2\/users\/1"}],"replies":[{"embeddable":true,"href":"https:\/\/turkiyemhaber.com\/index.php?rest_route=%2Fwp%2Fv2%2Fcomments&post=2153"}],"version-history":[{"count":1,"href":"https:\/\/turkiyemhaber.com\/index.php?rest_route=\/wp\/v2\/posts\/2153\/revisions"}],"predecessor-version":[{"id":2155,"href":"https:\/\/turkiyemhaber.com\/index.php?rest_route=\/wp\/v2\/posts\/2153\/revisions\/2155"}],"wp:featuredmedia":[{"embeddable":true,"href":"https:\/\/turkiyemhaber.com\/index.php?rest_route=\/wp\/v2\/media\/2154"}],"wp:attachment":[{"href":"https:\/\/turkiyemhaber.com\/index.php?rest_route=%2Fwp%2Fv2%2Fmedia&parent=2153"}],"wp:term":[{"taxonomy":"category","embeddable":true,"href":"https:\/\/turkiyemhaber.com\/index.php?rest_route=%2Fwp%2Fv2%2Fcategories&post=2153"},{"taxonomy":"post_tag","embeddable":true,"href":"https:\/\/turkiyemhaber.com\/index.php?rest_route=%2Fwp%2Fv2%2Ftags&post=2153"}],"curies":[{"name":"wp","href":"https:\/\/api.w.org\/{rel}","templated":true}]}}