{"id":2150,"date":"2026-05-23T10:30:13","date_gmt":"2026-05-23T10:30:13","guid":{"rendered":"https:\/\/turkiyemhaber.com\/?p=2150"},"modified":"2026-05-23T10:30:17","modified_gmt":"2026-05-23T10:30:17","slug":"adanada-teror-orgutu-deasa-yonelik-operasyonda-yakalanan-16-zanlidan-6si-tutuklandi","status":"publish","type":"post","link":"https:\/\/turkiyemhaber.com\/?p=2150","title":{"rendered":"Adana&#8217;da ter\u00f6r \u00f6rg\u00fct\u00fc DEA\u015e&#8217;a y\u00f6nelik operasyonda yakalanan 16 zanl\u0131dan 6&#8217;s\u0131 tutukland\u0131"},"content":{"rendered":"\n<p class=\"wp-block-paragraph\">Adana&#8217;da ter\u00f6r \u00f6rg\u00fct\u00fc DEA\u015e&#8217;a y\u00f6nelik operasyonda g\u00f6zalt\u0131na al\u0131nan 16 yabanc\u0131 uyruklu \u015f\u00fcpheliden 6&#8217;s\u0131 tutukland\u0131, di\u011ferleri s\u0131n\u0131r d\u0131\u015f\u0131 edilmek \u00fczere \u0130l G\u00f6\u00e7 \u0130daresi M\u00fcd\u00fcrl\u00fc\u011f\u00fcne g\u00f6nderildi.<\/p>\n\n\n\n<p class=\"wp-block-paragraph\">Adana<\/p>\n\n\n\n<p class=\"wp-block-paragraph\">\u0130l Emniyet M\u00fcd\u00fcrl\u00fc\u011f\u00fc Ter\u00f6rle M\u00fccadele \u015eubesi (TEM) ekiplerinin, ter\u00f6r \u00f6rg\u00fct\u00fcn\u00fcn &#8220;uyuyan h\u00fccre&#8221; yap\u0131lanmas\u0131na y\u00f6nelik 20 May\u0131s&#8217;ta d\u00fczenledi\u011fi operasyonda g\u00f6zalt\u0131na al\u0131narak adliyeye sevk edilen 16 \u015f\u00fcpheli n\u00f6bet\u00e7i sulh ceza hakimli\u011fine \u00e7\u0131kar\u0131ld\u0131.<\/p>\n\n\n\n<p class=\"wp-block-paragraph\">Hakimlik, zanl\u0131lardan 6&#8217;s\u0131n\u0131 tutuklad\u0131, di\u011ferleri ise s\u0131n\u0131r d\u0131\u015f\u0131 edilmek \u00fczere \u0130l G\u00f6\u00e7 \u0130daresi M\u00fcd\u00fcrl\u00fc\u011f\u00fcne g\u00f6nderildi.<\/p>\n\n\n\n<figure class=\"wp-block-image\"><img decoding=\"async\" src=\"https:\/\/web-cdnprod.aa.com.tr\/uploads\/Contents\/2026\/05\/23\/99b9ff33cc1522c56de9710eb19176e1.jpg\" alt=\"\"\/><\/figure>\n\n\n\n<p class=\"wp-block-paragraph\">TEM ekipleri, Irak ve Suriye&#8217;de \u00f6rg\u00fct ad\u0131na faaliyette bulunup &#8220;uyuyan h\u00fccre&#8221; yap\u0131lanmas\u0131nda yer ald\u0131\u011f\u0131 belirlenen 16 zanl\u0131n\u0131n kimli\u011fini tespit etmi\u015f, \u00f6zel harekat polislerinin de kat\u0131l\u0131m\u0131yla 20 May\u0131s&#8217;ta merkez Seyhan il\u00e7esinde belirlenen adreslere operasyon d\u00fczenlemi\u015fti.<\/p>\n\n\n\n<p class=\"wp-block-paragraph\">Aralar\u0131nda s\u00f6zde sorumlu d\u00fczeyinde bulunanlar\u0131n da yer ald\u0131\u011f\u0131 16 Suriye ve Irak uyruklu \u015f\u00fcpheli g\u00f6zalt\u0131na al\u0131nm\u0131\u015f, adreslerde yap\u0131lan aramalarda ise dijital materyal ele ge\u00e7irilmi\u015fti.<\/p>\n","protected":false},"excerpt":{"rendered":"<p>Adana&#8217;da ter\u00f6r \u00f6rg\u00fct\u00fc DEA\u015e&#8217;a y\u00f6nelik operasyonda g\u00f6zalt\u0131na al\u0131nan 16 yabanc\u0131 uyruklu \u015f\u00fcpheliden 6&#8217;s\u0131 tutukland\u0131, di\u011ferleri<\/p>\n","protected":false},"author":1,"featured_media":2151,"comment_status":"open","ping_status":"open","sticky":false,"template":"","format":"standard","meta":{"_rtcl_gb_attr":"","footnotes":""},"categories":[43],"tags":[],"class_list":["post-2150","post","type-post","status-publish","format-standard","has-post-thumbnail","hentry","category-son-dakika"],"_links":{"self":[{"href":"https:\/\/turkiyemhaber.com\/index.php?rest_route=\/wp\/v2\/posts\/2150","targetHints":{"allow":["GET"]}}],"collection":[{"href":"https:\/\/turkiyemhaber.com\/index.php?rest_route=\/wp\/v2\/posts"}],"about":[{"href":"https:\/\/turkiyemhaber.com\/index.php?rest_route=\/wp\/v2\/types\/post"}],"author":[{"embeddable":true,"href":"https:\/\/turkiyemhaber.com\/index.php?rest_route=\/wp\/v2\/users\/1"}],"replies":[{"embeddable":true,"href":"https:\/\/turkiyemhaber.com\/index.php?rest_route=%2Fwp%2Fv2%2Fcomments&post=2150"}],"version-history":[{"count":1,"href":"https:\/\/turkiyemhaber.com\/index.php?rest_route=\/wp\/v2\/posts\/2150\/revisions"}],"predecessor-version":[{"id":2152,"href":"https:\/\/turkiyemhaber.com\/index.php?rest_route=\/wp\/v2\/posts\/2150\/revisions\/2152"}],"wp:featuredmedia":[{"embeddable":true,"href":"https:\/\/turkiyemhaber.com\/index.php?rest_route=\/wp\/v2\/media\/2151"}],"wp:attachment":[{"href":"https:\/\/turkiyemhaber.com\/index.php?rest_route=%2Fwp%2Fv2%2Fmedia&parent=2150"}],"wp:term":[{"taxonomy":"category","embeddable":true,"href":"https:\/\/turkiyemhaber.com\/index.php?rest_route=%2Fwp%2Fv2%2Fcategories&post=2150"},{"taxonomy":"post_tag","embeddable":true,"href":"https:\/\/turkiyemhaber.com\/index.php?rest_route=%2Fwp%2Fv2%2Ftags&post=2150"}],"curies":[{"name":"wp","href":"https:\/\/api.w.org\/{rel}","templated":true}]}}