{"id":2143,"date":"2026-05-23T10:17:44","date_gmt":"2026-05-23T10:17:44","guid":{"rendered":"https:\/\/turkiyemhaber.com\/?p=2143"},"modified":"2026-05-23T10:17:49","modified_gmt":"2026-05-23T10:17:49","slug":"aziz-yildirim-sanliurfa-fenerbahceliler-dernegine-giris-yapti-salonda-adim-atacak-yer-kalmadi","status":"publish","type":"post","link":"https:\/\/turkiyemhaber.com\/?p=2143","title":{"rendered":"Aziz Y\u0131ld\u0131r\u0131m \u015eanl\u0131urfa Fenerbah\u00e7eliler derne\u011fine giri\u015f yapt\u0131! Salonda ad\u0131m atacak yer kalmad\u0131"},"content":{"rendered":"\n<p class=\"wp-block-paragraph\">Fenerbah\u00e7e Ba\u015fkan Aday\u0131 Aziz Y\u0131ld\u0131r\u0131m, se\u00e7im \u00e7al\u0131\u015fmalar\u0131 kapsam\u0131nda geldi\u011fi \u015eanl\u0131urfa\u2019da yo\u011fun ilgiyle kar\u015f\u0131land\u0131. \u015eanl\u0131urfa Fenerbah\u00e7eliler Derne\u011fi\u2019nde salonun t\u0131kl\u0131m t\u0131kl\u0131m doldu\u011fu g\u00f6r\u00fcld\u00fc.<\/p>\n\n\n\n<p class=\"wp-block-paragraph\">Fenerbah\u00e7e\u2019de 6-7 Haziran tarihlerinde ger\u00e7ekle\u015ftirilecek Ola\u011fan Se\u00e7imli Genel Kurul \u00f6ncesi \u00e7al\u0131\u015fmalar\u0131n\u0131 s\u00fcrd\u00fcren ba\u015fkan aday\u0131&nbsp;<a href=\"https:\/\/www.sondakika.com\/aziz-yildirim-2\/\">Aziz Y\u0131ld\u0131r\u0131m<\/a>, temaslarda bulunmak \u00fczere \u015eanl\u0131urfa\u2019ya gitti.<\/p>\n\n\n\n<h3 class=\"wp-block-heading\">\u00d6ZEL U\u00c7AKLA \u015eANLIURFA\u2019YA GELD\u0130<\/h3>\n\n\n\n<p class=\"wp-block-paragraph\"><a href=\"https:\/\/www.sondakika.com\/aziz-yildirim\/\">Aziz Y\u0131ld\u0131r\u0131m<\/a>, \u00f6zel u\u00e7akla geldi\u011fi \u015eanl\u0131urfa GAP Havaliman\u0131\u2019nda yo\u011fun ilgiyle kar\u015f\u0131land\u0131.&nbsp;Y\u0131ld\u0131r\u0131m\u2019\u0131 havaliman\u0131nda \u015eanl\u0131urfa Fenerbah\u00e7eliler Derne\u011fi Ba\u015fkan\u0131 Mahmut K\u0131z\u0131ldemir ile \u015eanl\u0131urfaspor eski Kul\u00fcp Ba\u015fkan\u0131 Ha\u00e7\u0131m \u0130zol kar\u015f\u0131lad\u0131.<\/p>\n\n\n\n<h3 class=\"wp-block-heading\">TARAFTARLARDAN YO\u011eUN \u0130LG\u0130<\/h3>\n\n\n\n<p class=\"wp-block-paragraph\">Havaliman\u0131nda toplanan vatanda\u015flar ve Fenerbah\u00e7eli taraftarlar Aziz Y\u0131ld\u0131r\u0131m\u2019a sevgi g\u00f6sterilerinde bulundu.&nbsp;Tecr\u00fcbeli ismin \u015eanl\u0131urfa ziyareti sar\u0131-lacivertli taraftarlar taraf\u0131ndan yak\u0131ndan takip edildi.<\/p>\n\n\n\n<figure class=\"wp-block-image\"><img decoding=\"async\" src=\"https:\/\/foto.sondakika.com\/haber\/2026\/05\/23\/aziz-yildirim-sanliurfa-fenerb-64247614-9966_1_m.jpg\" alt=\"Aziz Y\u0131ld\u0131r\u0131m \u015eanl\u0131urfa Fenerbah\u00e7eliler derne\u011fine giri\u015f yapt\u0131! Salonda ad\u0131m atacak yer kalmad\u0131\"\/><\/figure>\n\n\n\n<h3 class=\"wp-block-heading\">DERNEKTE TIKLIM TIKLIM KALABALIK<\/h3>\n\n\n\n<p class=\"wp-block-paragraph\">Aziz Y\u0131ld\u0131r\u0131m daha sonra \u015eanl\u0131urfa Fenerbah\u00e7eliler Derne\u011fi\u2019ne ge\u00e7ti.&nbsp;Dernek binas\u0131nda ad\u0131m atacak yer kalmad\u0131\u011f\u0131, salonun tamamen doldu\u011fu g\u00f6r\u00fcld\u00fc.<\/p>\n\n\n\n<figure class=\"wp-block-image\"><img decoding=\"async\" src=\"https:\/\/foto.sondakika.com\/haber\/2026\/05\/23\/aziz-yildirim-sanliurfa-fenerb-60241584-7210_1_m.jpg\" alt=\"Aziz Y\u0131ld\u0131r\u0131m \u015eanl\u0131urfa Fenerbah\u00e7eliler derne\u011fine giri\u015f yapt\u0131! Salonda ad\u0131m atacak yer kalmad\u0131\"\/><\/figure>\n\n\n\n<h3 class=\"wp-block-heading\">BASINA KAPALI TOPLANTI YAPACAK<\/h3>\n\n\n\n<p class=\"wp-block-paragraph\">Edinilen bilgilere g\u00f6re Aziz Y\u0131ld\u0131r\u0131m\u2019\u0131n dernek \u00fcyeleriyle bas\u0131na kapal\u0131 bir toplant\u0131 ger\u00e7ekle\u015ftirmesi bekleniyor.&nbsp;Toplant\u0131da se\u00e7im s\u00fcrecine ili\u015fkin de\u011ferlendirmelerde bulunaca\u011f\u0131 \u00f6\u011frenildi.<\/p>\n\n\n\n<h3 class=\"wp-block-heading\">TAR\u0130H\u0130 B\u00d6LGELER\u0130 DE GEZECEK<\/h3>\n\n\n\n<p class=\"wp-block-paragraph\">Aziz Y\u0131ld\u0131r\u0131m\u2019\u0131n \u015eanl\u0131urfa program\u0131 kapsam\u0131nda kentteki tarihi b\u00f6lgeleri de ziyaret etmesinin planland\u0131\u011f\u0131 belirtildi.&nbsp;\u015eanl\u0131urfa\u2019daki yo\u011fun ilgi dikkat \u00e7ekti.<\/p>\n","protected":false},"excerpt":{"rendered":"<p>Fenerbah\u00e7e Ba\u015fkan Aday\u0131 Aziz Y\u0131ld\u0131r\u0131m, se\u00e7im \u00e7al\u0131\u015fmalar\u0131 kapsam\u0131nda geldi\u011fi \u015eanl\u0131urfa\u2019da yo\u011fun ilgiyle kar\u015f\u0131land\u0131. \u015eanl\u0131urfa Fenerbah\u00e7eliler<\/p>\n","protected":false},"author":1,"featured_media":2144,"comment_status":"open","ping_status":"open","sticky":false,"template":"","format":"standard","meta":{"_rtcl_gb_attr":"","footnotes":""},"categories":[3],"tags":[],"class_list":["post-2143","post","type-post","status-publish","format-standard","has-post-thumbnail","hentry","category-spor"],"_links":{"self":[{"href":"https:\/\/turkiyemhaber.com\/index.php?rest_route=\/wp\/v2\/posts\/2143","targetHints":{"allow":["GET"]}}],"collection":[{"href":"https:\/\/turkiyemhaber.com\/index.php?rest_route=\/wp\/v2\/posts"}],"about":[{"href":"https:\/\/turkiyemhaber.com\/index.php?rest_route=\/wp\/v2\/types\/post"}],"author":[{"embeddable":true,"href":"https:\/\/turkiyemhaber.com\/index.php?rest_route=\/wp\/v2\/users\/1"}],"replies":[{"embeddable":true,"href":"https:\/\/turkiyemhaber.com\/index.php?rest_route=%2Fwp%2Fv2%2Fcomments&post=2143"}],"version-history":[{"count":1,"href":"https:\/\/turkiyemhaber.com\/index.php?rest_route=\/wp\/v2\/posts\/2143\/revisions"}],"predecessor-version":[{"id":2145,"href":"https:\/\/turkiyemhaber.com\/index.php?rest_route=\/wp\/v2\/posts\/2143\/revisions\/2145"}],"wp:featuredmedia":[{"embeddable":true,"href":"https:\/\/turkiyemhaber.com\/index.php?rest_route=\/wp\/v2\/media\/2144"}],"wp:attachment":[{"href":"https:\/\/turkiyemhaber.com\/index.php?rest_route=%2Fwp%2Fv2%2Fmedia&parent=2143"}],"wp:term":[{"taxonomy":"category","embeddable":true,"href":"https:\/\/turkiyemhaber.com\/index.php?rest_route=%2Fwp%2Fv2%2Fcategories&post=2143"},{"taxonomy":"post_tag","embeddable":true,"href":"https:\/\/turkiyemhaber.com\/index.php?rest_route=%2Fwp%2Fv2%2Ftags&post=2143"}],"curies":[{"name":"wp","href":"https:\/\/api.w.org\/{rel}","templated":true}]}}