{"id":2137,"date":"2026-05-23T10:14:06","date_gmt":"2026-05-23T10:14:06","guid":{"rendered":"https:\/\/turkiyemhaber.com\/?p=2137"},"modified":"2026-05-23T10:14:11","modified_gmt":"2026-05-23T10:14:11","slug":"mit-operasyonuyla-suriyede-10-deasli-terorist-yakalandi","status":"publish","type":"post","link":"https:\/\/turkiyemhaber.com\/?p=2137","title":{"rendered":"M\u0130T operasyonuyla Suriye&#8217;de 10 DEA\u015e&#8217;l\u0131 ter\u00f6rist yakaland\u0131"},"content":{"rendered":"\n<p class=\"wp-block-paragraph\">M\u0130T&#8217;in Suriye \u0130stihbarat Servisiyle koordineli ger\u00e7ekle\u015ftirdi\u011fi operasyonla k\u0131rm\u0131z\u0131 b\u00fcltenle aranan 1&#8217;i Ankara gar sald\u0131r\u0131s\u0131yla ba\u011flant\u0131l\u0131 10 DEA\u015e&#8217;l\u0131 ter\u00f6rist Suriye&#8217;de yakaland\u0131.<\/p>\n\n\n\n<p class=\"wp-block-paragraph\">Ankara<\/p>\n\n\n\n<p class=\"wp-block-paragraph\">Milli \u0130stihbarat Te\u015fkilat\u0131n\u0131n (M\u0130T), Suriye \u0130stihbarat Servisi ile koordineli ger\u00e7ekle\u015ftirdi\u011fi operasyonla, k\u0131rm\u0131z\u0131 b\u00fcltenle aranan 1&#8217;i Ankara Gar\u0131 sald\u0131r\u0131s\u0131yla ba\u011flant\u0131l\u0131 10 DEA\u015e&#8217;l\u0131 ter\u00f6rist Suriye&#8217;de yakalanarak T\u00fcrkiye&#8217;ye getirildi.<\/p>\n\n\n\n<p class=\"wp-block-paragraph\">G\u00fcvenlik kaynaklar\u0131ndan edinilen bilgiye g\u00f6re, M\u0130T&#8217;in istihbari \u00e7al\u0131\u015fmalar\u0131 sonucunda, T\u00fcrkiye&#8217;den Suriye&#8217;ye ge\u00e7erek ter\u00f6r \u00f6rg\u00fct\u00fc DEA\u015e&#8217;a kat\u0131lan T\u00fcrk k\u00f6kenli \u015f\u00fcphelilerin, \u00f6rg\u00fct b\u00fcnyesinde faaliyet g\u00f6sterdi\u011fi, ge\u00e7mi\u015fte T\u00fcrkiye&#8217;de ger\u00e7ekle\u015ftirilen bir\u00e7ok ter\u00f6r eyleminde yer ald\u0131\u011f\u0131 belirlendi.<\/p>\n\n\n\n<p class=\"wp-block-paragraph\">Ter\u00f6ristlerden birinin, Ankara Gar\u0131 sald\u0131r\u0131s\u0131n\u0131n failleri ile ba\u011flant\u0131l\u0131 oldu\u011fu tespit edildi.<\/p>\n\n\n\n<p class=\"wp-block-paragraph\">M\u0130T, 10 DEA\u015e ter\u00f6r \u00f6rg\u00fct\u00fc mensubunun Suriye&#8217;de oldu\u011funu saptamas\u0131 \u00fczerine, Suriye \u0130stihbarat Servisi ile koordineli saha \u00e7al\u0131\u015fmalar\u0131 y\u00fcr\u00fctt\u00fc. Hareketleri ad\u0131m ad\u0131m izlenen ter\u00f6ristler, d\u00fczenlenen operasyonla yakalanarak T\u00fcrkiye&#8217;ye getirildi.<\/p>\n\n\n\n<p class=\"wp-block-paragraph\">M\u0130T ve Emniyet Genel M\u00fcd\u00fcrl\u00fc\u011f\u00fc Ter\u00f6rle M\u00fccadele (TEM) Dairesi Ba\u015fkanl\u0131\u011f\u0131n\u0131n y\u00fcr\u00fctt\u00fc\u011f\u00fc ortak \u00e7al\u0131\u015fma sonucunda yakalanan 10 DEA\u015e&#8217;l\u0131dan 9&#8217;u tutukland\u0131, birinin ise g\u00f6zalt\u0131 s\u00fcresi uzat\u0131ld\u0131.<\/p>\n\n\n\n<h2 class=\"wp-block-heading\">Ter\u00f6ristlerin eylemleri<\/h2>\n\n\n\n<p class=\"wp-block-paragraph\">Ter\u00f6ristlerin, emniyetteki ifadelerinde, ter\u00f6r \u00f6rg\u00fct\u00fc DEA\u015e taraf\u0131ndan verilen eylem talimatlar\u0131na, \u00f6rg\u00fct b\u00fcnyesinde ald\u0131klar\u0131 silahl\u0131 ve dini e\u011fitimlere, \u00f6rg\u00fct ad\u0131na ger\u00e7ekle\u015ftirdikleri propaganda faaliyetlerine ili\u015fkin bilgiler verdikleri \u00f6\u011frenildi.<\/p>\n\n\n\n<p class=\"wp-block-paragraph\">K\u0131rm\u0131z\u0131 b\u00fcltenle aranan 10 ter\u00f6ristten Ali Bora&#8217;n\u0131n, \u00f6rg\u00fct\u00fcn s\u00f6zde T\u00fcrkiye&#8217;den sorumlu istihbarat emiri oldu\u011fu, 2014&#8217;te \u00f6rg\u00fcte kat\u0131lmak i\u00e7in Suriye&#8217;ye ge\u00e7ti\u011fi belirlendi.<\/p>\n\n\n\n<p class=\"wp-block-paragraph\">DEA\u015e i\u00e7erisinde farkl\u0131 birimlerde g\u00f6rev alan Bora&#8217;n\u0131n, pek \u00e7ok \u00e7at\u0131\u015fmaya kat\u0131ld\u0131\u011f\u0131, \u00f6rg\u00fct\u00fcn T\u00fcrkiye&#8217;yi tan\u0131mlad\u0131\u011f\u0131 s\u00f6zde &#8220;Faruk Ofisi&#8221;nde g\u00f6rev yapt\u0131\u011f\u0131, s\u00f6zde &#8220;T\u00fcrkiye Vilayeti&#8221; unsurlar\u0131nca T\u00fcrk Silahl\u0131 Kuvvetlerine y\u00f6nelik d\u00fczenlenen 3 eylemin planlay\u0131c\u0131lar\u0131 aras\u0131nda yer ald\u0131\u011f\u0131 tespit edildi.<\/p>\n\n\n\n<p class=\"wp-block-paragraph\">Ter\u00f6ristlerden \u00d6mer Deniz D\u00fcndar&#8217;\u0131n ise 10 Ekim 2015&#8217;te Ankara Gar\u0131 \u00f6n\u00fcnde d\u00fczenlenen sald\u0131r\u0131da DEA\u015e&#8217;l\u0131 ter\u00f6ristlerle irtibatl\u0131 oldu\u011fu, 2014&#8217;te \u00f6rg\u00fcte kat\u0131lmak i\u00e7in Suriye&#8217;ye ge\u00e7ti\u011fi, DEA\u015e i\u00e7inde farkl\u0131 birimlerde g\u00f6rev ald\u0131\u011f\u0131 ortaya \u00e7\u0131kar\u0131ld\u0131.<\/p>\n\n\n\n<p class=\"wp-block-paragraph\">\u00c7ok say\u0131da \u00e7at\u0131\u015fmaya kat\u0131lan D\u00fcndar&#8217;\u0131n, s\u00f6zde &#8220;Faruk Ofisi&#8221;nde g\u00f6rev yapt\u0131\u011f\u0131, ter\u00f6r \u00f6rg\u00fct\u00fcn\u00fcn T\u00fcrkiye&#8217;ye y\u00f6nelik ger\u00e7ekle\u015ftirdi\u011fi bir\u00e7ok sald\u0131r\u0131 ile ba\u011flant\u0131l\u0131 oldu\u011fu anla\u015f\u0131ld\u0131.<\/p>\n\n\n\n<p class=\"wp-block-paragraph\">D\u00fcndar&#8217;\u0131n ayr\u0131ca 2017&#8217;de T\u00fcrkiye&#8217;de olas\u0131 eylemlerin \u00f6nlenmesine y\u00f6nelik operasyonlarda yakalanan intihar kemerli iki sald\u0131rgan\u0131n \u00fczerlerindeki bomba d\u00fczeneklerinde parmak izinin bulundu\u011fu saptand\u0131.<\/p>\n\n\n\n<h2 class=\"wp-block-heading\">S\u00f6zde &#8220;Faruk Ofisi&#8221; yap\u0131lanmas\u0131<\/h2>\n\n\n\n<p class=\"wp-block-paragraph\">Ter\u00f6r \u00f6rg\u00fct\u00fc \u00fcyesi H\u00fcseyin Peri&#8217;nin de 2014&#8217;te \u00f6rg\u00fcte kat\u0131lmak i\u00e7in Suriye&#8217;ye ge\u00e7ti\u011fi, \u00f6rg\u00fct\u00fcn sa\u011fl\u0131k biriminde faaliyet y\u00fcr\u00fctt\u00fc\u011f\u00fc, 2015&#8217;te ter\u00f6r \u00f6rg\u00fct\u00fc PYD\/YPG unsurlar\u0131 taraf\u0131ndan yakalanarak esir al\u0131nd\u0131\u011f\u0131 tespit edildi.<\/p>\n\n\n\n<p class=\"wp-block-paragraph\">PYD\/YPG ile DEA\u015e aras\u0131nda ger\u00e7ekle\u015ftirilen esir takas\u0131nda serbest b\u0131rak\u0131lan Peri&#8217;nin 2019&#8217;a kadar DEA\u015e&#8217;\u0131n sa\u011fl\u0131k biriminde faaliyetlerine devam etti\u011fi saptand\u0131.<\/p>\n\n\n\n<p class=\"wp-block-paragraph\">Ter\u00f6ristlerden Kadir G\u00f6z\u00fckara&#8217;n\u0131n, DEA\u015e&#8217;a ba\u011fl\u0131 faaliyet y\u00fcr\u00fcten &#8220;Dokumac\u0131 Grubu&#8221;nun eleba\u015f\u0131 Mustafa Dokumac\u0131&#8217;n\u0131n y\u00f6nlendirmesiyle 2015&#8217;te \u00f6rg\u00fcte kat\u0131lmak i\u00e7in Suriye&#8217;ye ge\u00e7ti\u011fi, engelli olmas\u0131ndan dolay\u0131 \u00f6rg\u00fct\u00fcn silahl\u0131 faaliyetlerinde bulunmad\u0131\u011f\u0131 ancak Suriye&#8217;ye gelen ter\u00f6ristlerin lojistik ihtiya\u00e7lar\u0131n\u0131 kar\u015f\u0131lamada g\u00f6rev ald\u0131\u011f\u0131, Mustafa Dokumac\u0131&#8217;n\u0131n y\u00f6nlendirmesiyle 2021&#8217;e kadar medya faaliyetlerini y\u00fcr\u00fctt\u00fc\u011f\u00fc ortaya \u00e7\u0131kar\u0131ld\u0131.<\/p>\n\n\n\n<p class=\"wp-block-paragraph\">Ter\u00f6r \u00f6rg\u00fct\u00fc \u00fcyesi Abdullah \u00c7obano\u011flu&#8217;nun \u00e7at\u0131\u015fma b\u00f6lgelerinde faaliyet g\u00f6stermek \u00fczere 2016&#8217;da Suriye&#8217;ye ge\u00e7ti\u011fi, Suriye&#8217;de &#8220;selefi\/tekfiri&#8221; g\u00f6r\u00fc\u015f\u00fc benimseyen gruplar i\u00e7erisinde silahl\u0131 faaliyetlere kat\u0131ld\u0131\u011f\u0131, bulundu\u011fu araca ger\u00e7ekle\u015ftirilen EYP&#8217;li sald\u0131r\u0131da baca\u011f\u0131n\u0131 kaybetti\u011fi, 2020&#8217;de DEA\u015e&#8217;a biat ederek s\u00f6zde &#8220;Faruk Ofisi&#8221;ne ba\u011fl\u0131 medya biriminde g\u00f6rev ald\u0131\u011f\u0131 belirlendi.<\/p>\n\n\n\n<p class=\"wp-block-paragraph\">Yakalananlardan Hakk\u0131 Y\u00fcksek&#8217;in \u00f6rg\u00fcte kat\u0131lmak i\u00e7in 2016&#8217;da Suriye&#8217;ye ge\u00e7ti\u011fi, \u00f6rg\u00fct\u00fcn silahl\u0131 faaliyetlerine ve \u00e7at\u0131\u015fmalara kat\u0131ld\u0131\u011f\u0131, kontrol sahas\u0131n\u0131 kaybetmesi \u00fczerine \u00f6rg\u00fct\u00fcn h\u00fccre yap\u0131lanmas\u0131 i\u00e7erisinde faaliyetlerini s\u00fcrd\u00fcrd\u00fc\u011f\u00fc, bir d\u00f6nem s\u00f6zde &#8220;Faruk Ofisi&#8221; i\u00e7erisinde faaliyetlerine devam etti\u011fi, &#8220;Dokumac\u0131 Grubu&#8221;nun eleba\u015f\u0131 Mustafa Dokumac\u0131&#8217;n\u0131n yard\u0131mc\u0131l\u0131\u011f\u0131n\u0131 yapt\u0131\u011f\u0131 ve \u00f6zel i\u015flerini y\u00fcr\u00fctt\u00fc\u011f\u00fc tespit edildi.<\/p>\n\n\n\n<h2 class=\"wp-block-heading\">\u00d6rg\u00fctsel faaliyetler y\u00fcr\u00fctt\u00fcler<\/h2>\n\n\n\n<p class=\"wp-block-paragraph\">Ter\u00f6r \u00f6rg\u00fct\u00fc \u00fcyesi \u00c7ekdar Y\u0131lmaz&#8217;\u0131n \u00f6rg\u00fcte kat\u0131lmak i\u00e7in 2017&#8217;de Suriye&#8217;ye ge\u00e7ti\u011fi, \u00f6rg\u00fctte ald\u0131\u011f\u0131 askeri e\u011fitimler sonras\u0131 silahl\u0131 unsur olarak \u0130dlib b\u00f6lgesinde faaliyet g\u00f6sterdi\u011fi, 2018&#8217;de s\u00f6zde &#8220;Faruk Ofisi&#8221;ne kat\u0131larak medya biriminde faaliyetlerine devam etti\u011fi belirlendi.<\/p>\n\n\n\n<p class=\"wp-block-paragraph\">Yakalananlardan Murat \u00d6zdemir&#8217;in \u00f6rg\u00fcte kat\u0131lmak i\u00e7in 2017&#8217;de Suriye&#8217;ye ge\u00e7ti\u011fi, \u0130dlib b\u00f6lgesinde \u00f6rg\u00fct\u00fcn silahl\u0131 eylemlerine kat\u0131ld\u0131\u011f\u0131, \u00f6rg\u00fct\u00fcn kontrol sahas\u0131n\u0131 kaybetmesi \u00fczerine s\u00f6zde &#8220;Faruk Ofisi&#8221;nde faaliyetlerine devam etti\u011fi ve Esad rejimine kar\u015f\u0131 DEA\u015e b\u00fcnyesinde faaliyet y\u00fcr\u00fctt\u00fc\u011f\u00fc anla\u015f\u0131ld\u0131.<\/p>\n\n\n\n<p class=\"wp-block-paragraph\">Ter\u00f6r \u00f6rg\u00fct\u00fc \u00fcyesi \u0130shak G\u00fcnci&#8217;nin \u00f6rg\u00fcte kat\u0131lmak i\u00e7in 2017&#8217;de Suriye&#8217;ye ge\u00e7ti\u011fi, \u00f6rg\u00fctte silahl\u0131 unsur olarak \u00e7at\u0131\u015fmalara kat\u0131ld\u0131\u011f\u0131, s\u00f6zde &#8220;Faruk Ofisi&#8221;nde g\u00f6rev ald\u0131\u011f\u0131, Esad rejimine kar\u015f\u0131 havan at\u0131\u015flar\u0131na kat\u0131ld\u0131\u011f\u0131 ve yakalanana kadar \u00f6rg\u00fct faaliyetlerini s\u00fcrd\u00fcrd\u00fc\u011f\u00fc belirlendi.<\/p>\n\n\n\n<p class=\"wp-block-paragraph\">G\u00f6zalt\u0131 s\u00fcresi uzat\u0131lan ter\u00f6r \u00f6rg\u00fct\u00fc \u00fcyesi K.D&#8217;nin ise \u00e7at\u0131\u015fma b\u00f6lgelerinde faaliyet g\u00f6stermek i\u00e7in 2016&#8217;da \u015eanl\u0131urfa&#8217;dan Suriye&#8217;ye ge\u00e7ti\u011fi, \u0130dlib ve m\u00fccaviri alanlarda &#8220;selefi\/tekfiri&#8221; gruplar ile birlikte faaliyet g\u00f6sterdi\u011fi, 2017&#8217;de \u00f6rg\u00fcte biat ederek s\u00f6zde &#8220;Faruk Ofisi&#8221;nde idari sorumlu olarak faaliyet g\u00f6sterdi\u011fi, &#8220;Faruk Ofisi&#8221;nce ger\u00e7ekle\u015ftirilen eylemlerle ba\u011flant\u0131l\u0131 oldu\u011fu tespit edildi.<\/p>\n","protected":false},"excerpt":{"rendered":"<p>M\u0130T&#8217;in Suriye \u0130stihbarat Servisiyle koordineli ger\u00e7ekle\u015ftirdi\u011fi operasyonla k\u0131rm\u0131z\u0131 b\u00fcltenle aranan 1&#8217;i Ankara gar sald\u0131r\u0131s\u0131yla ba\u011flant\u0131l\u0131<\/p>\n","protected":false},"author":1,"featured_media":2138,"comment_status":"open","ping_status":"open","sticky":false,"template":"","format":"standard","meta":{"_rtcl_gb_attr":"","footnotes":""},"categories":[43],"tags":[],"class_list":["post-2137","post","type-post","status-publish","format-standard","has-post-thumbnail","hentry","category-son-dakika"],"_links":{"self":[{"href":"https:\/\/turkiyemhaber.com\/index.php?rest_route=\/wp\/v2\/posts\/2137","targetHints":{"allow":["GET"]}}],"collection":[{"href":"https:\/\/turkiyemhaber.com\/index.php?rest_route=\/wp\/v2\/posts"}],"about":[{"href":"https:\/\/turkiyemhaber.com\/index.php?rest_route=\/wp\/v2\/types\/post"}],"author":[{"embeddable":true,"href":"https:\/\/turkiyemhaber.com\/index.php?rest_route=\/wp\/v2\/users\/1"}],"replies":[{"embeddable":true,"href":"https:\/\/turkiyemhaber.com\/index.php?rest_route=%2Fwp%2Fv2%2Fcomments&post=2137"}],"version-history":[{"count":1,"href":"https:\/\/turkiyemhaber.com\/index.php?rest_route=\/wp\/v2\/posts\/2137\/revisions"}],"predecessor-version":[{"id":2139,"href":"https:\/\/turkiyemhaber.com\/index.php?rest_route=\/wp\/v2\/posts\/2137\/revisions\/2139"}],"wp:featuredmedia":[{"embeddable":true,"href":"https:\/\/turkiyemhaber.com\/index.php?rest_route=\/wp\/v2\/media\/2138"}],"wp:attachment":[{"href":"https:\/\/turkiyemhaber.com\/index.php?rest_route=%2Fwp%2Fv2%2Fmedia&parent=2137"}],"wp:term":[{"taxonomy":"category","embeddable":true,"href":"https:\/\/turkiyemhaber.com\/index.php?rest_route=%2Fwp%2Fv2%2Fcategories&post=2137"},{"taxonomy":"post_tag","embeddable":true,"href":"https:\/\/turkiyemhaber.com\/index.php?rest_route=%2Fwp%2Fv2%2Ftags&post=2137"}],"curies":[{"name":"wp","href":"https:\/\/api.w.org\/{rel}","templated":true}]}}