{"id":2133,"date":"2026-05-23T10:12:46","date_gmt":"2026-05-23T10:12:46","guid":{"rendered":"https:\/\/turkiyemhaber.com\/?p=2133"},"modified":"2026-05-23T10:12:51","modified_gmt":"2026-05-23T10:12:51","slug":"hukumlu-sahis-hastanede-kafasinda-bardak-kirarak-kendini-yaraladi","status":"publish","type":"post","link":"https:\/\/turkiyemhaber.com\/?p=2133","title":{"rendered":"H\u00fck\u00fcml\u00fc \u015fah\u0131s, hastanede kafas\u0131nda bardak k\u0131rarak kendini yaralad\u0131"},"content":{"rendered":"\n<p class=\"wp-block-paragraph\">Ad\u0131yaman\u2019\u0131n \u00c7elikhan il\u00e7esinde hastaneye giden bir \u015fah\u0131s, eline ge\u00e7irdi\u011fi cam barda\u011f\u0131 kafas\u0131nda par\u00e7alayarak kanlar i\u00e7inde kal\u0131rken; tedavi alt\u0131na al\u0131nan yaral\u0131n\u0131n cezaevi firarisi bir h\u00fck\u00fcml\u00fc oldu\u011fu ortaya \u00e7\u0131kt\u0131.<\/p>\n\n\n\n<p class=\"wp-block-paragraph\">Ad\u0131yaman\u2019da h\u00fck\u00fcml\u00fc \u015fah\u0131s, hastanede kafas\u0131nda bardak k\u0131rarak kendini yaralad\u0131.<\/p>\n\n\n\n<h3 class=\"wp-block-heading\">KANLAR \u0130\u00c7\u0130NDE KALDI<\/h3>\n\n\n\n<p class=\"wp-block-paragraph\">Edinilen bilgilere g\u00f6re, \u00c7elikhan il\u00e7esinde F.A. isimli \u015fah\u0131s, gitti\u011fi \u00c7elikhan \u0130l\u00e7e Devlet Hastanesi\u2019nde eline ald\u0131\u011f\u0131 cam barda\u011f\u0131 kafas\u0131nda par\u00e7alad\u0131. Kendini yaralayan \u015fahsa ilk m\u00fcdahale sa\u011fl\u0131k personeli taraf\u0131ndan hastanede yap\u0131ld\u0131. Yaral\u0131, daha sonra Ad\u0131yaman E\u011fitim ve Ara\u015ft\u0131rma Hastanesi\u2019ne kald\u0131r\u0131ld\u0131.<\/p>\n\n\n\n<h3 class=\"wp-block-heading\">F\u0130RAR\u0130 H\u00dcK\u00dcML\u00dc \u00c7IKTI<\/h3>\n\n\n\n<p class=\"wp-block-paragraph\">Hastanede tedavi alt\u0131na al\u0131nan \u015fahs\u0131n firari bir h\u00fck\u00fcml\u00fc oldu\u011fu iddia edildi. Konuyla ilgili soru\u015fturma ba\u015flat\u0131ld\u0131.&nbsp;<\/p>\n","protected":false},"excerpt":{"rendered":"<p>Ad\u0131yaman\u2019\u0131n \u00c7elikhan il\u00e7esinde hastaneye giden bir \u015fah\u0131s, eline ge\u00e7irdi\u011fi cam barda\u011f\u0131 kafas\u0131nda par\u00e7alayarak kanlar i\u00e7inde<\/p>\n","protected":false},"author":1,"featured_media":2135,"comment_status":"open","ping_status":"open","sticky":false,"template":"","format":"standard","meta":{"_rtcl_gb_attr":"","footnotes":""},"categories":[1],"tags":[],"class_list":["post-2133","post","type-post","status-publish","format-standard","has-post-thumbnail","hentry","category-http-turkiyemhaber-com-wp-content-uploads-2026-03-saray-59-haber-13-mart-pdf"],"_links":{"self":[{"href":"https:\/\/turkiyemhaber.com\/index.php?rest_route=\/wp\/v2\/posts\/2133","targetHints":{"allow":["GET"]}}],"collection":[{"href":"https:\/\/turkiyemhaber.com\/index.php?rest_route=\/wp\/v2\/posts"}],"about":[{"href":"https:\/\/turkiyemhaber.com\/index.php?rest_route=\/wp\/v2\/types\/post"}],"author":[{"embeddable":true,"href":"https:\/\/turkiyemhaber.com\/index.php?rest_route=\/wp\/v2\/users\/1"}],"replies":[{"embeddable":true,"href":"https:\/\/turkiyemhaber.com\/index.php?rest_route=%2Fwp%2Fv2%2Fcomments&post=2133"}],"version-history":[{"count":1,"href":"https:\/\/turkiyemhaber.com\/index.php?rest_route=\/wp\/v2\/posts\/2133\/revisions"}],"predecessor-version":[{"id":2136,"href":"https:\/\/turkiyemhaber.com\/index.php?rest_route=\/wp\/v2\/posts\/2133\/revisions\/2136"}],"wp:featuredmedia":[{"embeddable":true,"href":"https:\/\/turkiyemhaber.com\/index.php?rest_route=\/wp\/v2\/media\/2135"}],"wp:attachment":[{"href":"https:\/\/turkiyemhaber.com\/index.php?rest_route=%2Fwp%2Fv2%2Fmedia&parent=2133"}],"wp:term":[{"taxonomy":"category","embeddable":true,"href":"https:\/\/turkiyemhaber.com\/index.php?rest_route=%2Fwp%2Fv2%2Fcategories&post=2133"},{"taxonomy":"post_tag","embeddable":true,"href":"https:\/\/turkiyemhaber.com\/index.php?rest_route=%2Fwp%2Fv2%2Ftags&post=2133"}],"curies":[{"name":"wp","href":"https:\/\/api.w.org\/{rel}","templated":true}]}}