{"id":2130,"date":"2026-05-23T10:11:08","date_gmt":"2026-05-23T10:11:08","guid":{"rendered":"https:\/\/turkiyemhaber.com\/?p=2130"},"modified":"2026-05-23T10:11:13","modified_gmt":"2026-05-23T10:11:13","slug":"30-yil-boyunca-olu-birinin-kimligiyle-yasayip-devleti-dolandirdi","status":"publish","type":"post","link":"https:\/\/turkiyemhaber.com\/?p=2130","title":{"rendered":"30 y\u0131l boyunca \u00f6l\u00fc birinin kimli\u011fiyle ya\u015fay\u0131p devleti doland\u0131rd\u0131"},"content":{"rendered":"\n<p class=\"wp-block-paragraph\">Kuveyt\u2019te ortaya \u00e7\u0131kan ve yakla\u015f\u0131k 30 y\u0131l\u0131 kapsayan kimlik sahtekarl\u0131\u011f\u0131 dosyas\u0131 \u00fclkede b\u00fcy\u00fck yank\u0131 uyand\u0131rd\u0131. Bir kad\u0131n\u0131n, hayat\u0131n\u0131 kaybetmi\u015f bir Kuveyt vatanda\u015f\u0131n\u0131n kimli\u011fini kullanarak y\u0131llarca resmi kay\u0131tlarda ba\u015fka biri gibi ya\u015fad\u0131\u011f\u0131, bu s\u00fcre\u00e7te devlet taraf\u0131ndan sa\u011flanan maa\u015f, konut ve \u00e7e\u015fitli sosyal yard\u0131mlardan yararland\u0131\u011f\u0131 iddia edildi. Uzun s\u00fcren soru\u015fturman\u0131n ard\u0131ndan ortaya \u00e7\u0131kar\u0131lan olay, \u00fclkede kamu yard\u0131mlar\u0131 ve vatanda\u015fl\u0131k sistemine y\u00f6nelik denetimleri yeniden g\u00fcndeme ta\u015f\u0131d\u0131.<\/p>\n\n\n\n<p class=\"wp-block-paragraph\">Kuveyt\u2019te ortaya \u00e7\u0131kan s\u0131ra d\u0131\u015f\u0131 doland\u0131r\u0131c\u0131l\u0131k dosyas\u0131 geni\u015f yank\u0131 uyand\u0131rd\u0131. Bir kad\u0131n\u0131n, yakla\u015f\u0131k 30 y\u0131l boyunca \u00f6len bir Kuveyt vatanda\u015f\u0131n\u0131n kimli\u011fiyle ya\u015fad\u0131\u011f\u0131 ve bu s\u00fcre\u00e7te maa\u015f, konut ile \u00e7e\u015fitli sosyal yard\u0131mlardan yararland\u0131\u011f\u0131 ortaya \u00e7\u0131kt\u0131. Yetkililerin uzun s\u00fcren soru\u015fturmas\u0131 sonucu ortaya \u00e7\u0131kan olay\u0131n ard\u0131ndan mahkeme, kad\u0131n ve babas\u0131 hakk\u0131nda hapis ve para cezas\u0131 karar\u0131 verdi.<\/p>\n\n\n\n<h3 class=\"wp-block-heading\">SAHTE K\u0130ML\u0130K \u0130DD\u0130ASI 1995 YILINA UZANIYOR&nbsp;<\/h3>\n\n\n\n<p class=\"wp-block-paragraph\">Gulf News\u2019in haberine g\u00f6re olay\u0131n ba\u015flang\u0131c\u0131 1995 y\u0131l\u0131na dayan\u0131yor. Mahkeme kay\u0131tlar\u0131na g\u00f6re kad\u0131n ile babas\u0131, resmi belgelerde sahtecilik yaparak kad\u0131n\u0131 hayat\u0131n\u0131 kaybetmi\u015f bir Kuveyt vatanda\u015f\u0131n\u0131n k\u0131z\u0131 olarak kaydettirdi.<\/p>\n\n\n\n<p class=\"wp-block-paragraph\">Soru\u015fturma dosyas\u0131na g\u00f6re kad\u0131n, uzun y\u0131llar boyunca bu kimlikle herhangi bir \u015f\u00fcphe \u00e7ekmeden ya\u015fam\u0131n\u0131 s\u00fcrd\u00fcrd\u00fc.<\/p>\n\n\n\n<h3 class=\"wp-block-heading\">MAA\u015e, KONUT VE SOSYAL YARDIMLARDAN YARARLANDI&nbsp;<\/h3>\n\n\n\n<p class=\"wp-block-paragraph\">\u0130ddialara g\u00f6re kad\u0131n, sahte kimlik \u00fczerinden yakla\u015f\u0131k otuz y\u0131l boyunca ayl\u0131k maa\u015f, emekli \u00f6demeleri, devlet destekli konut ve vatanda\u015flara sa\u011flanan \u00e7e\u015fitli mali ve sosyal haklardan yararland\u0131.<\/p>\n\n\n\n<p class=\"wp-block-paragraph\">Yetkililer, olay\u0131n yaln\u0131zca kimlik sahtecili\u011fiyle s\u0131n\u0131rl\u0131 kalmad\u0131\u011f\u0131n\u0131, kamu kaynaklar\u0131n\u0131n uzun y\u0131llar usuls\u00fcz \u015fekilde kullan\u0131ld\u0131\u011f\u0131n\u0131 de\u011ferlendirdi.<\/p>\n\n\n\n<h3 class=\"wp-block-heading\">SORU\u015eTURMA G\u0130ZL\u0130 Y\u00dcR\u00dcT\u00dcLD\u00dc&nbsp;<\/h3>\n\n\n\n<p class=\"wp-block-paragraph\">Dosyan\u0131n ortaya \u00e7\u0131kmas\u0131, eski sivil kay\u0131tlar ve resmi belgeler \u00fczerinde y\u00fcr\u00fct\u00fclen uzun s\u00fcreli ve gizli incelemelerin ard\u0131ndan m\u00fcmk\u00fcn oldu.<\/p>\n\n\n\n<p class=\"wp-block-paragraph\">Soru\u015fturmac\u0131lar, kamuoyunda uzun y\u0131llar Kuveyt vatanda\u015f\u0131 olarak tan\u0131nan kad\u0131n\u0131n ger\u00e7ekte ba\u015fka bir ki\u015finin kimli\u011fini kulland\u0131\u011f\u0131n\u0131 tespit etti.<\/p>\n\n\n\n<h3 class=\"wp-block-heading\">HAP\u0130S VE M\u0130LYONLUK CEZA&nbsp;<\/h3>\n\n\n\n<p class=\"wp-block-paragraph\">Kuveyt Ceza Mahkemesi, Hakim Dr. Khaled Al Omaira ba\u015fkanl\u0131\u011f\u0131nda g\u00f6r\u00fclen davada kad\u0131n ile babas\u0131n\u0131 yedi y\u0131l a\u011f\u0131r hapis cezas\u0131na \u00e7arpt\u0131rd\u0131.<\/p>\n\n\n\n<p class=\"wp-block-paragraph\">Mahkeme ayr\u0131ca san\u0131klara 1,5 milyon Kuveyt dinar\u0131 para cezas\u0131 verilmesine ve yakla\u015f\u0131k 30 y\u0131l boyunca yasa d\u0131\u015f\u0131 yollarla elde edildi\u011fi belirtilen t\u00fcm maddi kazan\u00e7lar\u0131n geri \u00f6denmesine h\u00fckmetti.<\/p>\n\n\n\n<p class=\"wp-block-paragraph\">Karar\u0131n, Kuveyt\u2019te son d\u00f6nemde artan sahte kimlik, vatanda\u015fl\u0131k ve kamu yard\u0131mlar\u0131na usuls\u00fcz eri\u015fim soru\u015fturmalar\u0131n\u0131n son \u00f6rneklerinden biri oldu\u011fu belirtiliyor. Yetkililerin benzer dosyalarla ilgili denetim ve incelemeleri art\u0131rd\u0131\u011f\u0131 ifade ediliyor.<\/p>\n","protected":false},"excerpt":{"rendered":"<p>Kuveyt\u2019te ortaya \u00e7\u0131kan ve yakla\u015f\u0131k 30 y\u0131l\u0131 kapsayan kimlik sahtekarl\u0131\u011f\u0131 dosyas\u0131 \u00fclkede b\u00fcy\u00fck yank\u0131 uyand\u0131rd\u0131.<\/p>\n","protected":false},"author":1,"featured_media":2131,"comment_status":"open","ping_status":"open","sticky":false,"template":"","format":"standard","meta":{"_rtcl_gb_attr":"","footnotes":""},"categories":[65],"tags":[],"class_list":["post-2130","post","type-post","status-publish","format-standard","has-post-thumbnail","hentry","category-dunya"],"_links":{"self":[{"href":"https:\/\/turkiyemhaber.com\/index.php?rest_route=\/wp\/v2\/posts\/2130","targetHints":{"allow":["GET"]}}],"collection":[{"href":"https:\/\/turkiyemhaber.com\/index.php?rest_route=\/wp\/v2\/posts"}],"about":[{"href":"https:\/\/turkiyemhaber.com\/index.php?rest_route=\/wp\/v2\/types\/post"}],"author":[{"embeddable":true,"href":"https:\/\/turkiyemhaber.com\/index.php?rest_route=\/wp\/v2\/users\/1"}],"replies":[{"embeddable":true,"href":"https:\/\/turkiyemhaber.com\/index.php?rest_route=%2Fwp%2Fv2%2Fcomments&post=2130"}],"version-history":[{"count":1,"href":"https:\/\/turkiyemhaber.com\/index.php?rest_route=\/wp\/v2\/posts\/2130\/revisions"}],"predecessor-version":[{"id":2132,"href":"https:\/\/turkiyemhaber.com\/index.php?rest_route=\/wp\/v2\/posts\/2130\/revisions\/2132"}],"wp:featuredmedia":[{"embeddable":true,"href":"https:\/\/turkiyemhaber.com\/index.php?rest_route=\/wp\/v2\/media\/2131"}],"wp:attachment":[{"href":"https:\/\/turkiyemhaber.com\/index.php?rest_route=%2Fwp%2Fv2%2Fmedia&parent=2130"}],"wp:term":[{"taxonomy":"category","embeddable":true,"href":"https:\/\/turkiyemhaber.com\/index.php?rest_route=%2Fwp%2Fv2%2Fcategories&post=2130"},{"taxonomy":"post_tag","embeddable":true,"href":"https:\/\/turkiyemhaber.com\/index.php?rest_route=%2Fwp%2Fv2%2Ftags&post=2130"}],"curies":[{"name":"wp","href":"https:\/\/api.w.org\/{rel}","templated":true}]}}