{"id":2127,"date":"2026-05-23T10:04:35","date_gmt":"2026-05-23T10:04:35","guid":{"rendered":"https:\/\/turkiyemhaber.com\/?p=2127"},"modified":"2026-05-23T10:04:41","modified_gmt":"2026-05-23T10:04:41","slug":"alperen-sengune-canli-yayinda-cirkin-saldiri","status":"publish","type":"post","link":"https:\/\/turkiyemhaber.com\/?p=2127","title":{"rendered":"Alperen \u015eeng\u00fcn&#8217;e canl\u0131 yay\u0131nda \u00e7irkin sald\u0131r\u0131"},"content":{"rendered":"\n<p class=\"wp-block-paragraph\">EuroLeague Final-Four i\u00e7in Atina\u2019da bulunan Alperen \u015eeng\u00fcn, canl\u0131 yay\u0131n s\u0131ras\u0131nda Yunan taraftarlar\u0131n provokasyonuna maruz kald\u0131. Milli basketbolcuya su f\u0131rlat\u0131l\u0131rken hakaret i\u00e7erikli tezah\u00fcratlar da yap\u0131ld\u0131.<\/p>\n\n\n\n<p class=\"wp-block-paragraph\">EuroLeague Final-Four organizasyonu i\u00e7in Atina\u2019da bulunan milli basketbolcu&nbsp;<a href=\"https:\/\/www.sondakika.com\/alperen-sengun\/\">Alperen \u015eeng\u00fcn<\/a>, Yunan taraftarlar\u0131n provokatif tavr\u0131yla kar\u015f\u0131 kar\u015f\u0131ya kald\u0131.<\/p>\n\n\n\n<h3 class=\"wp-block-heading\">CANLI YAYIN SIRASINDA HEDEF ALINDI<\/h3>\n\n\n\n<p class=\"wp-block-paragraph\">Houston Rockets formas\u0131 giyen milli y\u0131ld\u0131z Alperen \u015eeng\u00fcn, Final-Four heyecan\u0131n\u0131 yerinde takip etmek i\u00e7in Yunanistan\u2019a gitti.&nbsp;Canl\u0131 yay\u0131nda r\u00f6portaj verdi\u011fi s\u0131rada baz\u0131 Yunan taraftarlar ta\u015fk\u0131nl\u0131k \u00e7\u0131kard\u0131.<\/p>\n\n\n\n<figure class=\"wp-block-image\"><img decoding=\"async\" src=\"https:\/\/foto.sondakika.com\/haber\/2026\/05\/23\/alperen-sengune-canli-yayinda-19874547-5869_1_m.jpg\" alt=\"Alperen \u015eeng\u00fcn'e canl\u0131 yay\u0131nda \u00e7irkin sald\u0131r\u0131\"\/><\/figure>\n\n\n\n<h3 class=\"wp-block-heading\">SU FIRLATTILAR<\/h3>\n\n\n\n<p class=\"wp-block-paragraph\">Yunan bayraklar\u0131 a\u00e7an taraftar grubu, Alperen \u015eeng\u00fcn\u2019e do\u011fru su f\u0131rlatt\u0131.&nbsp;Ya\u015fananlar s\u0131ras\u0131nda canl\u0131 yay\u0131n k\u0131sa s\u00fcreli gerginli\u011fe sahne oldu.<\/p>\n\n\n\n<h3 class=\"wp-block-heading\">HAKARETLER ETT\u0130LER<\/h3>\n\n\n\n<p class=\"wp-block-paragraph\">Olay yaln\u0131zca su f\u0131rlat\u0131lmas\u0131yla s\u0131n\u0131rl\u0131 kalmad\u0131.&nbsp;Baz\u0131 taraftarlar\u0131n milli basketbolcuya y\u00f6nelik k\u00fcf\u00fcr ve hakaret i\u00e7eren s\u00f6ylemlerde bulundu\u011fu belirtildi.<\/p>\n\n\n\n<figure class=\"wp-block-image\"><img decoding=\"async\" src=\"https:\/\/foto.sondakika.com\/haber\/2026\/05\/23\/alperen-sengune-canli-yayinda-19874547-2683_1_m.jpg\" alt=\"Alperen \u015eeng\u00fcn'e canl\u0131 yay\u0131nda \u00e7irkin sald\u0131r\u0131\"\/><\/figure>\n\n\n\n<h3 class=\"wp-block-heading\">ALPEREN SO\u011eUKKANLILI\u011eINI KORUDU<\/h3>\n\n\n\n<p class=\"wp-block-paragraph\">Ya\u015fanan provokasyona ra\u011fmen Alperen \u015eeng\u00fcn\u2019\u00fcn sakinli\u011fini korudu\u011fu g\u00f6r\u00fcld\u00fc.&nbsp;Milli basketbolcu r\u00f6portaj\u0131na devam ederek herhangi bir kar\u015f\u0131l\u0131k vermedi.<\/p>\n\n\n\n<h3 class=\"wp-block-heading\">TEPK\u0130LER GELD\u0130<\/h3>\n\n\n\n<p class=\"wp-block-paragraph\">Olay sonras\u0131 basketbolseverler ya\u015fananlara tepki g\u00f6sterdi.&nbsp;EuroLeague y\u00f6netimine ve organizasyon yetkililerine sald\u0131rgan taraftarlarla ilgili yapt\u0131r\u0131m \u00e7a\u011fr\u0131lar\u0131 yap\u0131ld\u0131.&nbsp;EuroLeague Final-Four organizasyonu Atina\u2019da b\u00fcy\u00fck heyecana sahne olurken ya\u015fanan olay&nbsp;<a href=\"https:\/\/www.sondakika.com\/spor\/\">spor<\/a>&nbsp;kamuoyunda rahats\u0131zl\u0131k yaratt\u0131.&nbsp;Alperen \u015eeng\u00fcn\u2019\u00fcn profesyonel tavr\u0131 ise takdir toplad\u0131.<\/p>\n","protected":false},"excerpt":{"rendered":"<p>EuroLeague Final-Four i\u00e7in Atina\u2019da bulunan Alperen \u015eeng\u00fcn, canl\u0131 yay\u0131n s\u0131ras\u0131nda Yunan taraftarlar\u0131n provokasyonuna maruz kald\u0131.<\/p>\n","protected":false},"author":1,"featured_media":2128,"comment_status":"open","ping_status":"open","sticky":false,"template":"","format":"standard","meta":{"_rtcl_gb_attr":"","footnotes":""},"categories":[43,3],"tags":[],"class_list":["post-2127","post","type-post","status-publish","format-standard","has-post-thumbnail","hentry","category-son-dakika","category-spor"],"_links":{"self":[{"href":"https:\/\/turkiyemhaber.com\/index.php?rest_route=\/wp\/v2\/posts\/2127","targetHints":{"allow":["GET"]}}],"collection":[{"href":"https:\/\/turkiyemhaber.com\/index.php?rest_route=\/wp\/v2\/posts"}],"about":[{"href":"https:\/\/turkiyemhaber.com\/index.php?rest_route=\/wp\/v2\/types\/post"}],"author":[{"embeddable":true,"href":"https:\/\/turkiyemhaber.com\/index.php?rest_route=\/wp\/v2\/users\/1"}],"replies":[{"embeddable":true,"href":"https:\/\/turkiyemhaber.com\/index.php?rest_route=%2Fwp%2Fv2%2Fcomments&post=2127"}],"version-history":[{"count":1,"href":"https:\/\/turkiyemhaber.com\/index.php?rest_route=\/wp\/v2\/posts\/2127\/revisions"}],"predecessor-version":[{"id":2129,"href":"https:\/\/turkiyemhaber.com\/index.php?rest_route=\/wp\/v2\/posts\/2127\/revisions\/2129"}],"wp:featuredmedia":[{"embeddable":true,"href":"https:\/\/turkiyemhaber.com\/index.php?rest_route=\/wp\/v2\/media\/2128"}],"wp:attachment":[{"href":"https:\/\/turkiyemhaber.com\/index.php?rest_route=%2Fwp%2Fv2%2Fmedia&parent=2127"}],"wp:term":[{"taxonomy":"category","embeddable":true,"href":"https:\/\/turkiyemhaber.com\/index.php?rest_route=%2Fwp%2Fv2%2Fcategories&post=2127"},{"taxonomy":"post_tag","embeddable":true,"href":"https:\/\/turkiyemhaber.com\/index.php?rest_route=%2Fwp%2Fv2%2Ftags&post=2127"}],"curies":[{"name":"wp","href":"https:\/\/api.w.org\/{rel}","templated":true}]}}