{"id":2124,"date":"2026-05-23T10:01:40","date_gmt":"2026-05-23T10:01:40","guid":{"rendered":"https:\/\/turkiyemhaber.com\/?p=2124"},"modified":"2026-05-23T10:01:44","modified_gmt":"2026-05-23T10:01:44","slug":"giresunda-5-kisinin-oldugu-kaza-ani-kamerada-araclari-bicen-tir-hic-fren-yapmamis","status":"publish","type":"post","link":"https:\/\/turkiyemhaber.com\/?p=2124","title":{"rendered":"Giresun&#8217;da 5 ki\u015finin \u00f6ld\u00fc\u011f\u00fc kaza an\u0131 kamerada! Ara\u00e7lar\u0131 bi\u00e7en t\u0131r hi\u00e7 fren yapmam\u0131\u015f"},"content":{"rendered":"\n<p class=\"wp-block-paragraph\">Giresun&#8217;da Karadeniz Sahil Yolu liman mevkiinde arkadan gelen \u00e7ekicinin k\u0131rm\u0131z\u0131 \u0131\u015f\u0131kta bekleyen bir otomobile arkadan \u00e7arpmas\u0131 sonras\u0131nda ayn\u0131 aileden 5 ki\u015finin hayat\u0131n\u0131 kaybetti\u011fi, 6 ki\u015finin de yaraland\u0131\u011f\u0131 kaza an\u0131 g\u00fcvenlik kameralar\u0131na yans\u0131d\u0131. G\u00f6r\u00fcnt\u00fclerde ara\u00e7lar\u0131 bi\u00e7en t\u0131r\u0131n hi\u00e7 fren yapmad\u0131\u011f\u0131 g\u00f6r\u00fcld\u00fc.<\/p>\n\n\n\n<p class=\"wp-block-paragraph\">&#8216;da t\u0131r\u0131n iki otomobile \u00e7arpt\u0131\u011f\u0131 trafik kazas\u0131nda 5 ki\u015fi hayat\u0131n\u0131 kaybederken kaza an\u0131n\u0131n g\u00f6r\u00fcnt\u00fcleri ortaya \u00e7\u0131kt\u0131.<\/p>\n\n\n\n<h3 class=\"wp-block-heading\">TIR, KIRMIZI I\u015eIKTA BEKLEYEN ARA\u00c7LARI B\u0130\u00c7T\u0130<\/h3>\n\n\n\n<p class=\"wp-block-paragraph\">Edinilen bilgilere g\u00f6re, gece saat 01.45 s\u0131ralar\u0131nda Ordu istikametinden Trabzon istikametine gitmekte olan M.U. y\u00f6netimindeki 55 K 4065 plakal\u0131 \u00e7ekici, Karadeniz Sahil Yolu&#8217;nun Giresun Liman\u0131 mevkiindeki \u0131\u015f\u0131klarda bekleyen Ali Y\u0131ld\u0131z (45) 34 PM 61 plakal\u0131 otomobile arkadan \u00e7arpt\u0131. \u00c7arpman\u0131n etkisi ile savrulan ara\u00e7 \u00f6n\u00fcnde duran Ferhat Y\u0131ld\u0131z (45) y\u00f6netimindeki 34 PN 09 plakal\u0131 otomobile \u00e7arpt\u0131. Bu ara\u00e7 da \u00e7arpman\u0131n etkisiyle ileri f\u0131rlayarak \u00f6n\u00fcnde k\u0131rm\u0131z\u0131 \u0131\u015f\u0131kta beklemekte olan s\u00fcr\u00fcc\u00fc K\u00f6ksal Yusuf Halil (31) idaresindeki otomobile \u00e7arpt\u0131.<\/p>\n\n\n\n<figure class=\"wp-block-image\"><img decoding=\"async\" src=\"https:\/\/foto.sondakika.com\/haber\/2026\/05\/23\/giresunda-5-kisinin-oldugu-6-k-19874494-9064_1_m.jpg\" alt=\"Giresun'da 5 ki\u015finin \u00f6ld\u00fc\u011f\u00fc kaza an\u0131 kamerada! Ara\u00e7lar\u0131 bi\u00e7en t\u0131r hi\u00e7 fren yapmam\u0131\u015f\"\/><\/figure>\n\n\n\n<h3 class=\"wp-block-heading\">B\u0130R A\u0130LE YOK OLDU<\/h3>\n\n\n\n<p class=\"wp-block-paragraph\">4 arac\u0131n kar\u0131\u015ft\u0131\u011f\u0131 zincirleme kazada Ali Y\u0131ld\u0131z ile ayn\u0131 ara\u00e7ta bulunan ayn\u0131 aileden Melek Y\u0131ld\u0131z (40), Hamza Y\u0131ld\u0131z (7) Hasan Y\u0131ld\u0131z (7) ve Sadem Ya\u011fmur Y\u0131ld\u0131z (15) hayat\u0131n\u0131 kaybetti, Rana Meltem Y\u0131ld\u0131z (20) ise a\u011f\u0131r yaraland\u0131. Kazaya neden olan \u00e7ekici s\u00fcr\u00fcc\u00fcs\u00fc M.U. (59) da kazada a\u011f\u0131r yaralan\u0131rken, Ferhat Y\u0131ld\u0131z, Fatma Y\u0131ld\u0131z, Rana Y\u0131ld\u0131z, S\u00fcmeyye Y\u0131ld\u0131z (9) ve Eymen Y\u0131ld\u0131z (16) Giresun&#8217;ndaki hastanelerde tedavi alt\u0131na al\u0131nd\u0131.<\/p>\n\n\n\n<figure class=\"wp-block-image\"><img decoding=\"async\" src=\"https:\/\/foto.sondakika.com\/haber\/2026\/05\/23\/giresunda-5-kisinin-oldugu-6-k-19874494-2517_1_m.jpg\" alt=\"Giresun'da 5 ki\u015finin \u00f6ld\u00fc\u011f\u00fc kaza an\u0131 kamerada! Ara\u00e7lar\u0131 bi\u00e7en t\u0131r hi\u00e7 fren yapmam\u0131\u015f\"\/><\/figure>\n\n\n\n<h3 class=\"wp-block-heading\">KAZA ANI KAMERADA<\/h3>\n\n\n\n<p class=\"wp-block-paragraph\">Kaza an\u0131 ise kazanan ya\u015fand\u0131\u011f\u0131 kav\u015fa\u011f\u0131 g\u00f6ren bir g\u00fcvenlik kameras\u0131na yans\u0131d\u0131. G\u00f6r\u00fcnt\u00fclerde t\u0131r\u0131n hi\u00e7 yava\u015flamad\u0131\u011f\u0131 ve otomobilleri \u00f6n\u00fcne katarak ba\u015fka bir t\u0131r ile \u00e7arp\u0131\u015ft\u0131\u011f\u0131 g\u00f6r\u00fcld\u00fc.<\/p>\n\n\n\n<figure class=\"wp-block-image\"><img decoding=\"async\" src=\"https:\/\/foto.sondakika.com\/haber\/2026\/05\/23\/giresunda-5-kisinin-oldugu-kaz-19874494-7295_1_m.jpg\" alt=\"Giresun'da 5 ki\u015finin \u00f6ld\u00fc\u011f\u00fc kaza an\u0131 kamerada! Ara\u00e7lar\u0131 bi\u00e7en t\u0131r hi\u00e7 fren yapmam\u0131\u015f\"\/><\/figure>\n\n\n\n<figure class=\"wp-block-image\"><img decoding=\"async\" src=\"https:\/\/foto.sondakika.com\/haber\/2026\/05\/23\/giresunda-5-kisinin-oldugu-kaz-19874494-8072_1_m.jpg\" alt=\"Giresun'da 5 ki\u015finin \u00f6ld\u00fc\u011f\u00fc kaza an\u0131 kamerada! Ara\u00e7lar\u0131 bi\u00e7en t\u0131r hi\u00e7 fren yapmam\u0131\u015f\"\/><\/figure>\n","protected":false},"excerpt":{"rendered":"<p>Giresun&#8217;da Karadeniz Sahil Yolu liman mevkiinde arkadan gelen \u00e7ekicinin k\u0131rm\u0131z\u0131 \u0131\u015f\u0131kta bekleyen bir otomobile arkadan<\/p>\n","protected":false},"author":1,"featured_media":2125,"comment_status":"open","ping_status":"open","sticky":false,"template":"","format":"standard","meta":{"_rtcl_gb_attr":"","footnotes":""},"categories":[43],"tags":[],"class_list":["post-2124","post","type-post","status-publish","format-standard","has-post-thumbnail","hentry","category-son-dakika"],"_links":{"self":[{"href":"https:\/\/turkiyemhaber.com\/index.php?rest_route=\/wp\/v2\/posts\/2124","targetHints":{"allow":["GET"]}}],"collection":[{"href":"https:\/\/turkiyemhaber.com\/index.php?rest_route=\/wp\/v2\/posts"}],"about":[{"href":"https:\/\/turkiyemhaber.com\/index.php?rest_route=\/wp\/v2\/types\/post"}],"author":[{"embeddable":true,"href":"https:\/\/turkiyemhaber.com\/index.php?rest_route=\/wp\/v2\/users\/1"}],"replies":[{"embeddable":true,"href":"https:\/\/turkiyemhaber.com\/index.php?rest_route=%2Fwp%2Fv2%2Fcomments&post=2124"}],"version-history":[{"count":1,"href":"https:\/\/turkiyemhaber.com\/index.php?rest_route=\/wp\/v2\/posts\/2124\/revisions"}],"predecessor-version":[{"id":2126,"href":"https:\/\/turkiyemhaber.com\/index.php?rest_route=\/wp\/v2\/posts\/2124\/revisions\/2126"}],"wp:featuredmedia":[{"embeddable":true,"href":"https:\/\/turkiyemhaber.com\/index.php?rest_route=\/wp\/v2\/media\/2125"}],"wp:attachment":[{"href":"https:\/\/turkiyemhaber.com\/index.php?rest_route=%2Fwp%2Fv2%2Fmedia&parent=2124"}],"wp:term":[{"taxonomy":"category","embeddable":true,"href":"https:\/\/turkiyemhaber.com\/index.php?rest_route=%2Fwp%2Fv2%2Fcategories&post=2124"},{"taxonomy":"post_tag","embeddable":true,"href":"https:\/\/turkiyemhaber.com\/index.php?rest_route=%2Fwp%2Fv2%2Ftags&post=2124"}],"curies":[{"name":"wp","href":"https:\/\/api.w.org\/{rel}","templated":true}]}}