{"id":2121,"date":"2026-05-23T09:57:14","date_gmt":"2026-05-23T09:57:14","guid":{"rendered":"https:\/\/turkiyemhaber.com\/?p=2121"},"modified":"2026-05-23T09:57:18","modified_gmt":"2026-05-23T09:57:18","slug":"hastane-de-bunu-yaparsa-47-milyon-ceza-kesildi","status":"publish","type":"post","link":"https:\/\/turkiyemhaber.com\/?p=2121","title":{"rendered":"Hastane de bunu yaparsa! 47 milyon ceza kesildi"},"content":{"rendered":"\n<p class=\"wp-block-paragraph\">Elaz\u0131\u011f&#8217;da t\u0131bbi at\u0131klar\u0131 mevzuata ayk\u0131r\u0131 \u015fekilde ta\u015f\u0131y\u0131p kendi m\u00fclk\u00fcnde a\u00e7\u0131kta yakan \u00f6zel sa\u011fl\u0131k kurulu\u015funa, 47 milyon 206 bin 354 TL idari para cezas\u0131 uyguland\u0131.<\/p>\n\n\n\n<p class=\"wp-block-paragraph\">\u00c7evre, \u015eehircilik ve \u0130klim De\u011fi\u015fikli\u011fi Bakanl\u0131\u011f\u0131&#8217;ndan yap\u0131lan a\u00e7\u0131klamaya g\u00f6re; Elaz\u0131\u011f Belediye Ba\u015fkanl\u0131\u011f\u0131&#8217;ndan gelen ihbar \u00fczerine, \u00c7evre, \u015eehircilik ve \u0130klim De\u011fi\u015fikli\u011fi \u0130l M\u00fcd\u00fcrl\u00fc\u011f\u00fc ekipleri \u00e7al\u0131\u015fma yapt\u0131. Belediye teknik personeli ve \u0130l Jandarma Komutanl\u0131\u011f\u0131 ekipleriyle koordineli d\u00fczenlenen denetimde, hastane faaliyetlerinden kaynaklanan t\u0131bbi at\u0131klar\u0131n usul\u00fcne ayk\u0131r\u0131 \u015fekilde ta\u015f\u0131nd\u0131\u011f\u0131 ve i\u015fletme sahibinin kendi m\u00fclk\u00fcnde yak\u0131l\u0131p imha edilmeye \u00e7al\u0131\u015f\u0131ld\u0131\u011f\u0131 belirlendi.<\/p>\n\n\n\n<h3 class=\"wp-block-heading\">GE\u00c7M\u0130\u015e YILLARDA DA YAKILMI\u015e<\/h3>\n\n\n\n<p class=\"wp-block-paragraph\">Bakanl\u0131k ekiplerinin yapt\u0131\u011f\u0131 incelemelerde, insan sa\u011fl\u0131\u011f\u0131 a\u00e7\u0131s\u0131ndan risk ta\u015f\u0131yan t\u0131bbi at\u0131klar\u0131n a\u00e7\u0131kta yak\u0131lmas\u0131n\u0131n, bula\u015f\u0131c\u0131 hastal\u0131klar\u0131n yay\u0131lmas\u0131 y\u00f6n\u00fcnden ciddi tehlike olu\u015fturdu\u011fu ve \u00e7evre \u00fczerinde telafisi g\u00fc\u00e7 sonu\u00e7lar do\u011furaca\u011f\u0131 rapor edildi. Hastanenin ge\u00e7mi\u015f y\u0131llarda da benzer \u015fekilde t\u0131bbi at\u0131k yakt\u0131\u011f\u0131 ve \u0130l M\u00fcd\u00fcrl\u00fc\u011f\u00fc taraf\u0131ndan daha \u00f6nce de cezaland\u0131r\u0131ld\u0131\u011f\u0131 ortaya \u00e7\u0131kt\u0131. S\u00f6z konusu \u00f6zel hastaneye, \u00c7evre Kanunu&#8217;nun 20&#8217;nci maddesi uygulanarak, 47 milyon 206 bin 354 TL idari para cezas\u0131 uyguland\u0131.<\/p>\n\n\n\n<figure class=\"wp-block-image\"><img decoding=\"async\" src=\"https:\/\/foto.sondakika.com\/haber\/2026\/05\/23\/elazig-da-atiklarini-mevzuata-aykiri-yakan-sa-3-19874821_o.jpg\" alt=\"Hastane de bunu yaparsa! 47 milyon ceza kesildi\"\/><\/figure>\n\n\n\n<figure class=\"wp-block-image\"><img decoding=\"async\" src=\"https:\/\/foto.sondakika.com\/haber\/2026\/05\/23\/elazig-da-atiklarini-mevzuata-aykiri-yakan-sa-19874821_o.jpg\" alt=\"Hastane de bunu yaparsa! 47 milyon ceza kesildi\"\/><\/figure>\n","protected":false},"excerpt":{"rendered":"<p>Elaz\u0131\u011f&#8217;da t\u0131bbi at\u0131klar\u0131 mevzuata ayk\u0131r\u0131 \u015fekilde ta\u015f\u0131y\u0131p kendi m\u00fclk\u00fcnde a\u00e7\u0131kta yakan \u00f6zel sa\u011fl\u0131k kurulu\u015funa, 47<\/p>\n","protected":false},"author":1,"featured_media":2122,"comment_status":"open","ping_status":"open","sticky":false,"template":"","format":"standard","meta":{"_rtcl_gb_attr":"","footnotes":""},"categories":[1],"tags":[],"class_list":["post-2121","post","type-post","status-publish","format-standard","has-post-thumbnail","hentry","category-http-turkiyemhaber-com-wp-content-uploads-2026-03-saray-59-haber-13-mart-pdf"],"_links":{"self":[{"href":"https:\/\/turkiyemhaber.com\/index.php?rest_route=\/wp\/v2\/posts\/2121","targetHints":{"allow":["GET"]}}],"collection":[{"href":"https:\/\/turkiyemhaber.com\/index.php?rest_route=\/wp\/v2\/posts"}],"about":[{"href":"https:\/\/turkiyemhaber.com\/index.php?rest_route=\/wp\/v2\/types\/post"}],"author":[{"embeddable":true,"href":"https:\/\/turkiyemhaber.com\/index.php?rest_route=\/wp\/v2\/users\/1"}],"replies":[{"embeddable":true,"href":"https:\/\/turkiyemhaber.com\/index.php?rest_route=%2Fwp%2Fv2%2Fcomments&post=2121"}],"version-history":[{"count":1,"href":"https:\/\/turkiyemhaber.com\/index.php?rest_route=\/wp\/v2\/posts\/2121\/revisions"}],"predecessor-version":[{"id":2123,"href":"https:\/\/turkiyemhaber.com\/index.php?rest_route=\/wp\/v2\/posts\/2121\/revisions\/2123"}],"wp:featuredmedia":[{"embeddable":true,"href":"https:\/\/turkiyemhaber.com\/index.php?rest_route=\/wp\/v2\/media\/2122"}],"wp:attachment":[{"href":"https:\/\/turkiyemhaber.com\/index.php?rest_route=%2Fwp%2Fv2%2Fmedia&parent=2121"}],"wp:term":[{"taxonomy":"category","embeddable":true,"href":"https:\/\/turkiyemhaber.com\/index.php?rest_route=%2Fwp%2Fv2%2Fcategories&post=2121"},{"taxonomy":"post_tag","embeddable":true,"href":"https:\/\/turkiyemhaber.com\/index.php?rest_route=%2Fwp%2Fv2%2Ftags&post=2121"}],"curies":[{"name":"wp","href":"https:\/\/api.w.org\/{rel}","templated":true}]}}